{"id":1005821,"date":"2026-06-17T10:28:14","date_gmt":"2026-06-17T10:28:14","guid":{"rendered":"https:\/\/www.europesays.com\/fr\/1005821\/"},"modified":"2026-06-17T10:28:14","modified_gmt":"2026-06-17T10:28:14","slug":"nouveau-classement-fifa-une-place-gagnee-pour-la-france-lallemagne-sur-le-podium","status":"publish","type":"post","link":"https:\/\/www.europesays.com\/fr\/1005821\/","title":{"rendered":"Nouveau classement Fifa : une place gagn\u00e9e pour la France, l&rsquo;Allemagne sur le podium"},"content":{"rendered":"<p>Le nouveau classement Fifa a \u00e9t\u00e9 d\u00e9voil\u00e9 ce 17 juin. L\u2019\u00e9quipe de France a la bonne surprise de gagner une position en d\u00e9passant le Br\u00e9sil.<\/p>\n<p>La logique des classements, parfois ! Les Br\u00e9siliennes ont beau avoir battu les <a href=\"https:\/\/footeuses.com\/tag\/etats-unis\/\" type=\"post_tag\" id=\"401\" rel=\"nofollow noopener\" target=\"_blank\">\u00c9tats-Unis<\/a>, leur d\u00e9faite face au m\u00eame adversaire le 10 juin les voit perdre une position au classement mondial. Au profit de la France, qui s\u2019empare de la 6e place apr\u00e8s ses deux courtes victoires contre la Pologne et l\u2019Irlande, synonymes de qualification directe pour la coupe du monde 2027\u2026 au Br\u00e9sil.<\/p>\n<p>Autre changement en haut du tableau : l\u2019Allemagne d\u00e9passe l\u2019Angleterre, qui a subi une rouste le 5 juin contre l\u2019Espagne, pour grimper sur le podium. Autre \u00e9quipe europ\u00e9enne membre du top 10, la Su\u00e8de n\u2019a gagn\u00e9 qu\u2019un match sur ses cinq derniers et marque le pas, m\u00eame si elle conserve la 8e place. Le Canada s\u2019en rapproche.<\/p>\n<p class=\"has-text-align-right\">Photo \u00a9Mathilde Durney\/Footeuses<\/p>\n","protected":false},"excerpt":{"rendered":"Le nouveau classement Fifa a \u00e9t\u00e9 d\u00e9voil\u00e9 ce 17 juin. L\u2019\u00e9quipe de France a la bonne surprise de&hellip;\n","protected":false},"author":2,"featured_media":1005822,"comment_status":"","ping_status":"","sticky":false,"template":"","format":"standard","meta":{"footnotes":"","_share_on_mastodon":"0"},"categories":[1587],"tags":[11,672,1804,1805,1803,1777,674,1801,12,1802],"class_list":["post-1005821","post","type-post","status-publish","format-standard","has-post-thumbnail","category-allemagne","tag-actualites","tag-allemagne","tag-bundesrepublik-deutschland","tag-de","tag-deutschland","tag-eu","tag-europe","tag-germany","tag-news","tag-republique-federale-dallemagne"],"share_on_mastodon":{"url":"https:\/\/pubeurope.com\/@fr\/116764980395496984","error":""},"_links":{"self":[{"href":"https:\/\/www.europesays.com\/fr\/wp-json\/wp\/v2\/posts\/1005821","targetHints":{"allow":["GET"]}}],"collection":[{"href":"https:\/\/www.europesays.com\/fr\/wp-json\/wp\/v2\/posts"}],"about":[{"href":"https:\/\/www.europesays.com\/fr\/wp-json\/wp\/v2\/types\/post"}],"author":[{"embeddable":true,"href":"https:\/\/www.europesays.com\/fr\/wp-json\/wp\/v2\/users\/2"}],"replies":[{"embeddable":true,"href":"https:\/\/www.europesays.com\/fr\/wp-json\/wp\/v2\/comments?post=1005821"}],"version-history":[{"count":0,"href":"https:\/\/www.europesays.com\/fr\/wp-json\/wp\/v2\/posts\/1005821\/revisions"}],"wp:featuredmedia":[{"embeddable":true,"href":"https:\/\/www.europesays.com\/fr\/wp-json\/wp\/v2\/media\/1005822"}],"wp:attachment":[{"href":"https:\/\/www.europesays.com\/fr\/wp-json\/wp\/v2\/media?parent=1005821"}],"wp:term":[{"taxonomy":"category","embeddable":true,"href":"https:\/\/www.europesays.com\/fr\/wp-json\/wp\/v2\/categories?post=1005821"},{"taxonomy":"post_tag","embeddable":true,"href":"https:\/\/www.europesays.com\/fr\/wp-json\/wp\/v2\/tags?post=1005821"}],"curies":[{"name":"wp","href":"https:\/\/api.w.org\/{rel}","templated":true}]}}