{"id":100595,"date":"2025-05-15T00:01:12","date_gmt":"2025-05-15T00:01:12","guid":{"rendered":"https:\/\/www.europesays.com\/fr\/100595\/"},"modified":"2025-05-15T00:01:12","modified_gmt":"2025-05-15T00:01:12","slug":"voici-quand-les-deux-magasins-de-nancy-vont-fermer","status":"publish","type":"post","link":"https:\/\/www.europesays.com\/fr\/100595\/","title":{"rendered":"voici quand les deux magasins de Nancy\u00a0vont\u00a0fermer"},"content":{"rendered":"<p>            Par<br \/>\n        <strong><br \/>\n            <a href=\"https:\/\/actu.fr\/auteur\/pierre-emile-bouchy-actu-fr\" title=\"Consulter tous les articles de Paul-Emile Bouchy\" target=\"_blank\" rel=\"noopener\">Paul-Emile Bouchy<\/a><br \/>\n        <\/strong><\/p>\n<p>        Publi\u00e9 le<\/p>\n<p>            14 mai 2025 \u00e0 16h11        <\/p>\n<p>Apr\u00e8s notamment <a href=\"https:\/\/actu.fr\/hauts-de-france\/roubaix_59512\/en-redressement-judiciaire-camaieu-joue-sa-survie-devant-le-tribunal-de-commerce-de-lille-ce-mercredi_54111711.html\" target=\"_blank\" rel=\"noopener\">Cama\u00efeu<\/a>, <strong>une nouvelle marque de pr\u00eat-\u00e0-porter<\/strong> a annonc\u00e9 mercredi 30\u00a0avril 2025 sa demande de <strong>mise en liquidation judiciaire<\/strong>\u2009: <a href=\"https:\/\/actu.fr\/economie\/jennyfer-bientot-liquidee-voici-la-liste-des-quelque-200-magasins-qui-devraient-fermer-en-france_62580416.html\" target=\"_blank\" rel=\"noopener\">Jennyfer<\/a>.<\/p>\n<p class=\" wall-content\">La disparition de l\u2019enseigne, qui compte 999 employ\u00e9s, va entra\u00eener <strong>la fermeture de 191 magasins en France<\/strong>, dont ceux du <a href=\"https:\/\/actu.fr\/tag\/centre-commercial-saint-sebastien\" target=\"_blank\" rel=\"noopener\">centre commercial Saint-S\u00e9bastien \u00e0 Nancy<\/a> et du <strong>Carrefour Houdemont<\/strong>.<\/p>\n<p>Les deux magasins Jennyfer ferm\u00e9s fin mai<\/p>\n<p class=\" wall-content\">Comme partout en France, les deux boutiques nanc\u00e9iennes de Jennyfer fermeront le soir du <strong>mercredi 28\u00a0mai<\/strong>.<\/p>\n<p class=\" wall-content\">Des articles sont d\u00e9j\u00e0 <strong>en r\u00e9duction, jusqu\u2019\u00e0 -70\u2009%<\/strong>. D\u2019ici \u00e0 quelques jours, des remises devraient \u00eatre effectu\u00e9es sur les v\u00eatements de la nouvelle collection.<\/p>\n<p class=\" wall-content\">En revanche, il vaut mieux \u00eatre certain de choisir la bonne taille, car les boutiques n\u2019effectuent plus de remboursement.<\/p>\n<p>Vid\u00e9os : en ce moment sur Actu<\/p>\n<p class=\" wall-content\">Suivez toute l\u2019actualit\u00e9 de vos villes et m\u00e9dias favoris en vous inscrivant \u00e0 <a href=\"https:\/\/moncompte.actu.fr\" title=\"D\u00e9couvez Mon Actu\" rel=\"nofollow noopener\" data-trk=\"{&quot;cta&quot;:{&quot;action&quot;:&quot;https:\\\/\\\/moncompte.actu.fr&quot;,&quot;category&quot;:&quot;mon compte&quot;,&quot;from&quot;:&quot;article footer&quot;,&quot;name&quot;:&quot;Mon actu&quot;,&quot;type&quot;:&quot;cta&quot;}}\" target=\"_blank\">Mon Actu<\/a>.<\/p>\n<ul class=\"ac-article-tag wall-content\">\n<li><a href=\"https:\/\/actu.fr\/tag\/centre-commercial-saint-sebastien\" data-trk=\"{&quot;cta&quot;:{&quot;action&quot;:&quot;Centre commercial Saint-S\\u00e9bastien&quot;,&quot;category&quot;:&quot;tag&quot;,&quot;from&quot;:&quot;article footer&quot;,&quot;name&quot;:&quot;Centre commercial Saint-S\\u00e9bastien&quot;,&quot;type&quot;:&quot;cta&quot;}}\" target=\"_blank\" rel=\"noopener\">#Centre commercial Saint-S\u00e9bastien<\/a><\/li>\n<li><a href=\"https:\/\/actu.fr\/tag\/commerce\" data-trk=\"{&quot;cta&quot;:{&quot;action&quot;:&quot;Commerce&quot;,&quot;category&quot;:&quot;tag&quot;,&quot;from&quot;:&quot;article footer&quot;,&quot;name&quot;:&quot;Commerce&quot;,&quot;type&quot;:&quot;cta&quot;}}\" target=\"_blank\" rel=\"noopener\">#Commerce<\/a><\/li>\n<\/ul>\n","protected":false},"excerpt":{"rendered":"Par Paul-Emile Bouchy Publi\u00e9 le 14 mai 2025 \u00e0 16h11 Apr\u00e8s notamment Cama\u00efeu, une nouvelle marque de pr\u00eat-\u00e0-porter&hellip;\n","protected":false},"author":2,"featured_media":100596,"comment_status":"","ping_status":"","sticky":false,"template":"","format":"standard","meta":{"footnotes":""},"categories":[9635],"tags":[1111,11,18940,215,33,1777,674,1011,27,775,1702,12,25],"class_list":{"0":"post-100595","1":"post","2":"type-post","3":"status-publish","4":"format-standard","5":"has-post-thumbnail","7":"category-nancy","8":"tag-actu","9":"tag-actualites","10":"tag-centre-commercial-saint-sebastien","11":"tag-commerce","12":"tag-economie","13":"tag-eu","14":"tag-europe","15":"tag-fr","16":"tag-france","17":"tag-grand-est","18":"tag-nancy","19":"tag-news","20":"tag-republique-francaise"},"share_on_mastodon":{"url":"https:\/\/pubeurope.com\/@fr\/114508915380441276","error":""},"_links":{"self":[{"href":"https:\/\/www.europesays.com\/fr\/wp-json\/wp\/v2\/posts\/100595","targetHints":{"allow":["GET"]}}],"collection":[{"href":"https:\/\/www.europesays.com\/fr\/wp-json\/wp\/v2\/posts"}],"about":[{"href":"https:\/\/www.europesays.com\/fr\/wp-json\/wp\/v2\/types\/post"}],"author":[{"embeddable":true,"href":"https:\/\/www.europesays.com\/fr\/wp-json\/wp\/v2\/users\/2"}],"replies":[{"embeddable":true,"href":"https:\/\/www.europesays.com\/fr\/wp-json\/wp\/v2\/comments?post=100595"}],"version-history":[{"count":0,"href":"https:\/\/www.europesays.com\/fr\/wp-json\/wp\/v2\/posts\/100595\/revisions"}],"wp:featuredmedia":[{"embeddable":true,"href":"https:\/\/www.europesays.com\/fr\/wp-json\/wp\/v2\/media\/100596"}],"wp:attachment":[{"href":"https:\/\/www.europesays.com\/fr\/wp-json\/wp\/v2\/media?parent=100595"}],"wp:term":[{"taxonomy":"category","embeddable":true,"href":"https:\/\/www.europesays.com\/fr\/wp-json\/wp\/v2\/categories?post=100595"},{"taxonomy":"post_tag","embeddable":true,"href":"https:\/\/www.europesays.com\/fr\/wp-json\/wp\/v2\/tags?post=100595"}],"curies":[{"name":"wp","href":"https:\/\/api.w.org\/{rel}","templated":true}]}}