{"id":100599,"date":"2025-05-15T00:03:10","date_gmt":"2025-05-15T00:03:10","guid":{"rendered":"https:\/\/www.europesays.com\/fr\/100599\/"},"modified":"2025-05-15T00:03:10","modified_gmt":"2025-05-15T00:03:10","slug":"journee-de-sensibilisation-a-la-nature-samedi-17-mai-a-la-garde","status":"publish","type":"post","link":"https:\/\/www.europesays.com\/fr\/100599\/","title":{"rendered":"Journ\u00e9e de sensibilisation \u00e0 la nature samedi 17 mai \u00e0 La Garde"},"content":{"rendered":"<p>Ce samedi 17 mai, la commune vous invite \u00e0 une journ\u00e9e riche en d\u00e9couvertes naturalistes et \u00e9cologiques, \u00ab\u00a0le grand rendez-vous du parc national \u00e0 La Garde\u00a0\u00bb, avec des activit\u00e9s gratuites et vari\u00e9es pour tous les \u00e2ges et un pique-nique convivial!<\/p>\n<p>\u00c0 partir de 9h30 au Thouars, une balade naturaliste anim\u00e9e par l\u2019\u00e9quipe des Chercheurs en herbe permettra aux participants de partir \u00e0 la d\u00e9couverte de la biodiversit\u00e9 locale.<\/p>\n<p>Puis, de 11h \u00e0 16h, plusieurs activit\u00e9s seront propos\u00e9es. Un escape game (les explorateurs de la M\u00e9diterran\u00e9e), jeu \u00e9ducatif immersif sur les enjeux environnementaux de la M\u00e9diterran\u00e9e et du Parc national de Port-Cros (PNPC).<\/p>\n<p>La d\u00e9couverte de la posidonie avec un jeu de l\u2019oie g\u00e9ant o\u00f9 les participants exploreront les diff\u00e9rentes \u00e9tapes du cycle de vie de cette plante sous-marine essentielle.<\/p>\n<p><strong>Projection du film Dauphins, regards d\u2019humains<\/strong><\/p>\n<p>Les \u00e9coguides du PNPC seront \u00e9galement pr\u00e9sents pour guider les participants et encourager des pratiques \u00e9co-citoyennes.<\/p>\n<p>\u00c0 17h30, \u00e0 la m\u00e9diath\u00e8que, une animation sur la tortue caouanne par les \u00e9coguides, et \u00e0 18h30 la projection et un d\u00e9bat autour du film Dauphins, regards d\u2019humains.<\/p>\n<p>\u00ab\u00a0L\u2019id\u00e9e est n\u00e9e lorsque j\u2019ai assist\u00e9, lors d\u2019un conseil d\u2019administration du PNPC dont je suis membre, \u00e0 la projection de ce film qui a retenu toute mon attention\u00a0\u00bb, explique Mme Morillion, conseill\u00e8re municipale et initiatrice de l\u2019\u00e9v\u00e9nement.<\/p>\n<p>\u00ab\u00a0J\u2019ai donc soumis aux responsables du parc national de diffuser le film \u00e0 La Garde, commune adh\u00e9rente du PNPC. Ceci, dans l\u2019int\u00e9r\u00eat d\u2019une d\u00e9marche instructive, p\u00e9dagogique et culturelle, aupr\u00e8s des Gard\u00e9ens. Nous avons ainsi d\u00e9cid\u00e9 de mettre en place cette premi\u00e8re journ\u00e9e innovante, lors d\u2019un atelier de travail: un pique-nique dans la for\u00eat du Thouars, agr\u00e9ment\u00e9 d\u2019animations vari\u00e9es et une occasion \u00e9galement de d\u00e9couvrir le chemin des paysages inaugur\u00e9 le 5 avril dernier. Et, en fin de journ\u00e9e, la projection du documentaire.\u00a0\u00bb<\/p>\n<p>Infos: Maison du tourisme, t\u00e9l.: 04.94.08.99.78.<\/p>\n","protected":false},"excerpt":{"rendered":"Ce samedi 17 mai, la commune vous invite \u00e0 une journ\u00e9e riche en d\u00e9couvertes naturalistes et \u00e9cologiques, \u00ab\u00a0le&hellip;\n","protected":false},"author":2,"featured_media":100600,"comment_status":"","ping_status":"","sticky":false,"template":"","format":"standard","meta":{"footnotes":""},"categories":[9619],"tags":[1111,11,436,1777,674,1011,27,12,882,25,2310],"class_list":{"0":"post-100599","1":"post","2":"type-post","3":"status-publish","4":"format-standard","5":"has-post-thumbnail","7":"category-toulon","8":"tag-actu","9":"tag-actualites","10":"tag-environnement","11":"tag-eu","12":"tag-europe","13":"tag-fr","14":"tag-france","15":"tag-news","16":"tag-provence-alpes-cote-dazur","17":"tag-republique-francaise","18":"tag-toulon"},"share_on_mastodon":{"url":"https:\/\/pubeurope.com\/@fr\/114508923259121811","error":""},"_links":{"self":[{"href":"https:\/\/www.europesays.com\/fr\/wp-json\/wp\/v2\/posts\/100599","targetHints":{"allow":["GET"]}}],"collection":[{"href":"https:\/\/www.europesays.com\/fr\/wp-json\/wp\/v2\/posts"}],"about":[{"href":"https:\/\/www.europesays.com\/fr\/wp-json\/wp\/v2\/types\/post"}],"author":[{"embeddable":true,"href":"https:\/\/www.europesays.com\/fr\/wp-json\/wp\/v2\/users\/2"}],"replies":[{"embeddable":true,"href":"https:\/\/www.europesays.com\/fr\/wp-json\/wp\/v2\/comments?post=100599"}],"version-history":[{"count":0,"href":"https:\/\/www.europesays.com\/fr\/wp-json\/wp\/v2\/posts\/100599\/revisions"}],"wp:featuredmedia":[{"embeddable":true,"href":"https:\/\/www.europesays.com\/fr\/wp-json\/wp\/v2\/media\/100600"}],"wp:attachment":[{"href":"https:\/\/www.europesays.com\/fr\/wp-json\/wp\/v2\/media?parent=100599"}],"wp:term":[{"taxonomy":"category","embeddable":true,"href":"https:\/\/www.europesays.com\/fr\/wp-json\/wp\/v2\/categories?post=100599"},{"taxonomy":"post_tag","embeddable":true,"href":"https:\/\/www.europesays.com\/fr\/wp-json\/wp\/v2\/tags?post=100599"}],"curies":[{"name":"wp","href":"https:\/\/api.w.org\/{rel}","templated":true}]}}