{"id":1006043,"date":"2026-06-17T12:48:15","date_gmt":"2026-06-17T12:48:15","guid":{"rendered":"https:\/\/www.europesays.com\/fr\/1006043\/"},"modified":"2026-06-17T12:48:15","modified_gmt":"2026-06-17T12:48:15","slug":"nouvelle-collection-paris-x-new-era","status":"publish","type":"post","link":"https:\/\/www.europesays.com\/fr\/1006043\/","title":{"rendered":"Nouvelle collection Paris X\u00a0New Era"},"content":{"rendered":"<p class=\"wp-block-paragraph\"><strong>Alerte bonbon ! \u00c0 l\u2019occasion de nos 3e Finales de Betclic \u00c9<\/strong><strong>LITE cons<\/strong><strong>\u00e9cutives, le Paris Basketball vous d\u00e9voile sa nouvelle collection de casquettes en association avec New Era.\u00a0<\/strong><\/p>\n<p class=\"wp-block-paragraph\">Le futur du Paris Basketball s\u2019\u00e9crit en ce moment\u2026 Seule une marche nous s\u00e9pare dor\u00e9navant du back-to-back. Mais pour ce faire, il faudra venir \u00e0 bout de nos meilleurs ennemis : Monaco ! Une s\u00e9rie pour l\u2019histoire symbolis\u00e9e par une nouvelle collection in\u00e9dite.\u00a0<\/p>\n<p><img loading=\"lazy\" decoding=\"async\" width=\"1080\" height=\"1080\" src=\"https:\/\/www.europesays.com\/fr\/wp-content\/uploads\/2026\/06\/3-13.png\" alt=\"\" class=\"wp-image-61423 size-full lazyload\" style=\"--smush-placeholder-width: 1080px; --smush-placeholder-aspect-ratio: 1080\/1080;object-position:52% 32%\"  data-\/><\/p>\n<p><img loading=\"lazy\" decoding=\"async\" width=\"1981\" height=\"1114\" src=\"https:\/\/www.europesays.com\/fr\/wp-content\/uploads\/2026\/06\/Design-sans-titre-3-edited.png\" alt=\"\" class=\"wp-image-61453 size-full lazyload\"  data- style=\"--smush-placeholder-width: 1981px; --smush-placeholder-aspect-ratio: 1981\/1114;\"\/><\/p>\n<p class=\"wp-block-paragraph\">Ces casquettes Paris Basketball x New Era seront l\u2019embl\u00e8me de notre club durant cet \u00e9t\u00e9. \u00c0 travers la mise en exergue de ce \u00ab\u00a0P\u00a0\u00bb brod\u00e9, nous souhaitons avant tout remettre notre logo au centre du produit. Parfait pour les beaux jours, ce couvre-chef a d\u00e9j\u00e0 convaincu des figures du club comme Omar Sy ou encore Mister V, mais \u00e9galement d\u2019autres stars \u00e0 l\u2019image de Cyril Gane et Anyme.\u00a0<\/p>\n<p class=\"wp-block-paragraph\">Ne passez pas \u00e0 c\u00f4t\u00e9 de cette collection unique en son genre en vous rendant directement sur notre boutique en ligne via ce <a href=\"https:\/\/boutique.parisbasketball.com\/fr\/\" data-type=\"link\" data-id=\"https:\/\/boutique.parisbasketball.com\/fr\/\" rel=\"nofollow noopener\" target=\"_blank\">lien<\/a> !<\/p>\n<p>Paris Basketball X New Era<\/p>\n<blockquote class=\"instagram-media\" data-instgrm-captioned=\"\" data-instgrm-permalink=\"https:\/\/www.instagram.com\/reel\/DZp8cheMyIa\/?utm_source=ig_embed&amp;utm_campaign=loading\" data-instgrm-version=\"14\" style=\" background:#FFF; border:0; border-radius:3px; box-shadow:0 0 1px 0 rgba(0,0,0,0.5),0 1px 10px 0 rgba(0,0,0,0.15); margin: 1px; max-width:540px; min-width:326px; padding:0; width:99.375%; width:-webkit-calc(100% - 2px); width:calc(100% - 2px);\"\/>\n<p>\t\t<script async src=\"\/\/www.instagram.com\/embed.js\"><\/script><\/p>\n","protected":false},"excerpt":{"rendered":"Alerte bonbon ! \u00c0 l\u2019occasion de nos 3e Finales de Betclic \u00c9LITE cons\u00e9cutives, le Paris Basketball vous d\u00e9voile&hellip;\n","protected":false},"author":2,"featured_media":1006044,"comment_status":"","ping_status":"","sticky":false,"template":"","format":"standard","meta":{"footnotes":"","_share_on_mastodon":"0"},"categories":[1888],"tags":[1111,1928,11,1927,1777,674,1011,27,12,1926,626,1925,25],"class_list":["post-1006043","post","type-post","status-publish","format-standard","has-post-thumbnail","category-paris","tag-actu","tag-actu-paris","tag-actualites","tag-actualites-paris","tag-eu","tag-europe","tag-fr","tag-france","tag-news","tag-news-paris","tag-paris","tag-paris-news","tag-republique-francaise"],"share_on_mastodon":{"url":"https:\/\/pubeurope.com\/@fr\/116765531171515087","error":""},"_links":{"self":[{"href":"https:\/\/www.europesays.com\/fr\/wp-json\/wp\/v2\/posts\/1006043","targetHints":{"allow":["GET"]}}],"collection":[{"href":"https:\/\/www.europesays.com\/fr\/wp-json\/wp\/v2\/posts"}],"about":[{"href":"https:\/\/www.europesays.com\/fr\/wp-json\/wp\/v2\/types\/post"}],"author":[{"embeddable":true,"href":"https:\/\/www.europesays.com\/fr\/wp-json\/wp\/v2\/users\/2"}],"replies":[{"embeddable":true,"href":"https:\/\/www.europesays.com\/fr\/wp-json\/wp\/v2\/comments?post=1006043"}],"version-history":[{"count":0,"href":"https:\/\/www.europesays.com\/fr\/wp-json\/wp\/v2\/posts\/1006043\/revisions"}],"wp:featuredmedia":[{"embeddable":true,"href":"https:\/\/www.europesays.com\/fr\/wp-json\/wp\/v2\/media\/1006044"}],"wp:attachment":[{"href":"https:\/\/www.europesays.com\/fr\/wp-json\/wp\/v2\/media?parent=1006043"}],"wp:term":[{"taxonomy":"category","embeddable":true,"href":"https:\/\/www.europesays.com\/fr\/wp-json\/wp\/v2\/categories?post=1006043"},{"taxonomy":"post_tag","embeddable":true,"href":"https:\/\/www.europesays.com\/fr\/wp-json\/wp\/v2\/tags?post=1006043"}],"curies":[{"name":"wp","href":"https:\/\/api.w.org\/{rel}","templated":true}]}}