{"id":1006045,"date":"2026-06-17T12:49:18","date_gmt":"2026-06-17T12:49:18","guid":{"rendered":"https:\/\/www.europesays.com\/fr\/1006045\/"},"modified":"2026-06-17T12:49:18","modified_gmt":"2026-06-17T12:49:18","slug":"a-paris-ce-festival-de-films-erotiques-ose-montrer-le-desir-autrement","status":"publish","type":"post","link":"https:\/\/www.europesays.com\/fr\/1006045\/","title":{"rendered":"\u00c0 Paris, ce festival de films \u00e9rotiques ose montrer le d\u00e9sir autrement"},"content":{"rendered":"<p>Voir un film \u00e9rotique loin des clich\u00e9s ? C\u2019est au Festival du Film de Fesses que \u00e7a se passe. Cr\u00e9\u00e9 en 2014 par <strong>Maud Bambou<\/strong> et <strong>Anastasia Rachman<\/strong>, l\u2019\u00e9v\u00e9nement est n\u00e9 d\u2019une envie simple : montrer la sexualit\u00e9 autrement, avec libert\u00e9, nuance et cr\u00e9ativit\u00e9. Persuad\u00e9es que le d\u00e9sir peut \u00eatre dr\u00f4le, beau et intelligent, ses fondatrices ont imagin\u00e9 un festival d\u00e9di\u00e9 aux \u0153uvres qui renouvellent les repr\u00e9sentations du sexe \u00e0 l\u2019\u00e9cran. Une mani\u00e8re aussi d\u2019offrir une visibilit\u00e9 m\u00e9rit\u00e9e \u00e0 des films souvent cantonn\u00e9s aux circuits alternatifs, en leur donnant toute leur place sur grand \u00e9cran.<\/p>\n<p>Avec le retour des beaux jours et des temp\u00e9ratures caniculaires, le Festival du Film de Fesses reprend ses quartiers dans les salles obscures parisiennes. Cette ann\u00e9e, le rendez-vous investit le Majestic Bastille, le Reflet M\u00e9dicis, le Point \u00c9ph\u00e9m\u00e8re et le M\u00e9li\u00e8s \u00e0 Montreuil. Au programme : des classiques ravageurs, de nouvelles propositions aussi sensuelles qu\u2019audacieuses, plusieurs avant-premi\u00e8res en pr\u00e9sence des \u00e9quipes, ainsi que quelques surprises. De quoi explorer les multiples facettes de l\u2019imaginaire \u00e9rotique au fil de projections, de rencontres et d\u2019\u00e9changes passionnants.<\/p>\n<p>Une programmation all\u00e9chante<\/p>\n<p>Cette nouvelle \u00e9dition du festival s\u2019ouvre ce mercredi et explorera, jusqu\u2019\u00e0 la fin de la semaine, les liens entre d\u00e9sir, mythologie, religion et imaginaires queer \u00e0 travers une programmation vari\u00e9e m\u00ealant classiques du genre et d\u00e9couvertes contemporaines. Le coup d\u2019envoi sera donn\u00e9 ce soir \u00e0 20h au Majestic Bastille avec Fucktoys, d\u2019<strong>Annapurna Sriram<\/strong>, lors d\u2019une soir\u00e9e d\u2019ouverture anim\u00e9e par les \u00e9quipes du Femstival. Sortie en 2025, cette com\u00e9die trash tourn\u00e9e en pellicule nous entra\u00eene dans un univers fantasmatique inspir\u00e9 d\u2019une Am\u00e9rique marginale, d\u00e9catie et hors du temps. On y suit l\u2019odyss\u00e9e aussi absurde que touchante d\u2019une jeune travailleuse du sexe persuad\u00e9e d\u2019\u00eatre victime d\u2019une mal\u00e9diction. Pour s\u2019en d\u00e9faire, elle doit r\u00e9unir 1 000 dollars et sacrifier un agneau afin de consulter les voyants susceptibles de la lib\u00e9rer de ce mauvais sort. \u00c0 mi-chemin entre le conte de f\u00e9es d\u00e9jant\u00e9, la satire et le road movie initiatique, Fucktoys d\u00e9ploie un imaginaire kitsch et flamboyant qui pourra \u00e9voquer, par son \u00e9nergie singuli\u00e8re, <a href=\"https:\/\/www.vogue.fr\/article\/the-sweet-east-film-talia-ryder-jacob-elordi-film-critique\" target=\"_blank\" rel=\"nofollow noopener\">The Sweet East<\/a> ou encore <a href=\"https:\/\/www.vogue.fr\/article\/sean-baker-victoire-oscar-2025-anora-meilleur-film\" target=\"_blank\" rel=\"nofollow noopener\">Anora<\/a>.<\/p>\n<p><img decoding=\"async\" alt=\"Fucktoys dAnnapurna Sriram\" loading=\"lazy\" class=\"ResponsiveImageContainer-dkeESL cQPiWi responsive-image__image\"   src=\"https:\/\/www.europesays.com\/fr\/wp-content\/uploads\/2026\/06\/MCDFUCK_EC004.jpg\"\/><\/p>\n<p>\u00a9 Trashtown Pictures \/ Courtesy Everett Collection<\/p>\n","protected":false},"excerpt":{"rendered":"Voir un film \u00e9rotique loin des clich\u00e9s ? C\u2019est au Festival du Film de Fesses que \u00e7a se&hellip;\n","protected":false},"author":2,"featured_media":1006046,"comment_status":"","ping_status":"","sticky":false,"template":"","format":"standard","meta":{"footnotes":"","_share_on_mastodon":"0"},"categories":[1888],"tags":[1111,1928,11,1927,650,1777,674,1011,27,12,1926,626,1925,25],"class_list":["post-1006045","post","type-post","status-publish","format-standard","has-post-thumbnail","category-paris","tag-actu","tag-actu-paris","tag-actualites","tag-actualites-paris","tag-cinema","tag-eu","tag-europe","tag-fr","tag-france","tag-news","tag-news-paris","tag-paris","tag-paris-news","tag-republique-francaise"],"share_on_mastodon":{"url":"https:\/\/pubeurope.com\/@fr\/116765534954409816","error":""},"_links":{"self":[{"href":"https:\/\/www.europesays.com\/fr\/wp-json\/wp\/v2\/posts\/1006045","targetHints":{"allow":["GET"]}}],"collection":[{"href":"https:\/\/www.europesays.com\/fr\/wp-json\/wp\/v2\/posts"}],"about":[{"href":"https:\/\/www.europesays.com\/fr\/wp-json\/wp\/v2\/types\/post"}],"author":[{"embeddable":true,"href":"https:\/\/www.europesays.com\/fr\/wp-json\/wp\/v2\/users\/2"}],"replies":[{"embeddable":true,"href":"https:\/\/www.europesays.com\/fr\/wp-json\/wp\/v2\/comments?post=1006045"}],"version-history":[{"count":0,"href":"https:\/\/www.europesays.com\/fr\/wp-json\/wp\/v2\/posts\/1006045\/revisions"}],"wp:featuredmedia":[{"embeddable":true,"href":"https:\/\/www.europesays.com\/fr\/wp-json\/wp\/v2\/media\/1006046"}],"wp:attachment":[{"href":"https:\/\/www.europesays.com\/fr\/wp-json\/wp\/v2\/media?parent=1006045"}],"wp:term":[{"taxonomy":"category","embeddable":true,"href":"https:\/\/www.europesays.com\/fr\/wp-json\/wp\/v2\/categories?post=1006045"},{"taxonomy":"post_tag","embeddable":true,"href":"https:\/\/www.europesays.com\/fr\/wp-json\/wp\/v2\/tags?post=1006045"}],"curies":[{"name":"wp","href":"https:\/\/api.w.org\/{rel}","templated":true}]}}