{"id":100606,"date":"2025-05-15T00:10:06","date_gmt":"2025-05-15T00:10:06","guid":{"rendered":"https:\/\/www.europesays.com\/fr\/100606\/"},"modified":"2025-05-15T00:10:06","modified_gmt":"2025-05-15T00:10:06","slug":"metropole-de-grenoble-lenseigne-de-bubble-tea-gong-cha-sest-installee-a-grandplace","status":"publish","type":"post","link":"https:\/\/www.europesays.com\/fr\/100606\/","title":{"rendered":"M\u00e9tropole de Grenoble. L\u2019enseigne de bubble tea Gong Cha s\u2019est install\u00e9e \u00e0 Grand\u2019Place"},"content":{"rendered":"<p>C\u2019est la 11e boutique du leader mondial du bubble tea \u00e0 ouvrir en France. Et c\u2019est \u00e0 Grand\u2019Place que l\u2019enseigne Gong cha s\u2019est r\u00e9cemment install\u00e9e. Dans ce kiosque situ\u00e9 au sein du corner food, dans la r\u00e9cente extension du centre commercial, les clients pourront retrouver ces boissons \u00e0 la mode et il y aura de quoi faire\u00a0: selon la franchise, plus de 600 combinaisons sont possibles avec des th\u00e9s originaux et milk tea en version glac\u00e9e et chaude, fruit tea, smoothies, auxquels peut s\u2019ajouter un \u201ctopping\u201d\u00a0: bubbles, mousse de lait faite maison, gel\u00e9e \u00e0 la noix de coco,\u00a0etc. De l\u2019autre c\u00f4t\u00e9 du m\u00eame kiosque, les clients peuvent aussi d\u00e9guster les produits de Guapa, marque de jus frais press\u00e9s sur place.<\/p>\n<p>La marque ta\u00efwanaise Gong cha, qui signifie \u201cth\u00e9 offert \u00e0 l\u2019empereur\u201d, est tr\u00e8s populaire en Asie. Elle est pr\u00e9sente dans 27 pays, avec plus de 2\u00a0500 magasins, dont celui de Grand\u2019Place.<\/p>\n","protected":false},"excerpt":{"rendered":"C\u2019est la 11e boutique du leader mondial du bubble tea \u00e0 ouvrir en France. Et c\u2019est \u00e0 Grand\u2019Place&hellip;\n","protected":false},"author":2,"featured_media":100607,"comment_status":"","ping_status":"","sticky":false,"template":"","format":"standard","meta":{"footnotes":""},"categories":[9566],"tags":[1111,11,2430,4406,9852,9853,33,112,1777,674,1011,27,2731,108,12,25],"class_list":{"0":"post-100606","1":"post","2":"type-post","3":"status-publish","4":"format-standard","5":"has-post-thumbnail","7":"category-grenoble","8":"tag-actu","9":"tag-actualites","10":"tag-auvergne-rhone-alpes","11":"tag-commerce-et-services","12":"tag-echirolles","13":"tag-echirolles-bassin","14":"tag-economie","15":"tag-edition-grenoble-agglomeration","16":"tag-eu","17":"tag-europe","18":"tag-fr","19":"tag-france","20":"tag-grenoble","21":"tag-isere","22":"tag-news","23":"tag-republique-francaise"},"share_on_mastodon":{"url":"https:\/\/pubeurope.com\/@fr\/114508950668219295","error":""},"_links":{"self":[{"href":"https:\/\/www.europesays.com\/fr\/wp-json\/wp\/v2\/posts\/100606","targetHints":{"allow":["GET"]}}],"collection":[{"href":"https:\/\/www.europesays.com\/fr\/wp-json\/wp\/v2\/posts"}],"about":[{"href":"https:\/\/www.europesays.com\/fr\/wp-json\/wp\/v2\/types\/post"}],"author":[{"embeddable":true,"href":"https:\/\/www.europesays.com\/fr\/wp-json\/wp\/v2\/users\/2"}],"replies":[{"embeddable":true,"href":"https:\/\/www.europesays.com\/fr\/wp-json\/wp\/v2\/comments?post=100606"}],"version-history":[{"count":0,"href":"https:\/\/www.europesays.com\/fr\/wp-json\/wp\/v2\/posts\/100606\/revisions"}],"wp:featuredmedia":[{"embeddable":true,"href":"https:\/\/www.europesays.com\/fr\/wp-json\/wp\/v2\/media\/100607"}],"wp:attachment":[{"href":"https:\/\/www.europesays.com\/fr\/wp-json\/wp\/v2\/media?parent=100606"}],"wp:term":[{"taxonomy":"category","embeddable":true,"href":"https:\/\/www.europesays.com\/fr\/wp-json\/wp\/v2\/categories?post=100606"},{"taxonomy":"post_tag","embeddable":true,"href":"https:\/\/www.europesays.com\/fr\/wp-json\/wp\/v2\/tags?post=100606"}],"curies":[{"name":"wp","href":"https:\/\/api.w.org\/{rel}","templated":true}]}}