{"id":1006104,"date":"2026-06-17T13:26:16","date_gmt":"2026-06-17T13:26:16","guid":{"rendered":"https:\/\/www.europesays.com\/fr\/1006104\/"},"modified":"2026-06-17T13:26:16","modified_gmt":"2026-06-17T13:26:16","slug":"boudache-ol-a-coeur-de-marquer-contre-saint-etienne","status":"publish","type":"post","link":"https:\/\/www.europesays.com\/fr\/1006104\/","title":{"rendered":"Boudache (OL) : \u00ab\u00a0\u00c0 c\u0153ur de marquer contre Saint-\u00c9tienne\u00a0\u00bb"},"content":{"rendered":"<p>                            <img width=\"770\" height=\"433\" src=\"https:\/\/www.europesays.com\/fr\/wp-content\/uploads\/2026\/05\/4205c-770x433.jpg\" class=\"attachment-article size-article wp-post-image\" alt=\"Ka\u00efl Boudache, joueur offensif de l'OGC Nice\" decoding=\"async\" fetchpriority=\"high\"  \/><\/p>\n<p>Ka\u00efl Boudache, joueur offensif de l\u2019OGC Nice (AFP)<\/p>\n<p>Il y a encore six mois, Ka\u00efl <strong>Boudache<\/strong> n\u2019imaginait pas se retrouver dans cette situation. Apr\u00e8s avoir gravi les \u00e9chelons gr\u00e2ce \u00e0 son travail et sa d\u00e9termination, le jeune ailier a convaincu l\u2019<strong>OL<\/strong> de miser sur lui. <\/p>\n<p class=\"wp-block-paragraph\">Une progression rapide pour un joueur qui se d\u00e9crit pourtant comme quelqu\u2019un de discret en dehors du terrain. \u00ab\u00a0Je suis quelqu\u2019un de tr\u00e8s timide, mais dans le jeu, je suis assez feu-folet\u00a0\u00bb, confie le jeune gaucher. Un profil qui se retrouve dans son style : un ailier plac\u00e9 majoritairement sur le c\u00f4t\u00e9 droit, capable de provoquer son adversaire, de multiplier les courses et d\u2019apporter de la percussion dans les derniers m\u00e8tres.<\/p>\n<p>Un d\u00e9part remarqu\u00e9 de l\u2019OGC Nice<\/p>\n<p class=\"wp-block-paragraph\">Avant de rejoindre l\u2019<strong>OL<\/strong>, Ka\u00efl <strong>Boudache<\/strong> a marqu\u00e9 les esprits lors de son dernier match sous les couleurs de l\u2019<strong>OGC Nice<\/strong>. Face \u00e0 l&rsquo;<strong>AS Saint-\u00c9tienne<\/strong>, le jeune offensif a trouv\u00e9 le chemin des filets dans une rencontre symbolique pour lui. \u00ab\u00a0On a fait ce qu\u2019il y avait \u00e0 faire. Ce but repr\u00e9sente beaucoup pour moi, c\u2019\u00e9tait mon dernier match avec <strong>Nice<\/strong>. Le club rival du club o\u00f9 j&rsquo;ai sign\u00e9, franchement, \u00e7a me tenait \u00e0 c\u0153ur de marquer contre eux\u00a0\u00bb, explique-t-il. Ce but est venu conclure une premi\u00e8re exp\u00e9rience prometteuse chez les professionnels. En 19 apparitions, Ka\u00efl <strong>Boudache<\/strong> a d\u00e9j\u00e0 inscrit trois buts, des statistiques encourageantes pour un joueur encore en plein d\u00e9veloppement.<\/p>\n<p>Un profil de percussion pour l\u2019avenir<\/p>\n<p class=\"wp-block-paragraph\">Gaucher \u00e9voluant principalement sur le c\u00f4t\u00e9 droit, Ka\u00efl <strong>Boudache<\/strong> poss\u00e8de un profil recherch\u00e9 dans le football moderne. Sa capacit\u00e9 \u00e0 r\u00e9p\u00e9ter les efforts, attaquer la profondeur et \u00e9liminer dans les petits espaces pourrait faire de lui une arme int\u00e9ressante pour l\u2019avenir de l\u2019<strong>OL<\/strong>. \u00c0 <strong>Lyon<\/strong>, le jeune ailier tentera d\u00e9sormais de poursuivre son ascension et de transformer son r\u00eave de supporter en r\u00e9ussite sous le maillot qu&rsquo;il admirait plus jeune.<\/p>\n","protected":false},"excerpt":{"rendered":"Ka\u00efl Boudache, joueur offensif de l\u2019OGC Nice (AFP) Il y a encore six mois, Ka\u00efl Boudache n\u2019imaginait pas&hellip;\n","protected":false},"author":2,"featured_media":968249,"comment_status":"","ping_status":"","sticky":false,"template":"","format":"standard","meta":{"footnotes":"","_share_on_mastodon":"0"},"categories":[9653],"tags":[1111,11,2430,1777,674,1011,27,2428,1434,12,241,978,25,4001],"class_list":["post-1006104","post","type-post","status-publish","format-standard","has-post-thumbnail","category-saint-etienne","tag-actu","tag-actualites","tag-auvergne-rhone-alpes","tag-eu","tag-europe","tag-fr","tag-france","tag-lyon","tag-mercato","tag-news","tag-ol","tag-olympique-lyonnais","tag-republique-francaise","tag-saint-etienne"],"share_on_mastodon":{"url":"https:\/\/pubeurope.com\/@fr\/116765681392077622","error":""},"_links":{"self":[{"href":"https:\/\/www.europesays.com\/fr\/wp-json\/wp\/v2\/posts\/1006104","targetHints":{"allow":["GET"]}}],"collection":[{"href":"https:\/\/www.europesays.com\/fr\/wp-json\/wp\/v2\/posts"}],"about":[{"href":"https:\/\/www.europesays.com\/fr\/wp-json\/wp\/v2\/types\/post"}],"author":[{"embeddable":true,"href":"https:\/\/www.europesays.com\/fr\/wp-json\/wp\/v2\/users\/2"}],"replies":[{"embeddable":true,"href":"https:\/\/www.europesays.com\/fr\/wp-json\/wp\/v2\/comments?post=1006104"}],"version-history":[{"count":0,"href":"https:\/\/www.europesays.com\/fr\/wp-json\/wp\/v2\/posts\/1006104\/revisions"}],"wp:featuredmedia":[{"embeddable":true,"href":"https:\/\/www.europesays.com\/fr\/wp-json\/wp\/v2\/media\/968249"}],"wp:attachment":[{"href":"https:\/\/www.europesays.com\/fr\/wp-json\/wp\/v2\/media?parent=1006104"}],"wp:term":[{"taxonomy":"category","embeddable":true,"href":"https:\/\/www.europesays.com\/fr\/wp-json\/wp\/v2\/categories?post=1006104"},{"taxonomy":"post_tag","embeddable":true,"href":"https:\/\/www.europesays.com\/fr\/wp-json\/wp\/v2\/tags?post=1006104"}],"curies":[{"name":"wp","href":"https:\/\/api.w.org\/{rel}","templated":true}]}}