{"id":1006159,"date":"2026-06-17T14:01:14","date_gmt":"2026-06-17T14:01:14","guid":{"rendered":"https:\/\/www.europesays.com\/fr\/1006159\/"},"modified":"2026-06-17T14:01:14","modified_gmt":"2026-06-17T14:01:14","slug":"fete-de-la-musique-a-paris-israel-a-lhonneur","status":"publish","type":"post","link":"https:\/\/www.europesays.com\/fr\/1006159\/","title":{"rendered":"F\u00eate De La Musique \u00c0 Paris : Isra\u00ebl \u00c0 L\u2019honneur"},"content":{"rendered":"<p class=\"\" data-is=\"component-paragraph\">\u00c0 l\u2019heure o\u00f9 le simple fait d\u2019\u00e9voquer Isra\u00ebl suscite parfois pol\u00e9miques et tensions en France, certains ont choisi de r\u00e9pondre par la culture. \u00c0 l\u2019occasion de la F\u00eate de la musique, l\u2019association The Truth organise un \u00e9v\u00e9nement in\u00e9dit \u00e0 Paris : une grande c\u00e9l\u00e9bration de la musique isra\u00e9lienne sur la place Victor-Hugo, dans le 16e arrondissement.<\/p>\n<p class=\"\" data-is=\"component-paragraph\">Invit\u00e9 sur i24NEWS, Alexandre Fran\u00e7ois, vice-pr\u00e9sident de l\u2019association, a pr\u00e9sent\u00e9 cette initiative comme un moment de rassemblement et de partage. \u00ab D\u00e8s qu\u2019on parle d\u2019Isra\u00ebl en France, c\u2019est un acte de r\u00e9sistance \u00bb, affirme-t-il. Un constat qui a pouss\u00e9 les organisateurs \u00e0 mettre \u00e0 l\u2019honneur une culture qu\u2019ils jugent trop souvent r\u00e9duite aux seuls enjeux politiques.<\/p>\n<p><img alt=\"F\u00eate de la Musique isra\u00e9lienne : The Truth vous donne rendez-vous le 21 juin place Victor Hugo\" class=\"Lazy_poster__hZbms\" data-is=\"lazy-image\" data-observed-item-id=\"https:\/\/i24israel.vod.immergo.tv\/i24israel\/api-uploaded\/WILDMOKA_65994709492.jpg\"\/>F\u00eate de la Musique isra\u00e9lienne : The Truth vous donne rendez-vous le 21 juin place Victor Hugo<\/p>\n<p class=\"\" data-is=\"component-paragraph\">Au programme : artistes isra\u00e9liens, chanteurs franco-isra\u00e9liens et DJ venus faire d\u00e9couvrir la richesse et la diversit\u00e9 de la sc\u00e8ne musicale isra\u00e9lienne. Parmi les invit\u00e9s figurent notamment Tal Vaknin, les interpr\u00e8tes de la com\u00e9die musicale Le Sel et le Miel, ainsi que plusieurs DJ populaires aupr\u00e8s du public isra\u00e9lien.<\/p>\n<p class=\"\" data-is=\"component-paragraph\">Pour Alexandre Fran\u00e7ois, la musique poss\u00e8de une force particuli\u00e8re : celle de r\u00e9unir au-del\u00e0 des diff\u00e9rences. Inspir\u00e9s par les images d\u2019Isra\u00e9liens continuant \u00e0 chanter et danser malgr\u00e9 les \u00e9preuves de la guerre, les organisateurs veulent transmettre un message de r\u00e9silience et d\u2019espoir.<\/p>\n<p class=\"\" data-is=\"component-paragraph\">L\u2019\u00e9v\u00e9nement, qui se d\u00e9roulera de 17h \u00e0 21h, b\u00e9n\u00e9ficiera d\u2019un important dispositif de s\u00e9curit\u00e9 mis en place en coordination avec les autorit\u00e9s fran\u00e7aises et le SPCJ. Une organisation d\u00e9sormais bien rod\u00e9e puisque cette f\u00eate est organis\u00e9e pour la troisi\u00e8me ann\u00e9e cons\u00e9cutive.<\/p>\n<p class=\"\" data-is=\"component-paragraph\">Au-del\u00e0 du concert, cette initiative se veut \u00e9galement un symbole : celui d\u2019une culture isra\u00e9lienne vivante, ouverte et festive, c\u00e9l\u00e9br\u00e9e au c\u0153ur de Paris. Une invitation \u00e0 la d\u00e9couverte, au dialogue et \u00e0 la musique, dans l\u2019esprit m\u00eame de la F\u00eate de la musique.<\/p>\n","protected":false},"excerpt":{"rendered":"\u00c0 l\u2019heure o\u00f9 le simple fait d\u2019\u00e9voquer Isra\u00ebl suscite parfois pol\u00e9miques et tensions en France, certains ont choisi&hellip;\n","protected":false},"author":2,"featured_media":1006160,"comment_status":"","ping_status":"","sticky":false,"template":"","format":"standard","meta":{"footnotes":"","_share_on_mastodon":"0"},"categories":[1888],"tags":[1111,1928,11,1927,1777,674,1011,27,12,1926,626,1925,25],"class_list":["post-1006159","post","type-post","status-publish","format-standard","has-post-thumbnail","category-paris","tag-actu","tag-actu-paris","tag-actualites","tag-actualites-paris","tag-eu","tag-europe","tag-fr","tag-france","tag-news","tag-news-paris","tag-paris","tag-paris-news","tag-republique-francaise"],"share_on_mastodon":{"url":"https:\/\/pubeurope.com\/@fr\/116765818049120442","error":""},"_links":{"self":[{"href":"https:\/\/www.europesays.com\/fr\/wp-json\/wp\/v2\/posts\/1006159","targetHints":{"allow":["GET"]}}],"collection":[{"href":"https:\/\/www.europesays.com\/fr\/wp-json\/wp\/v2\/posts"}],"about":[{"href":"https:\/\/www.europesays.com\/fr\/wp-json\/wp\/v2\/types\/post"}],"author":[{"embeddable":true,"href":"https:\/\/www.europesays.com\/fr\/wp-json\/wp\/v2\/users\/2"}],"replies":[{"embeddable":true,"href":"https:\/\/www.europesays.com\/fr\/wp-json\/wp\/v2\/comments?post=1006159"}],"version-history":[{"count":0,"href":"https:\/\/www.europesays.com\/fr\/wp-json\/wp\/v2\/posts\/1006159\/revisions"}],"wp:featuredmedia":[{"embeddable":true,"href":"https:\/\/www.europesays.com\/fr\/wp-json\/wp\/v2\/media\/1006160"}],"wp:attachment":[{"href":"https:\/\/www.europesays.com\/fr\/wp-json\/wp\/v2\/media?parent=1006159"}],"wp:term":[{"taxonomy":"category","embeddable":true,"href":"https:\/\/www.europesays.com\/fr\/wp-json\/wp\/v2\/categories?post=1006159"},{"taxonomy":"post_tag","embeddable":true,"href":"https:\/\/www.europesays.com\/fr\/wp-json\/wp\/v2\/tags?post=1006159"}],"curies":[{"name":"wp","href":"https:\/\/api.w.org\/{rel}","templated":true}]}}