{"id":1006161,"date":"2026-06-17T14:02:15","date_gmt":"2026-06-17T14:02:15","guid":{"rendered":"https:\/\/www.europesays.com\/fr\/1006161\/"},"modified":"2026-06-17T14:02:15","modified_gmt":"2026-06-17T14:02:15","slug":"paris-accueille-le-premier-salon-de-la-bd-erotique","status":"publish","type":"post","link":"https:\/\/www.europesays.com\/fr\/1006161\/","title":{"rendered":"Paris accueille le premier Salon de la BD \u00e9rotique"},"content":{"rendered":"<p>&#13;<br \/>\n&#13;<br \/>\n&#13;<br \/>\n&#13;<br \/>\n  &#13;<br \/>\n    &#13;<br \/>\n  &#13;<br \/>\n  &#13;<br \/>\n  &#13;<br \/>\n  &#13;<br \/>\n  &#13;<br \/>\n  &#13;<br \/>\n  &#13;<br \/>\n  &#13;<br \/>\n&#13;<br \/>\n  Paris accueille le premier Salon de la BD \u00e9rotique<\/p>\n<p>\t\t\t&#13;<br \/>\n      &#13;<br \/>\n    &#13;<br \/>\n&#13;<br \/>\n      &#13;<br \/>\n  &#13;<br \/>\n  &#13;<br \/>\n  &#13;<br \/>\n&#13;<br \/>\n  &#13;<br \/>\n  &#13;<br \/>\n&#13;<br \/>\n&#13;<br \/>\n  &#13;<br \/>\n  &#13;<br \/>\n  &#13;<br \/>\n&#13;<br \/>\n&#13;<br \/>\n        &#13;<br \/>\n            &#13;<br \/>\n      &#13;<br \/>\n&#13;<br \/>\n          &#13;<br \/>\n    &#13;<br \/>\n        &#13;<br \/>\n  &#13;<br \/>\n&#13;<br \/>\n    &#13;<br \/>\n  &#13;<br \/>\n  &#13;<br \/>\n  &#13;<br \/>\n&#13;<br \/>\n  &#13;<\/p>\n<p>&#13;<br \/>\n&#13;<br \/>\n&#13;<br \/>\n  &#13;<br \/>\n      &#13;<br \/>\n      &#13;<br \/>\n      &#13;<br \/>\n      &#13;<br \/>\n            &#13;<\/p>\n<ol class=\"breadcrumb\">\n<li class=\"breadcrumb-item\"><a href=\"https:\/\/www.pariszigzag.fr\" rel=\"nofollow noopener\" target=\"_blank\">Accueil<\/a><\/li>\n<li class=\"breadcrumb-item\"><a href=\"https:\/\/www.pariszigzag.fr\/paris-au-quotidien\/\" rel=\"nofollow noopener\" target=\"_blank\">Actus<\/a><\/li>\n<li class=\"breadcrumb-item\"><a href=\"https:\/\/www.pariszigzag.fr\/paris-au-quotidien\/actualites-paris\/\" rel=\"nofollow noopener\" target=\"_blank\">Actualit\u00e9s<\/a><\/li>\n<li class=\"breadcrumb-item active\" aria-current=\"page\">Paris devient capitale du d\u00e9sir dessin\u00e9 en accueillant le premier Salon de la BD \u00e9rotique en France<\/li>\n<\/ol>\n<p>    &#13;<\/p>\n<p>        &#13;<br \/>\n&#13;<\/p>\n","protected":false},"excerpt":{"rendered":"&#13; &#13; &#13; &#13; &#13; &#13; &#13; &#13; &#13; &#13; &#13; &#13; &#13; &#13; &#13; Paris accueille le&hellip;\n","protected":false},"author":2,"featured_media":1006162,"comment_status":"","ping_status":"","sticky":false,"template":"","format":"standard","meta":{"footnotes":"","_share_on_mastodon":"0"},"categories":[1888],"tags":[1111,1928,11,1927,1777,674,1011,27,12,1926,626,1925,25],"class_list":["post-1006161","post","type-post","status-publish","format-standard","has-post-thumbnail","category-paris","tag-actu","tag-actu-paris","tag-actualites","tag-actualites-paris","tag-eu","tag-europe","tag-fr","tag-france","tag-news","tag-news-paris","tag-paris","tag-paris-news","tag-republique-francaise"],"share_on_mastodon":{"url":"https:\/\/pubeurope.com\/@fr\/116765821964457368","error":""},"_links":{"self":[{"href":"https:\/\/www.europesays.com\/fr\/wp-json\/wp\/v2\/posts\/1006161","targetHints":{"allow":["GET"]}}],"collection":[{"href":"https:\/\/www.europesays.com\/fr\/wp-json\/wp\/v2\/posts"}],"about":[{"href":"https:\/\/www.europesays.com\/fr\/wp-json\/wp\/v2\/types\/post"}],"author":[{"embeddable":true,"href":"https:\/\/www.europesays.com\/fr\/wp-json\/wp\/v2\/users\/2"}],"replies":[{"embeddable":true,"href":"https:\/\/www.europesays.com\/fr\/wp-json\/wp\/v2\/comments?post=1006161"}],"version-history":[{"count":0,"href":"https:\/\/www.europesays.com\/fr\/wp-json\/wp\/v2\/posts\/1006161\/revisions"}],"wp:featuredmedia":[{"embeddable":true,"href":"https:\/\/www.europesays.com\/fr\/wp-json\/wp\/v2\/media\/1006162"}],"wp:attachment":[{"href":"https:\/\/www.europesays.com\/fr\/wp-json\/wp\/v2\/media?parent=1006161"}],"wp:term":[{"taxonomy":"category","embeddable":true,"href":"https:\/\/www.europesays.com\/fr\/wp-json\/wp\/v2\/categories?post=1006161"},{"taxonomy":"post_tag","embeddable":true,"href":"https:\/\/www.europesays.com\/fr\/wp-json\/wp\/v2\/tags?post=1006161"}],"curies":[{"name":"wp","href":"https:\/\/api.w.org\/{rel}","templated":true}]}}