{"id":100619,"date":"2025-05-15T00:17:17","date_gmt":"2025-05-15T00:17:17","guid":{"rendered":"https:\/\/www.europesays.com\/fr\/100619\/"},"modified":"2025-05-15T00:17:17","modified_gmt":"2025-05-15T00:17:17","slug":"cp-unitaire-appel-a-mobilisation-vannes-paris-nice-le-24-mai-2025-contre-la-pedocriminalite-pour-la-protection-des-enfants","status":"publish","type":"post","link":"https:\/\/www.europesays.com\/fr\/100619\/","title":{"rendered":"CP Unitaire &#8211; Appel \u00e0 mobilisation &#8211; Vannes, Paris, Nice le 24 mai 2025 : Contre la p\u00e9docriminalit\u00e9, pour la protection des enfants"},"content":{"rendered":"<p data-block-key=\"f16v1\"><b>Nous, associations, collectifs, organisations syndicales, militant\u00b7es f\u00e9ministes et enfantistes<\/b>, appelons \u00e0 une mobilisation \u00e0 <b>Vannes, \u00e0 Paris et \u00e0 Nice le 24 mai 2025 \u00e0 14h<\/b>, alors que se tient \u00e0 Vannes depuis le 24 f\u00e9vrier le proc\u00e8s Le Scouarnec, jug\u00e9 pour des faits p\u00e9docriminels sur 299 personnes.  <\/p>\n<p data-block-key=\"9em38\">Loin d\u2019\u00eatre un fait divers, cette affaire n\u2019est que <b>le reflet de la probl\u00e9matique syst\u00e9mique des violences sexuelles<\/b>, et en particulier celles faites aux enfants.<\/p>\n<p data-block-key=\"ab731\">Nos enfants peuvent \u00eatre victimes partout : <b>chez elle\u00b7ux, dans les foyers de l\u2019ASE, dans les \u00e9tablissements scolaires ou p\u00e9riscolaires<\/b> (sport, \u00e9coles, IME, centres de loisir, etc.), <b>dans les institutions religieuses et m\u00eame dans les \u00e9tablissements de soins<\/b>.<\/p>\n<p data-block-key=\"60sf2\">Partout, on devrait dire aux enfants qui parlent :<br \/>\ud83d\udc49 \u00ab Je te crois, je te prot\u00e8ge ! \u00bb et appliquer une <b>protection r\u00e9elle<\/b>.<\/p>\n<p data-block-key=\"hfm7\">D\u2019apr\u00e8s la <b>CIIVISE<\/b>, <b>160 000 enfants<\/b> subissent des violences sexuelles chaque ann\u00e9e en France soit un enfant toutes les trois minutes. Les <b>82 pr\u00e9conisations<\/b> de cette commission ind\u00e9pendante doivent \u00eatre <b>mises en application rapidement<\/b> pour prot\u00e9ger les enfants victimes de violences sexuelles.<\/p>\n<p data-block-key=\"bc00b\"><b>La prise de conscience doit \u00eatre collective.<\/b> Elle doit se faire au sein de nos foyers, de nos institutions et dans les instances politiques.<\/p>\n<p><b>\ud83d\udee1 Pr\u00e9vention<\/b><\/p>\n<p data-block-key=\"9l058\">L\u2019\u00c9tat se doit de garantir les <b>moyens humains et financiers<\/b> pour l\u2019application de la loi sur <b>l\u2019\u00c9ducation \u00e0 la Vie Affective, Relationnelle et Sexuelle (EVARS)<\/b> afin que chaque enfant puisse \u00eatre inform\u00e9\u00b7e sur ses droits et le respect de son corps.<\/p>\n<p data-block-key=\"blkn2\">\u00c0 ce jour, peu d\u2019\u00e9tablissements r\u00e9ussissent \u00e0 mettre en place les <b>trois s\u00e9ances annuelles<\/b> de la maternelle \u00e0 la terminale, impos\u00e9es par la loi.<\/p>\n<p><b>\ud83c\udf99 Protection de la parole<\/b><\/p>\n<p data-block-key=\"1cegf\"><b>Les enfants parlent, mais ne sont ni entendu\u00b7es, cru\u00b7es ou prot\u00e9g\u00e9\u00b7es. <\/b>Pourtant, <b>94 %<\/b> de ces r\u00e9v\u00e9lations sont av\u00e9r\u00e9es.<\/p>\n<p data-block-key=\"5sjj6\">Nous r\u00e9clamons une <b>formation syst\u00e9matique et obligatoire<\/b> des personnes travaillant dans les secteurs <b>m\u00e9dical, social, \u00e9ducatif, de sant\u00e9 et judiciaire<\/b> pour <b>d\u00e9tecter les violences faites aux enfants<\/b>, <b>accueillir leur leur parole et agir de mani\u00e8re appropri\u00e9e. <\/b>D&rsquo;apr\u00e8s la CIIVISE, 60% des professionnels ne r\u00e9agissent pas lorsqu\u2019un enfant leur parle des violences sexuelles dont il est victime. Rappelons que prot\u00e9ger les enfants n\u2019est pas une option, c\u2019est un devoir.<\/p>\n<p><b>\u2696\ufe0f Syst\u00e8me judiciaire et victimisation secondaire <\/b><\/p>\n<p data-block-key=\"aba05\">Il est imp\u00e9ratif de venir \u00e0 bout de la <b>victimisation secondaire<\/b> :<br \/>il n\u2019est plus concevable de rajouter de la violence judiciaire aux traumas des violences sexuelles. <b>Former les acteur\u00b7ices du syst\u00e8me de justice p\u00e9nal<\/b>, c\u2019est veiller au bien-\u00eatre des victimes et inviter celles qui ne l\u2019osent pas encore \u00e0 prendre la parole.<\/p>\n<p data-block-key=\"bt7hi\">La <b>France a d\u2019ailleurs \u00e9t\u00e9 condamn\u00e9e<\/b> pour victimisation secondaire par la <b>CEDH en avril 2025<\/b> concernant trois proc\u00e8s de personnes mineures.<\/p>\n<p data-block-key=\"4a2s8\">Face \u00e0 des cas de p\u00e9docriminalit\u00e9, <b>cessons de responsabiliser les enfants<\/b>, que ce soit par leurs actes ou leur silence.<br \/>\ud83d\udc49 Rappelons-le : les victimes ne sont jamais responsables de la violence subie.<\/p>\n<p><b>\ud83e\uddd1\u200d\u2695\ufe0f Soutien aux lanceur\u00b7ses d\u2019alerte<\/b><\/p>\n<p data-block-key=\"2jm66\">Les personnes d\u00e9non\u00e7ant des faits de violences sexuelles au sein <b>d\u2019\u00e9tablissements scolaires, m\u00e9dico-sociaux ou hospitaliers<\/b> doivent \u00eatre <b>entendues et prot\u00e9g\u00e9es<\/b>.<\/p>\n<p data-block-key=\"45jcg\">L\u2019affaire Le Scouarnec d\u00e9montre tristement que <b>des centaines de victimes auraient pu \u00eatre \u00e9vit\u00e9es<\/b> si la parole de son coll\u00e8gue m\u00e9decin, Thierry Bonvalot, avait \u00e9t\u00e9 prise en compte en 2005.<\/p>\n<p><b>\u260e\ufe0f Renforcement des dispositifs d\u2019alerte<\/b><\/p>\n<p data-block-key=\"cr5v9\">L\u2019\u00c9tat doit renforcer les moyens du <b>119<\/b> (num\u00e9ro d\u2019urgence pour l\u2019enfance en danger) ainsi que <b>de toutes les structures charg\u00e9es de recueillir, accompagner et prot\u00e9ger la parole des enfants<\/b>.<\/p>\n<p data-block-key=\"ipbn\">Actuellement, <b>ces services ne sont pas en capacit\u00e9 d\u2019aider ni de prot\u00e9ger les enfants comme il se doit<\/b>.<\/p>\n<p><b>\ud83d\udcdc Revendications l\u00e9gislatives<\/b><\/p>\n<p data-block-key=\"94d6v\">Nous demandons \u00e9galement que soit reconnue dans la loi :<\/p>\n<ul>\n<li data-block-key=\"9au48\">La s\u00e9rialit\u00e9 comme circonstance aggravante dans les cas de viols et d\u2019agressions sexuelles. Dans le cas du proc\u00e8s Le Scouarnec actuel, ce dernier ne pourra pas \u00eatre condamn\u00e9 \u00e0 20 ans ferme, la peine de s\u00fbret\u00e9 maximale n\u2019existant pas en France pour le viol.<\/li>\n<li data-block-key=\"ctgsp\"><b>la peine \u00e0 30 ans <\/b>pour les cas de p\u00e9docriminalit\u00e9 et de viol. <\/li>\n<li data-block-key=\"drkm9\">l\u2019<b>imprescriptibilit\u00e9<\/b> des faits de violences sexuelles sur les enfants, notamment parce que la personne victime ne choisit pas le moment o\u00f9 les souvenirs traumatiques remonteront \u00e0 la surface (parfois des dizaines d&rsquo;ann\u00e9es apr\u00e8s les faits) et sa temporalit\u00e9 n&rsquo;est pas forc\u00e9ment celle de la justice.<\/li>\n<\/ul>\n<p data-block-key=\"eahg\">Rappelons que <b>la lutte contre la p\u00e9docriminalit\u00e9 s\u2019inscrit dans la dynamique globale de lutte contre les violences sexuelles<\/b> et les <b>violences faites aux enfants<\/b>.<\/p>\n<p data-block-key=\"dcc8o\"><b>\ud83d\udccd Le 24 mai 2025 \u00e0 14h, mobilisons-nous !<\/b><\/p>\n<p data-block-key=\"8idd4\">Nous appelons <b>toutes les personnes soucieuses que cessent ces violences<\/b>, \u00e0 <b>se rassembler <\/b>afin d\u2019exiger <b>justice et protection des enfants<\/b>, aujourd&rsquo;hui et pour les g\u00e9n\u00e9rations futures.<\/p>\n<ul>\n<li data-block-key=\"9ackd\">\u00c0 Vannes, \u00e0 14h, Place des Lices<\/li>\n<\/ul>\n<p data-block-key=\"4ntac\">Rejoignez la Marche pour l\u2019Enfance et la Jeunesse (@mej_marche_enfance_jeunesse) : <\/p>\n<ul>\n<li data-block-key=\"fqr90\">\u00c0 Paris, \u00e0 14h,  Place de la R\u00e9publique <\/li>\n<li data-block-key=\"d2gmg\">\u00c0 Nice, \u00e0 14h, Place Mass\u00e9na<\/li>\n<li data-block-key=\"b3inv\">\u00c0 Metz le 28 mai, \u00e0 14h, Place de la R\u00e9publique<\/li>\n<\/ul>\n<p data-block-key=\"bu0kp\"><b>Contact presse :<\/b> action.proces.lescouarnec@gmail.com <\/p>\n<p><b>Organisations signataires : <\/b><\/p>\n<p data-block-key=\"14j7v\">Association nationale des \u00e9tudes f\u00e9ministes (ANEF), Attac 56, CGT Com\u00c9gaMix Vannes, Coalition F\u00e9ministe pour une Loi Int\u00e9grale, Collectif des victimes de Jo\u00ebl Le Scouarnec, (antenne du) collectif enfantiste Lille, Collectif Gr\u00e8ve Feministe, Collectif IVG TENON, Collectif National pour les Droits des Femmes, Collectif Ker Arc-En-Luttes, F\u00e9d\u00e9ration SUDPTT, Femmes avec\u2026 , La collective des m\u00e8res isol\u00e9es, Liberty Max, Mouv\u2019enfant, Nous toutes national, Nous toutes Vannes, On veut du soleil, Peps Ecofeminisme, Planning familial national, Planning familial 56, (association) Prot\u00e9ger l&rsquo;enfant, SMG (Syndicat m\u00e9decine g\u00e9n\u00e9rale), Solidaires 56, Stop aux Violences Obst\u00e9tricales et Gyn\u00e9cologiques France, Union Locale CGT Vannes, Union Syndicale D\u00e9partementale CGT Sant\u00e9 Action Sociale du Morbihan, Union Syndicale Solidaires. <\/p>\n","protected":false},"excerpt":{"rendered":"Nous, associations, collectifs, organisations syndicales, militant\u00b7es f\u00e9ministes et enfantistes, appelons \u00e0 une mobilisation \u00e0 Vannes, \u00e0 Paris et&hellip;\n","protected":false},"author":2,"featured_media":100620,"comment_status":"","ping_status":"","sticky":false,"template":"","format":"standard","meta":{"footnotes":""},"categories":[2819],"tags":[1111,11,10660,1777,674,1011,27,12768,12771,12,2401,882,25,12767,12770,11564,12766,12769],"class_list":{"0":"post-100619","1":"post","2":"type-post","3":"status-publish","4":"format-standard","5":"has-post-thumbnail","7":"category-nice","8":"tag-actu","9":"tag-actualites","10":"tag-egalite","11":"tag-eu","12":"tag-europe","13":"tag-fr","14":"tag-france","15":"tag-independance-syndicale","16":"tag-mouvements-sociaux","17":"tag-news","18":"tag-nice","19":"tag-provence-alpes-cote-dazur","20":"tag-republique-francaise","21":"tag-revendications","22":"tag-solidarite-internationale","23":"tag-syndicat","24":"tag-transformation-sociale","25":"tag-unite-syndicale"},"share_on_mastodon":{"url":"https:\/\/pubeurope.com\/@fr\/114508978238796704","error":""},"_links":{"self":[{"href":"https:\/\/www.europesays.com\/fr\/wp-json\/wp\/v2\/posts\/100619","targetHints":{"allow":["GET"]}}],"collection":[{"href":"https:\/\/www.europesays.com\/fr\/wp-json\/wp\/v2\/posts"}],"about":[{"href":"https:\/\/www.europesays.com\/fr\/wp-json\/wp\/v2\/types\/post"}],"author":[{"embeddable":true,"href":"https:\/\/www.europesays.com\/fr\/wp-json\/wp\/v2\/users\/2"}],"replies":[{"embeddable":true,"href":"https:\/\/www.europesays.com\/fr\/wp-json\/wp\/v2\/comments?post=100619"}],"version-history":[{"count":0,"href":"https:\/\/www.europesays.com\/fr\/wp-json\/wp\/v2\/posts\/100619\/revisions"}],"wp:featuredmedia":[{"embeddable":true,"href":"https:\/\/www.europesays.com\/fr\/wp-json\/wp\/v2\/media\/100620"}],"wp:attachment":[{"href":"https:\/\/www.europesays.com\/fr\/wp-json\/wp\/v2\/media?parent=100619"}],"wp:term":[{"taxonomy":"category","embeddable":true,"href":"https:\/\/www.europesays.com\/fr\/wp-json\/wp\/v2\/categories?post=100619"},{"taxonomy":"post_tag","embeddable":true,"href":"https:\/\/www.europesays.com\/fr\/wp-json\/wp\/v2\/tags?post=100619"}],"curies":[{"name":"wp","href":"https:\/\/api.w.org\/{rel}","templated":true}]}}