{"id":1006201,"date":"2026-06-17T14:30:16","date_gmt":"2026-06-17T14:30:16","guid":{"rendered":"https:\/\/www.europesays.com\/fr\/1006201\/"},"modified":"2026-06-17T14:30:16","modified_gmt":"2026-06-17T14:30:16","slug":"on-pensait-ca-impossible-inquietude-en-ecosse-apres-larrivee-dun-nouveau-virus-transmis-par-les-moustiques","status":"publish","type":"post","link":"https:\/\/www.europesays.com\/fr\/1006201\/","title":{"rendered":"\u00ab\u00a0On pensait \u00e7a impossible\u00a0\u00bb : inqui\u00e9tude en \u00c9cosse apr\u00e8s l&rsquo;arriv\u00e9e d&rsquo;un nouveau virus transmis par les moustiques"},"content":{"rendered":"<p>                    Par<br \/>\n        <strong><br \/>\n            <a href=\"https:\/\/actu.fr\/auteur\/redaction-actu\" title=\"Consulter tous les articles de R\u00e9daction Actu\" rel=\"nofollow noopener\" target=\"_blank\">R\u00e9daction Actu<\/a><br \/>\n                    <\/strong><\/p>\n<p>        Publi\u00e9 le<\/p>\n<p>            16 juin 2026 \u00e0 21h59        <\/p>\n<p>\u00c9quip\u00e9s de <strong>pi\u00e8ges \u00e0 moustiques<\/strong> et d\u2019\u00e9puisettes, les chercheurs de l\u2019universit\u00e9 de Glasgow ratissent la campagne \u00e9cossaise, \u00e0 la recherche d\u2019un minuscule insecte (4 \u00e0 10\u00a0mm) qui passe souvent inaper\u00e7u avec sa couleur brun-gris\u2009: Culex pipiens. Ce moustique est responsable de l\u2019arriv\u00e9e du <strong>virus Usutu<\/strong>, identifi\u00e9 pour la premi\u00e8re fois en avril, et qui jusqu\u2019ici circulait bien plus au sud de l\u2019Europe.<\/p>\n<p class=\" wall-content\">Les <a href=\"https:\/\/actu.fr\/sciences-technologie\" rel=\"nofollow noopener\" target=\"_blank\">scientifiques<\/a> ne pensaient en effet pas voir \u00e7a de leur vivant\u2009: <strong>un virus tropical <\/strong><strong style=\"font-size: 1.8rem;\">v\u00e9hicul\u00e9 par des moustiques<\/strong>\u00a0jusqu\u2019alors peu pr\u00e9sents dans ces contr\u00e9es o\u00f9 ils commencent \u00e0 prolif\u00e9rer en raison du\u00a0<a style=\"font-size: 1.8rem;\" href=\"https:\/\/actu.fr\/tag\/changement-climatique\" rel=\"nofollow noopener\" target=\"_blank\">changement climatique<\/a>. Si la vigilance est de mise, c\u2019est parce que <strong>Usutu <\/strong><strong>provoque des d\u00e9c\u00e8s massifs d\u2019oiseaux<\/strong>.<\/p>\n<p>Des oiseaux affaiblis, d\u00e9sorient\u00e9s, \u00ab\u2009avec le cou tordu\u2009\u00bb<\/p>\n<p class=\" wall-content\">Tout a commenc\u00e9 l\u2019\u00e9t\u00e9 2025. Des habitants de <a href=\"https:\/\/maps.app.goo.gl\/znrBt3nJT3MAuvJh9\" rel=\"nofollow noopener\" target=\"_blank\">l\u2019\u00eele d\u2019Arran<\/a>, au sud de Glasgow, ont commenc\u00e9 \u00e0 voir des merles avec des \u00ab\u2009sympt\u00f4mes \u00e9tranges\u2009\u00bb. <strong>Affaiblis, d\u00e9sorient\u00e9s, \u00ab\u2009avec le cou tordu\u2009\u00bb<\/strong>, ils semblaient ne plus pouvoir se nourrir, avant de mourir par dizaines.<\/p>\n<p>    <a href=\"https:\/\/www.google.com\/maps\/embed?pb=!1m18!1m12!1m3!1d1948529.2740525273!2d-4.947765235114016!3d55.447056007907214!2m3!1f0!2f0!3f0!3m2!1i1024!2i768!4f13.1!3m3!1m2!1s0x4889efe0479d34f1%3A0x6c6ad5c1c8f6a422!2s%C3%8Ele%20d%27Arran!5e0!3m2!1sfr!2sfr!4v1781615628935!5m2!1sfr!2sfr\" title=\"Ouvrie le lien\" rel=\"nofollow noopener\" target=\"_blank\">Cliquez ici pour visualiser le contenu<\/a><\/p>\n<p class=\" wall-content\">Alert\u00e9e plusieurs mois apr\u00e8s, une v\u00e9t\u00e9rinaire locale envoie leurs d\u00e9pouilles pour analyses. Verdict\u2009: ils ont \u00e9t\u00e9 victimes du virus Usutu transmis par des piq\u00fbres de moustiques. <strong>D\u00e9tect\u00e9 pour la premi\u00e8re fois en 1959<\/strong> au Swaziland (aujourd\u2019hui Eswatini), pr\u00e8s d\u2019une rivi\u00e8re dont il a tir\u00e9 son nom, Usutu s\u00e9vit en <a href=\"https:\/\/actu.fr\/tag\/europe\" rel=\"nofollow noopener\" target=\"_blank\">Europe<\/a> depuis les ann\u00e9es 2000.<\/p>\n<p class=\" wall-content\">Mais jamais il ne s\u2019\u00e9tait aventur\u00e9 si au nord. \u00ab\u2009Si vous m\u2019aviez demand\u00e9 il y a 10\u00a0ans quel \u00e9tait le risque de voir appara\u00eetre une maladie transmise par les moustiques en \u00c9cosse, <strong>j\u2019aurais pens\u00e9 que je ne le verrais pas de mon vivant\u2009\u00bb<\/strong>, explique \u00e0 l\u2019AFP Heather Ferguson, professeure d\u2019\u00e9cologie des maladies infectieuses \u00e0 l\u2019universit\u00e9 de Glasgow.<\/p>\n<blockquote class=\"ac-article-quote wall-content\">\n<p>On ne pensait pas que c&rsquo;\u00e9tait possible, parce que les conditions climatiques \u00e9taient encore trop froides. Mais le changement climatique a consid\u00e9rablement acc\u00e9l\u00e9r\u00e9 le rythme de ces changements.<\/p>\n<p>    <strong>Heather Ferguson<\/strong><br \/>\n        Professeure d&rsquo;\u00e9cologie des maladies infectieuses \u00e0 l&rsquo;universit\u00e9 de Glasgow    <\/p><\/blockquote>\n<p>Quel risque pour la sant\u00e9 humaine\u2009?<\/p>\n<p class=\" wall-content\">Culex pipiens prosp\u00e8re autour de 25\u00a0\u00b0C. Avec le <a href=\"https:\/\/actu.fr\/tag\/rechauffement-climatique\" rel=\"nofollow noopener\" target=\"_blank\">r\u00e9chauffement plan\u00e9taire<\/a>, ces temp\u00e9ratures autrefois rares au <a href=\"https:\/\/actu.fr\/tag\/royaume-uni\" rel=\"nofollow noopener\" target=\"_blank\">Royaume-Uni<\/a> sont d\u00e9sormais r\u00e9guli\u00e8rement atteintes. <strong>2025 a \u00e9t\u00e9 l\u2019ann\u00e9e la plus chaude jamais enregistr\u00e9e dans le pays<\/strong>, avec un record local de 32,2\u00a0\u00b0C en juillet \u00e0 Aviemore dans les Highlands.<\/p>\n<p class=\" wall-content\">Voir arriver de tels virus jusqu\u2019en \u00c9cosse, c\u2019est \u00ab<strong>\u2009un signal d\u2019alarme\u2009<\/strong>: le risque se rapproche de chez nous et nous devons nous y pr\u00e9parer\u2009\u00bb, souligne Heather Ferguson.\u00a0Pour l\u2019heure, <strong>les menaces de transmission \u00e0 l\u2019homme de l\u2019Usutu sont limit\u00e9es<\/strong> \u2013 235 cas selon une \u00e9tude publi\u00e9e fin 2024 dans la revue Viruses.<\/p>\n<p class=\" wall-content\">Mais, note Heather Ferguson, \u00ab\u2009dans d\u2019autres r\u00e9gions d\u2019Europe continentale, l\u2019Usutu est le premier signe de <a href=\"https:\/\/actu.fr\/tag\/maladie\" rel=\"nofollow noopener\" target=\"_blank\">maladies<\/a> plus graves\u2009\u00bb comme <a href=\"https:\/\/actu.fr\/societe\/des-cas-de-virus-du-nil-occidental-en-france-c-est-quoi-cette-maladie-transmise-par-les-moustiques_61486073.html\" rel=\"nofollow noopener\" target=\"_blank\">le virus du Nil occidental<\/a>, qui peut affecter la <a href=\"https:\/\/actu.fr\/tag\/sante\" rel=\"nofollow noopener\" target=\"_blank\">sant\u00e9<\/a> humaine. Ce virus a \u00e9t\u00e9 d\u00e9tect\u00e9 pour la premi\u00e8re fois dans des moustiques britanniques en mai 2025.\u00a0<\/p>\n<p>Plus il fait chaud, plus ils prolif\u00e8rent, plus ils transmettent<\/p>\n<p class=\" wall-content\">Aussi, les chercheurs de Glasgow m\u00e8nent d\u00e9j\u00e0 une s\u00e9rie de tests en laboratoire pour <strong>\u00e9tudier les m\u00e9canismes de transmission<\/strong> des virus par les moustiques aux <a href=\"https:\/\/actu.fr\/tag\/animaux\" rel=\"nofollow noopener\" target=\"_blank\">animaux<\/a>, mais aussi \u00e0 l\u2019homme.<\/p>\n<p class=\" wall-content\">Premier constat\u2009: des temp\u00e9ratures plus \u00e9lev\u00e9es <strong>favorisent la prolif\u00e9ration<\/strong> des moustiques mais aussi <strong>leur capacit\u00e9 \u00e0 transmettre<\/strong> des virus. \u00ab\u2009Par temps froid, les moustiques ne transmettent pas de maladies car la temp\u00e9rature est insuffisante pour que le virus puisse survivre \u00e0 l\u2019int\u00e9rieur du moustique\u2009\u00bb, explique \u00c9milie Pondeville, chercheuse au centre de recherche sur les virus de l\u2019universit\u00e9 de Glasgow.<\/p>\n<blockquote class=\"ac-article-quote wall-content\">\n<p>La transmission est donc impossible. Il existe donc un \u00e9quilibre entre la temp\u00e9rature \u00e0 laquelle les moustiques peuvent survivre et celle que le virus pr\u00e9f\u00e8re, ainsi qu\u2019une interaction entre ces deux facteurs.<\/p>\n<p>    <strong>\u00c9milie Pondeville<\/strong><br \/>\n        Chercheuse au centre de recherche sur les virus de l&rsquo;universit\u00e9 de Glasgow    <\/p><\/blockquote>\n<p>Des populations d\u2019oiseaux d\u00e9cim\u00e9es<\/p>\n<p class=\" wall-content\">Pour l\u2019instant ce qui inqui\u00e8te surtout les biologistes est l\u2019effet des virus transmis par les moustiques sur certains <a href=\"https:\/\/actu.fr\/planete\/biodiversite\/la-chouette-d-harry-potter-menacee-d-extinction-beneficie-desormais-d-une-protection-internationale_64071958.html\" rel=\"nofollow noopener\" target=\"_blank\">oiseaux<\/a>. L\u2019Usutu a d\u00e9j\u00e0 <strong>d\u00e9cim\u00e9 certaines populations de merles<\/strong>, notamment en Autriche en 2001 et en Europe de l\u2019Est en 2018. Le virus touche aussi les chouettes, les rapaces et plusieurs passereaux.<\/p>\n<p class=\" wall-content\">\u00c0 terme, la multiplication des moustiques pourrait conduire \u00e0 l\u2019extinction de plusieurs oiseaux, craignent les experts.<\/p>\n<p class=\" wall-content\">Source\u2009: AFP.<\/p>\n<p class=\" wall-content\">Personnalisez votre actualit\u00e9 en ajoutant vos villes et m\u00e9dias en favori avec <a href=\"https:\/\/moncompte.actu.fr\" title=\"D\u00e9couvez Mon Actu\" rel=\"nofollow noopener\" data-trk=\"{&quot;cta&quot;:{&quot;action&quot;:&quot;https:\\\/\\\/moncompte.actu.fr&quot;,&quot;category&quot;:&quot;mon compte&quot;,&quot;from&quot;:&quot;article footer&quot;,&quot;name&quot;:&quot;Mon actu&quot;,&quot;type&quot;:&quot;cta&quot;}}\" target=\"_blank\">Mon Actu<\/a>.<\/p>\n","protected":false},"excerpt":{"rendered":"Par R\u00e9daction Actu Publi\u00e9 le 16 juin 2026 \u00e0 21h59 \u00c9quip\u00e9s de pi\u00e8ges \u00e0 moustiques et d\u2019\u00e9puisettes, les&hellip;\n","protected":false},"author":2,"featured_media":1006202,"comment_status":"","ping_status":"","sticky":false,"template":"","format":"standard","meta":{"footnotes":"","_share_on_mastodon":"0"},"categories":[10],"tags":[1867,1011,27,72,473,71,2631],"class_list":["post-1006201","post","type-post","status-publish","format-standard","has-post-thumbnail","category-sante","tag-animaux","tag-fr","tag-france","tag-health","tag-royaume-uni","tag-sante","tag-sciences-technologie"],"share_on_mastodon":{"url":"https:\/\/pubeurope.com\/@fr\/116765932210495513","error":""},"_links":{"self":[{"href":"https:\/\/www.europesays.com\/fr\/wp-json\/wp\/v2\/posts\/1006201","targetHints":{"allow":["GET"]}}],"collection":[{"href":"https:\/\/www.europesays.com\/fr\/wp-json\/wp\/v2\/posts"}],"about":[{"href":"https:\/\/www.europesays.com\/fr\/wp-json\/wp\/v2\/types\/post"}],"author":[{"embeddable":true,"href":"https:\/\/www.europesays.com\/fr\/wp-json\/wp\/v2\/users\/2"}],"replies":[{"embeddable":true,"href":"https:\/\/www.europesays.com\/fr\/wp-json\/wp\/v2\/comments?post=1006201"}],"version-history":[{"count":0,"href":"https:\/\/www.europesays.com\/fr\/wp-json\/wp\/v2\/posts\/1006201\/revisions"}],"wp:featuredmedia":[{"embeddable":true,"href":"https:\/\/www.europesays.com\/fr\/wp-json\/wp\/v2\/media\/1006202"}],"wp:attachment":[{"href":"https:\/\/www.europesays.com\/fr\/wp-json\/wp\/v2\/media?parent=1006201"}],"wp:term":[{"taxonomy":"category","embeddable":true,"href":"https:\/\/www.europesays.com\/fr\/wp-json\/wp\/v2\/categories?post=1006201"},{"taxonomy":"post_tag","embeddable":true,"href":"https:\/\/www.europesays.com\/fr\/wp-json\/wp\/v2\/tags?post=1006201"}],"curies":[{"name":"wp","href":"https:\/\/api.w.org\/{rel}","templated":true}]}}