{"id":1006275,"date":"2026-06-17T15:13:19","date_gmt":"2026-06-17T15:13:19","guid":{"rendered":"https:\/\/www.europesays.com\/fr\/1006275\/"},"modified":"2026-06-17T15:13:19","modified_gmt":"2026-06-17T15:13:19","slug":"les-pompiers-combattent-lincendie-dun-entrepot-pres-de-paris-pas-de-victime-actualites","status":"publish","type":"post","link":"https:\/\/www.europesays.com\/fr\/1006275\/","title":{"rendered":"Les pompiers combattent l&rsquo;incendie d&rsquo;un entrep\u00f4t pr\u00e8s de Paris, pas de victime : Actualit\u00e9s"},"content":{"rendered":"<p class=\"lead \">L&rsquo;incendie spectaculaire d&rsquo;un entrep\u00f4t d&rsquo;ameublement \u00e0 Bobigny, en banlieue parisienne, mobilise mercredi quelque 150 pompiers qui s&rsquo;appr\u00eatent \u00e0 lutter plusieurs heures contre le feu, qui n&rsquo;a fait aucune victime \u00e0 ce stade, a indiqu\u00e9 \u00e0 l&rsquo;AFP la brigade des sapeurs-pompiers de Paris (BSPP).<\/p>\n<p class=\"lead \">D&rsquo;\u00e9normes panaches de fum\u00e9e noire s&rsquo;\u00e9chappent toujours en d\u00e9but d&rsquo;apr\u00e8s-midi de cet entrep\u00f4t d&rsquo;environ 4.000 m\u00b2 situ\u00e9 dans une zone industrielle au nord-est de Paris.<\/p>\n<p class=\"lead \">Les pompiers ont \u00e9t\u00e9 appel\u00e9s vers 13H00 mercredi, alors que \u00ab\u00a0l&rsquo;ensemble de l&rsquo;entrep\u00f4t\u00a0\u00bb de deux \u00e9tages, qui abrite une dizaine d&rsquo;entreprises d&rsquo;ameublement et d&rsquo;\u00e9quipements de cuisine, \u00ab\u00a0est en proie aux flammes\u00a0\u00bb.<\/p>\n<p class=\"lead \"> \u00ab\u00a0Aucune victime n&rsquo;est \u00e0 signaler \u00e0 ce stade de l&rsquo;intervention et aucun manquant \u00e0 l&rsquo;appel n&rsquo;a \u00e9t\u00e9 signal\u00e9\u00a0\u00bb, a pr\u00e9cis\u00e9 la BSPP, qui a mobilis\u00e9 150 pompiers et une cinquantaine d&rsquo;engins.<\/p>\n<p class=\"lead \">\u00ab\u00a0C&rsquo;est une op\u00e9ration tr\u00e8s longue, qui va n\u00e9cessiter plusieurs heures de lutte contre le feu avec les engins qui demandent les plus grands moyens hydrauliques\u00a0\u00bb, compte tenu de la taille de l&rsquo;entrep\u00f4t.  <\/p>\n<p class=\"lead \">Il s&rsquo;agit aussi de \u00ab\u00a0limiter la propagation\u00a0\u00bb du feu et de s\u00e9curiser les environs, car ce type d&rsquo;incendie se termine g\u00e9n\u00e9ralement avec \u00ab\u00a0l&rsquo;effondrement de l&rsquo;immeuble\u00a0\u00bb, pr\u00e9cise-t-on \u00e0 la BSPP.<\/p>\n<p class=\"lead \">Le pr\u00e9fet de la Seine-Saint-Denis a \u00e9galement demand\u00e9 sur le r\u00e9seau social X d'\u00a0\u00bb\u00e9viter le secteur\u00a0\u00bb en raison de l&rsquo;incendie.<\/p>\n<p class=\"small font-weight-bold text-gray3 \"> publi\u00e9 le 17 juin \u00e0 16h18, AFP<\/p>\n<p>                             Partager<\/p>\n","protected":false},"excerpt":{"rendered":"L&rsquo;incendie spectaculaire d&rsquo;un entrep\u00f4t d&rsquo;ameublement \u00e0 Bobigny, en banlieue parisienne, mobilise mercredi quelque 150 pompiers qui s&rsquo;appr\u00eatent \u00e0&hellip;\n","protected":false},"author":2,"featured_media":1006276,"comment_status":"","ping_status":"","sticky":false,"template":"","format":"standard","meta":{"footnotes":"","_share_on_mastodon":"0"},"categories":[1888],"tags":[1111,1928,11,1927,1777,674,1011,27,1310,12,1926,626,1925,25,7342],"class_list":["post-1006275","post","type-post","status-publish","format-standard","has-post-thumbnail","category-paris","tag-actu","tag-actu-paris","tag-actualites","tag-actualites-paris","tag-eu","tag-europe","tag-fr","tag-france","tag-incendie","tag-news","tag-news-paris","tag-paris","tag-paris-news","tag-republique-francaise","tag-secours"],"share_on_mastodon":{"url":"https:\/\/pubeurope.com\/@fr\/116766101079447957","error":""},"_links":{"self":[{"href":"https:\/\/www.europesays.com\/fr\/wp-json\/wp\/v2\/posts\/1006275","targetHints":{"allow":["GET"]}}],"collection":[{"href":"https:\/\/www.europesays.com\/fr\/wp-json\/wp\/v2\/posts"}],"about":[{"href":"https:\/\/www.europesays.com\/fr\/wp-json\/wp\/v2\/types\/post"}],"author":[{"embeddable":true,"href":"https:\/\/www.europesays.com\/fr\/wp-json\/wp\/v2\/users\/2"}],"replies":[{"embeddable":true,"href":"https:\/\/www.europesays.com\/fr\/wp-json\/wp\/v2\/comments?post=1006275"}],"version-history":[{"count":0,"href":"https:\/\/www.europesays.com\/fr\/wp-json\/wp\/v2\/posts\/1006275\/revisions"}],"wp:featuredmedia":[{"embeddable":true,"href":"https:\/\/www.europesays.com\/fr\/wp-json\/wp\/v2\/media\/1006276"}],"wp:attachment":[{"href":"https:\/\/www.europesays.com\/fr\/wp-json\/wp\/v2\/media?parent=1006275"}],"wp:term":[{"taxonomy":"category","embeddable":true,"href":"https:\/\/www.europesays.com\/fr\/wp-json\/wp\/v2\/categories?post=1006275"},{"taxonomy":"post_tag","embeddable":true,"href":"https:\/\/www.europesays.com\/fr\/wp-json\/wp\/v2\/tags?post=1006275"}],"curies":[{"name":"wp","href":"https:\/\/api.w.org\/{rel}","templated":true}]}}