{"id":1006279,"date":"2026-06-17T15:15:14","date_gmt":"2026-06-17T15:15:14","guid":{"rendered":"https:\/\/www.europesays.com\/fr\/1006279\/"},"modified":"2026-06-17T15:15:14","modified_gmt":"2026-06-17T15:15:14","slug":"lipault-prend-de-la-hauteur-chez-merci","status":"publish","type":"post","link":"https:\/\/www.europesays.com\/fr\/1006279\/","title":{"rendered":"Lipault prend de la hauteur chez Merci"},"content":{"rendered":"<p class=\"isSelectedEnd\">Du 30 mai au 30 juin 2026, Lipault investit l\u2019espace La Civette du concept store Merci avec <strong>In The Air<\/strong>, son premier pop-up immersif. \u00c0 l\u2019approche des grandes vacances, la marque fran\u00e7aise de bagages imagine une parenth\u00e8se entre ciel et imaginaire, pens\u00e9e comme une invitation au voyage avant m\u00eame le d\u00e9part.<\/p>\n<p class=\"isSelectedEnd\">D\u00e8s l\u2019entr\u00e9e, le visiteur bascule dans un d\u00e9cor onirique o\u00f9 les valises semblent flotter en apesanteur. Nuages, volumes a\u00e9riens et mise en sc\u00e8ne po\u00e9tique composent un univers suspendu, mettant en lumi\u00e8re les cr\u00e9ations color\u00e9es, l\u00e9g\u00e8res et fonctionnelles de Lipault.<\/p>\n<p class=\"isSelectedEnd\">L\u2019exp\u00e9rience se prolonge \u00e0 travers une ambiance sonore enveloppante, rythm\u00e9e par le souffle du vent, des bruits feutr\u00e9s d\u2019a\u00e9roport et de lointains \u00e9chos de destinations inconnues. Un espace de personnalisation permet \u00e9galement \u00e0 chacun de fa\u00e7onner son bagage \u00e0 son image.<\/p>\n<p class=\"isSelectedEnd\">Au-del\u00e0 d\u2019une simple boutique \u00e9ph\u00e9m\u00e8re, <strong>In The Air<\/strong> c\u00e9l\u00e8bre le voyage comme une exp\u00e9rience sensorielle, entre r\u00eave et r\u00e9alit\u00e9. Un corner d\u00e9di\u00e9 install\u00e9 dans la boutique Merci compl\u00e8te cette collaboration entre deux figures du lifestyle parisien.<\/p>\n<p>\u00a0<\/p>\n","protected":false},"excerpt":{"rendered":"Du 30 mai au 30 juin 2026, Lipault investit l\u2019espace La Civette du concept store Merci avec In&hellip;\n","protected":false},"author":2,"featured_media":1006280,"comment_status":"","ping_status":"","sticky":false,"template":"","format":"standard","meta":{"footnotes":"","_share_on_mastodon":"0"},"categories":[1888],"tags":[11,1777,674,1011,27,12,626,54060,25],"class_list":["post-1006279","post","type-post","status-publish","format-standard","has-post-thumbnail","category-paris","tag-actualites","tag-eu","tag-europe","tag-fr","tag-france","tag-news","tag-paris","tag-pop-up","tag-republique-francaise"],"share_on_mastodon":{"url":"https:\/\/pubeurope.com\/@fr\/116766108992803008","error":""},"_links":{"self":[{"href":"https:\/\/www.europesays.com\/fr\/wp-json\/wp\/v2\/posts\/1006279","targetHints":{"allow":["GET"]}}],"collection":[{"href":"https:\/\/www.europesays.com\/fr\/wp-json\/wp\/v2\/posts"}],"about":[{"href":"https:\/\/www.europesays.com\/fr\/wp-json\/wp\/v2\/types\/post"}],"author":[{"embeddable":true,"href":"https:\/\/www.europesays.com\/fr\/wp-json\/wp\/v2\/users\/2"}],"replies":[{"embeddable":true,"href":"https:\/\/www.europesays.com\/fr\/wp-json\/wp\/v2\/comments?post=1006279"}],"version-history":[{"count":0,"href":"https:\/\/www.europesays.com\/fr\/wp-json\/wp\/v2\/posts\/1006279\/revisions"}],"wp:featuredmedia":[{"embeddable":true,"href":"https:\/\/www.europesays.com\/fr\/wp-json\/wp\/v2\/media\/1006280"}],"wp:attachment":[{"href":"https:\/\/www.europesays.com\/fr\/wp-json\/wp\/v2\/media?parent=1006279"}],"wp:term":[{"taxonomy":"category","embeddable":true,"href":"https:\/\/www.europesays.com\/fr\/wp-json\/wp\/v2\/categories?post=1006279"},{"taxonomy":"post_tag","embeddable":true,"href":"https:\/\/www.europesays.com\/fr\/wp-json\/wp\/v2\/tags?post=1006279"}],"curies":[{"name":"wp","href":"https:\/\/api.w.org\/{rel}","templated":true}]}}