{"id":1006289,"date":"2026-06-17T15:20:30","date_gmt":"2026-06-17T15:20:30","guid":{"rendered":"https:\/\/www.europesays.com\/fr\/1006289\/"},"modified":"2026-06-17T15:20:30","modified_gmt":"2026-06-17T15:20:30","slug":"le-ministre-britannique-tres-confiant-de-conclure-un-triple-accord-ue-au-sommet-de-juillet","status":"publish","type":"post","link":"https:\/\/www.europesays.com\/fr\/1006289\/","title":{"rendered":"Le ministre britannique \u00ab tr\u00e8s confiant \u00bb de conclure un triple accord UE au sommet de juillet"},"content":{"rendered":"<p>Le ministre britannique charg\u00e9 des relations avec l\u2019UE, Nick Thomas-Symonds, a d\u00e9clar\u00e9 que son gouvernement \u00e9tait en bonne voie de conclure un triple accord destin\u00e9 \u00e0 renforcer la coop\u00e9ration post\u2011Brexit avec le bloc europ\u00e9en lorsque les deux parties se retrouveront pour un sommet le 22 juillet.<\/p>\n<p>          <img decoding=\"async\" class=\"c-ad__placeholder__logo\" src=\"https:\/\/static.euronews.com\/website\/images\/logos\/logo-euronews-stacked-outlined-72x72-grey-9.svg\" width=\"72\" height=\"72\" alt=\"\" loading=\"lazy\"\/><br \/>\n          PUBLICIT\u00c9<\/p>\n<p>          <img decoding=\"async\" class=\"c-ad__placeholder__logo\" src=\"https:\/\/static.euronews.com\/website\/images\/logos\/logo-euronews-stacked-outlined-72x72-grey-9.svg\" width=\"72\" height=\"72\" alt=\"\" loading=\"lazy\"\/><br \/>\n          PUBLICIT\u00c9<\/p>\n<p>Cet accord viserait \u00e0 r\u00e9duire drastiquement les obstacles au commerce agroalimentaire en alignant les r\u00e8gles sanitaires et phytosanitaires, \u00e0 r\u00e9int\u00e9grer le Royaume\u2011Uni au march\u00e9 int\u00e9rieur europ\u00e9en de l\u2019\u00e9lectricit\u00e9 et \u00e0 accorder des visas sp\u00e9cifiques aux jeunes Europ\u00e9ens et Britanniques dans le cadre d\u2019un programme d\u2019\u00e9changes pour la jeunesse.<\/p>\n<p>\u00ab Bien s\u00fbr, il y aura des moments difficiles, comme toujours dans la phase finale de toute n\u00e9gociation, mais je suis tr\u00e8s confiant quant \u00e0 la conclusion de cet accord \u00bb, a d\u00e9clar\u00e9 le ministre Thomas-Symonds, qui m\u00e8ne les discussions pour red\u00e9finir les relations post\u2011Brexit du Royaume\u2011Uni avec l\u2019UE, dans l\u2019\u00e9mission d\u2019entretien d\u2019Euronews <strong>12 Minutes With<\/strong>.<\/p>\n<p>Les discussions sur le programme Youth Experience avaient \u00e9t\u00e9 \u00e9maill\u00e9es de difficult\u00e9s, faisant craindre que le sommet ne soit compromis. Les pays de l\u2019UE comme le Royaume\u2011Uni cherchent tous \u00e0 limiter le nombre de jeunes pouvant entrer sur leur territoire et la dur\u00e9e de leur s\u00e9jour.<\/p>\n<p>Mais mardi, l\u2019UE et le Royaume\u2011Uni ont annonc\u00e9 que le sommet aurait bien lieu le 22 juillet, \u00e0 la suite d\u2019entretiens entre la pr\u00e9sidente de la Commission europ\u00e9enne, Ursula von der Leyen, et le Premier ministre britannique, Keir Starmer, en marge du sommet du G7.<\/p>\n<p>Sans s\u2019aventurer \u00e0 avancer un chiffre sur le nombre de jeunes Europ\u00e9ens que le Royaume\u2011Uni pourrait accueillir dans le cadre de ce dispositif, il a laiss\u00e9 entendre qu\u2019il pourrait s\u2019inspirer des programmes d\u00e9j\u00e0 en place avec des pays comme l\u2019Australie, le Canada ou la Nouvelle\u2011Z\u00e9lande, qui n\u2019ont re\u00e7u que 21 900 demandes au cours de l\u2019ann\u00e9e s\u2019achevant en septembre 2025.<\/p>\n<p>Dans le cadre de ce programme, les n\u00e9gociateurs de l\u2019UE pressent \u00e9galement Londres de r\u00e9duire les frais de scolarit\u00e9 universitaires appliqu\u00e9s aux \u00e9tudiants europ\u00e9ens, alors qu\u2019ils s\u2019\u00e9l\u00e8vent pour les \u00e9tudiants britanniques d\u2019Angleterre et du pays de Galles \u00e0 environ 10 000 \u20ac par an. Le Royaume\u2011Uni a tent\u00e9 d\u2019exclure cette question du champ de l\u2019accord.<\/p>\n<p>Malgr\u00e9 ces divergences, le ministre Thomas-Symonds a dit s\u2019attendre \u00e0 trouver une \u00ab zone d\u2019atterrissage \u00bb sur un \u00ab dispositif tr\u00e8s large couvrant les \u00e9tudes, le travail et les voyages \u00bb et a estim\u00e9 que ce serait un motif de \u00ab c\u00e9l\u00e9bration \u00bb lors du sommet de juillet.<\/p>\n<p>\u00ab Quand je repense aux dix derni\u00e8res ann\u00e9es, aux cons\u00e9quences du Brexit, la perte d\u2019opportunit\u00e9s pour les jeunes est l\u2019un des \u00e9l\u00e9ments qui m\u2019a le plus pr\u00e9occup\u00e9 \u00bb, a-t-il expliqu\u00e9, ajoutant qu\u2019il \u00e9tait \u00ab tr\u00e8s fier \u00bb des perspectives que Bruxelles et Londres cherchent \u00e0 offrir ensemble. <\/p>\n<p>Starmer d\u00e9fendu en pleine tourmente<\/p>\n<p>Ces d\u00e9clarations interviennent \u00e0 l\u2019approche du 10e anniversaire du r\u00e9f\u00e9rendum sur le Brexit, alors qu\u2019une crise au sommet du gouvernement dirig\u00e9 par Starmer remet le Brexit au centre du d\u00e9bat politique au Royaume\u2011Uni.<\/p>\n<p>Starmer a \u00e9t\u00e9 fragilis\u00e9 par les d\u00e9parts soudains, ces derniers jours, de ses ministres de la Sant\u00e9 et de la D\u00e9fense, et de grandes figures du Parti travailliste se pr\u00e9parent d\u00e9sormais \u00e0 contester imminemment sa direction.<\/p>\n<p>Cette semaine, l\u2019ancien ministre de la Sant\u00e9 Wes Streeting a assur\u00e9 avoir obtenu le soutien n\u00e9cessaire de 81 d\u00e9put\u00e9s travaillistes pour d\u00e9clencher une course \u00e0 la direction, tandis que le maire de Manchester, Andy Burnham, devrait \u00e9galement se lancer dans la bataille s\u2019il d\u00e9croche un si\u00e8ge au Parlement lors d\u2019une \u00e9lection partielle jeudi (organis\u00e9e pour pourvoir un poste devenu vacant entre deux \u00e9lections g\u00e9n\u00e9rales).<\/p>\n<p>Streeting cherche \u00e0 capitaliser sur le m\u00e9contentement de l\u2019opinion face aux arrangements post\u2011Brexit du Royaume\u2011Uni pour renforcer sa propre candidature \u00e0 la direction, d\u00e9clarant le mois dernier que la sortie de l\u2019UE \u00e9tait une \u00ab erreur catastrophique \u00bb qui a rendu le pays \u00ab moins riche, moins puissant et moins ma\u00eetre de son destin \u00bb.<\/p>\n<p>Il a \u00e9galement affirm\u00e9 que l\u2019avenir du Royaume\u2011Uni \u00ab se trouve aux c\u00f4t\u00e9s de l\u2019Europe et, un jour, de nouveau au sein de l\u2019Union europ\u00e9enne \u00bb, cherchant manifestement \u00e0 s\u00e9duire les \u00e9lecteurs oppos\u00e9s au Brexit qui ont quitt\u00e9 les travaillistes pour les Verts et les Lib\u00e9raux\u2011d\u00e9mocrates.<\/p>\n<p>Les derniers sondages d\u2019IPSOS indiquent qu\u2019environ 60 % de la population britannique serait favorable \u00e0 un retour dans l\u2019UE.<\/p>\n<p>Mais le ministre Thomas-Symonds estime que \u00ab l\u2019opinion publique n\u2019est pas tr\u00e8s \u00e9loign\u00e9e de la position du gouvernement \u00bb, ajoutant que les \u00e9lecteurs crois\u00e9s sur le pas de leur porte ne veulent pas \u00ab rejouer les d\u00e9bats du pass\u00e9 \u00bb, mais qu\u2019il existe \u00ab un soutien \u00e0 une relation plus \u00e9troite entre le Royaume\u2011Uni et l\u2019UE \u00bb.<\/p>\n<p>Il a \u00e9galement d\u00e9fendu la remise \u00e0 plat \u00ab ambitieuse \u00bb des relations post\u2011Brexit avec l\u2019UE propos\u00e9e par Starmer, telle qu\u2019elle figurait dans le manifeste \u00e9lectoral travailliste de 2024, avant la victoire \u00e9crasante du parti.<\/p>\n<p>\u00ab Cela a toujours \u00e9t\u00e9 une priorit\u00e9 absolue pour le Premier ministre \u00bb, a-t-il assur\u00e9, estimant que Starmer \u00ab a toujours montr\u00e9 non seulement de l\u2019ambition, mais aussi qu\u2019il \u00e9tait, lui et son gouvernement, capable de tenir ses promesses \u00bb.<\/p>\n<p>Starmer est confront\u00e9 non seulement \u00e0 une fronde au sein de son propre parti, mais aussi \u00e0 une chute de son soutien dans l\u2019\u00e9lectorat. Reform UK, le parti du champion du Brexit Nigel Farage, arrive en t\u00eate des sondages nationaux avec environ 26 % des intentions de vote.<\/p>\n<p>Interrog\u00e9 sur la volont\u00e9 de son gouvernement de \u00ab blinder \u00bb les nouveaux accords avec l\u2019UE pour les mettre \u00e0 l\u2019abri d\u2019un possible futur gouvernement dirig\u00e9 par Reform et par Nigel Farage, Thomas-Symonds a r\u00e9pondu : \u00ab Si un parti, lors des prochaines \u00e9lections g\u00e9n\u00e9rales, veut refaire peser les co\u00fbts sur les entreprises ou retirer aux jeunes les possibilit\u00e9s que ce gouvernement leur a offertes, je me r\u00e9jouirai d\u2019avoir ce d\u00e9bat.<\/p>\n<p>\u00ab La meilleure fa\u00e7on de rendre un accord durable est de s\u2019assurer qu\u2019il apporte quelque chose aux jeunes, qu\u2019il apporte quelque chose aux entreprises, qu\u2019il profite au public britannique, mais aussi aux Europ\u00e9ens. Je suis tr\u00e8s confiant dans notre capacit\u00e9 \u00e0 y parvenir. \u00bb<\/p>\n<p>Vous pouvez suivre l\u2019int\u00e9gralit\u00e9 de l\u2019interview sur Euronews mercredi 17 juin \u00e0 21 h 15 (heure d\u2019Europe centrale).<\/p>\n<p>Nick Thomas-Symonds est le ministre britannique charg\u00e9 des relations avec l\u2019UE depuis juillet 2024, \u00e0 la suite d\u2019\u00e9lections qui ont vu le Parti travailliste revenir au pouvoir apr\u00e8s 14 ann\u00e9es de gouvernements conservateurs successifs.<\/p>\n<p>Il m\u00e8ne les n\u00e9gociations avec l\u2019UE alors que son gouvernement cherche \u00e0 \u00ab r\u00e9initialiser \u00bb la relation \u00e9conomique, commerciale et politique avec le bloc europ\u00e9en.<\/p>\n","protected":false},"excerpt":{"rendered":"Le ministre britannique charg\u00e9 des relations avec l\u2019UE, Nick Thomas-Symonds, a d\u00e9clar\u00e9 que son gouvernement \u00e9tait en bonne&hellip;\n","protected":false},"author":2,"featured_media":1006290,"comment_status":"","ping_status":"","sticky":false,"template":"","format":"standard","meta":{"footnotes":"","_share_on_mastodon":"0"},"categories":[1588],"tags":[11,1353,1777,674,12,473,1853,1851,364,1850,1852],"class_list":["post-1006289","post","type-post","status-publish","format-standard","has-post-thumbnail","category-royaume-uni","tag-actualites","tag-brexit","tag-eu","tag-europe","tag-news","tag-royaume-uni","tag-royaume-uni-de-grande-bretagne-et-dirlande-du-nord","tag-uk","tag-union-europeenne","tag-united-kingdom","tag-united-kingdom-of-great-britain-and-northern-ireland"],"share_on_mastodon":{"url":"https:\/\/pubeurope.com\/@fr\/116766130029095796","error":""},"_links":{"self":[{"href":"https:\/\/www.europesays.com\/fr\/wp-json\/wp\/v2\/posts\/1006289","targetHints":{"allow":["GET"]}}],"collection":[{"href":"https:\/\/www.europesays.com\/fr\/wp-json\/wp\/v2\/posts"}],"about":[{"href":"https:\/\/www.europesays.com\/fr\/wp-json\/wp\/v2\/types\/post"}],"author":[{"embeddable":true,"href":"https:\/\/www.europesays.com\/fr\/wp-json\/wp\/v2\/users\/2"}],"replies":[{"embeddable":true,"href":"https:\/\/www.europesays.com\/fr\/wp-json\/wp\/v2\/comments?post=1006289"}],"version-history":[{"count":0,"href":"https:\/\/www.europesays.com\/fr\/wp-json\/wp\/v2\/posts\/1006289\/revisions"}],"wp:featuredmedia":[{"embeddable":true,"href":"https:\/\/www.europesays.com\/fr\/wp-json\/wp\/v2\/media\/1006290"}],"wp:attachment":[{"href":"https:\/\/www.europesays.com\/fr\/wp-json\/wp\/v2\/media?parent=1006289"}],"wp:term":[{"taxonomy":"category","embeddable":true,"href":"https:\/\/www.europesays.com\/fr\/wp-json\/wp\/v2\/categories?post=1006289"},{"taxonomy":"post_tag","embeddable":true,"href":"https:\/\/www.europesays.com\/fr\/wp-json\/wp\/v2\/tags?post=1006289"}],"curies":[{"name":"wp","href":"https:\/\/api.w.org\/{rel}","templated":true}]}}