{"id":1006291,"date":"2026-06-17T15:21:28","date_gmt":"2026-06-17T15:21:28","guid":{"rendered":"https:\/\/www.europesays.com\/fr\/1006291\/"},"modified":"2026-06-17T15:21:28","modified_gmt":"2026-06-17T15:21:28","slug":"pologne-et-allemagne-signent-un-accord-de-defense-aux-ambitions-limitees-actualites-2","status":"publish","type":"post","link":"https:\/\/www.europesays.com\/fr\/1006291\/","title":{"rendered":"Pologne et Allemagne signent un accord de d\u00e9fense aux ambitions limit\u00e9es : Actualit\u00e9s"},"content":{"rendered":"<p class=\"lead \">Apr\u00e8s la signature de trait\u00e9s de d\u00e9fense avec la France et le Royaume-Uni, Varsovie doit parapher mercredi apr\u00e8s-midi avec Berlin un accord de s\u00e9curit\u00e9 aux ambitions r\u00e9duites du fait des r\u00e9ticences historiques de la droite polonaise et du risque de veto pr\u00e9sidentiel.<\/p>\n<p class=\"lead \">L&rsquo;accord doit \u00eatre sign\u00e9 \u00e0 Varsovie mercredi apr\u00e8s-midi par les ministres de la D\u00e9fense des deux pays, \u00e0 l&rsquo;occasion du 35e anniversaire du trait\u00e9 de bon voisinage de 1991.<\/p>\n<p class=\"lead \">Le 35e anniversaire de ce trait\u00e9 a aussi donn\u00e9 l&rsquo;occasion, mercredi \u00e0 Berlin, \u00e0 une rencontre des deux chefs de la diplomatie, Johann Wadephul et Radoslaw Sikorski.<\/p>\n<p class=\"lead \"> \u00ab\u00a0Conscients de l&rsquo;histoire tragique du XXe si\u00e8cle, nous portons une responsabilit\u00e9 particuli\u00e8re \u00e0 l&rsquo;\u00e9gard de notre r\u00e9gion et de notre continent \u2013 en tant qu&rsquo;alli\u00e9s au sein de l&rsquo;Otan et partenaires dans l&rsquo;Union europ\u00e9enne\u00a0\u00bb, ont soulign\u00e9 les deux ministres dans une d\u00e9claration commune. <\/p>\n<p class=\"lead \">MM. Wadephul et Sikorski ont d\u00e9nonc\u00e9 notamment \u00ab\u00a0les actions agressives de la Russie, notamment de nature hybride et dans le domaine de la d\u00e9sinformation\u00a0\u00bb dont le but est de \u00ab\u00a0diviser nos soci\u00e9t\u00e9s, de d\u00e9truire l&rsquo;ordre public et de saper la confiance dans l&rsquo;\u00c9tat et ses institutions\u00a0\u00bb.<\/p>\n<p class=\"lead \">Selon le ministre allemand, \u00ab\u00a0l&rsquo;Allemagne et la Pologne forment (d\u00e9sormais) ensemble l&rsquo;\u00e9pine dorsale de la d\u00e9fense europ\u00e9enne et de la dissuasion de l&rsquo;Otan face \u00e0 la menace russe\u00a0\u00bb.<\/p>\n<p class=\"lead \">Varsovie et Berlin ont \u00e9voqu\u00e9 des projets de d\u00e9veloppement d&rsquo;infrastructures ferroviaires, d&rsquo;\u00e9changes culturels et la restitution d&rsquo;objets historiques spoli\u00e9s \u00e0 la Pologne par l&rsquo;Allemagne nazie durant la Seconde Guerre mondiale.<\/p>\n<p class=\"lead \">M. Sikorski a rappel\u00e9 \u00e0 l&rsquo;Allemagne sa \u00ab\u00a0responsabilit\u00e9 historique\u00a0\u00bb \u00e0 l&rsquo;\u00e9gard des derni\u00e8res victimes de crimes nazis, toujours en vie.<\/p>\n<p class=\"lead \">\u00ab\u00a0La R\u00e9publique f\u00e9d\u00e9rale d&rsquo;Allemagne devrait relever ce d\u00e9fi de mani\u00e8re s\u00e9rieuse et rapide\u00a0\u00bb, a-t-il insist\u00e9.<\/p>\n<p class=\"lead \">&#8211; Accord limit\u00e9 &#8211;<\/p>\n<p class=\"lead \">Les accords bilat\u00e9raux de d\u00e9fense se multiplient en Europe depuis l&rsquo;invasion \u00e0 grande \u00e9chelle de l&rsquo;Ukraine par la Russie en 2022 et surtout dans un contexte d&rsquo;incertitude sur l&rsquo;avenir de l&rsquo;engagement militaire am\u00e9ricain.<\/p>\n<p class=\"lead \">Frontali\u00e8re de l&rsquo;Ukraine, de la Russie (enclave de Kaliningrad) et du B\u00e9larus alli\u00e9 de Moscou, la Pologne a r\u00e9cemment sign\u00e9 deux importants trait\u00e9s avec les deux puissances nucl\u00e9aires du continent: la France en mai 2025, et le Royaume\u2011Uni en mai 2026.<\/p>\n<p class=\"lead \">Selon le minist\u00e8re polonais de la D\u00e9fense, l&rsquo;accord avec Berlin va mettre \u00e0 jour un accord-cadre sign\u00e9 en 2011 et couvre principalement la mobilit\u00e9 militaire, le d\u00e9veloppement d&rsquo;infrastructures logistiques, la coop\u00e9ration en mer Baltique, la cybers\u00e9curit\u00e9 et l&rsquo;espace.<\/p>\n<p class=\"lead \">Il ne comporte toutefois aucune clause suppl\u00e9mentaire de garanties mutuelles, celles-ci restant limit\u00e9es aux engagements existants de l&rsquo;Otan (article 5) et de l&rsquo;UE.<\/p>\n<p class=\"lead \">En pr\u00e9sentant un texte plus contraignant, le gouvernement pro-europ\u00e9en de Donald Tusk se serait heurt\u00e9 \u00e0 l&rsquo;opposition nationale-conservatrice du parti Droit et Justice (PiS) et aurait risqu\u00e9 la censure du pr\u00e9sident nationaliste Karol Nawrocki.<\/p>\n<p class=\"lead \">\u00ab\u00a0Nous connaissons tous l&rsquo;obsession du PiS et du pr\u00e9sident pour tout ce qui touche \u00e0 l&rsquo;Allemagne, donc bien s\u00fbr qu&rsquo;il opposerait son veto\u00a0\u00bb, a r\u00e9cemment d\u00e9clar\u00e9 M. Sikorski.<\/p>\n<p class=\"lead \">Le trait\u00e9 sign\u00e9 avec Londres n&rsquo;a d&rsquo;ailleurs toujours pas \u00e9t\u00e9 ratifi\u00e9 par le chef de l&rsquo;\u00c9tat.<\/p>\n<p class=\"lead \">L&rsquo;accord pr\u00e9voit une intensification de la coordination entre Varsovie et Berlin, y compris dans le cadre de l&rsquo;Otan. D\u00e8s juillet, des soldats allemands doivent aider la Pologne \u00e0 renforcer sa fronti\u00e8re avec Kaliningrad dans le cadre du projet \u00ab\u00a0Bouclier de l&rsquo;Est\u00a0\u00bb.<\/p>\n<p class=\"lead \">En mer, cette coop\u00e9ration est tout aussi cruciale pour prot\u00e9ger les infrastructures sous-marines essentielles et surveiller la \u00ab\u00a0flotte fant\u00f4me\u00a0\u00bb russe, souligne Piotr Szymanski, du Centre d&rsquo;\u00e9tudes orientales, aupr\u00e8s de l&rsquo;AFP.<\/p>\n<p class=\"lead \">La Pologne participe par ailleurs \u00e0 plusieurs formats r\u00e9gionaux incluant l&rsquo;Allemagne, dont le Triangle de Weimar (France, Allemagne, Pologne), r\u00e9cemment \u00e9largi au format \u00ab\u00a0Weimar+\u00a0\u00bb avec l&rsquo;Ukraine et le Royaume-Uni.<\/p>\n<p class=\"lead \">En vue du prochain sommet de l&rsquo;Otan \u00e0 Ankara, en juillet, les Europ\u00e9ens entendent afficher une position unie, la question centrale \u00e9tant l&rsquo;avenir de la pr\u00e9sence am\u00e9ricaine sur le continent.<\/p>\n<p class=\"lead \">Une r\u00e9duction des capacit\u00e9s am\u00e9ricaines impliquerait un r\u00f4le accru pour la Pologne et l&rsquo;Allemagne, rappelle le vice-ministre polonais de la D\u00e9fense, Pawel Zalewski.<\/p>\n<p class=\"small font-weight-bold text-gray3 \"> publi\u00e9 le 17 juin \u00e0 16h13, AFP<\/p>\n<p>                             Partager<\/p>\n","protected":false},"excerpt":{"rendered":"Apr\u00e8s la signature de trait\u00e9s de d\u00e9fense avec la France et le Royaume-Uni, Varsovie doit parapher mercredi apr\u00e8s-midi&hellip;\n","protected":false},"author":2,"featured_media":1006292,"comment_status":"","ping_status":"","sticky":false,"template":"","format":"standard","meta":{"footnotes":"","_share_on_mastodon":"0"},"categories":[1587],"tags":[11,672,1804,19711,1805,1803,312,1777,674,1801,693,12,136,2437,1802,19712,308],"class_list":["post-1006291","post","type-post","status-publish","format-standard","has-post-thumbnail","category-allemagne","tag-actualites","tag-allemagne","tag-bundesrepublik-deutschland","tag-dfense","tag-de","tag-deutschland","tag-diplomatie","tag-eu","tag-europe","tag-germany","tag-industrie","tag-news","tag-otan","tag-pologne","tag-republique-federale-dallemagne","tag-traits","tag-usa"],"share_on_mastodon":{"url":"https:\/\/pubeurope.com\/@fr\/116766132680263145","error":""},"_links":{"self":[{"href":"https:\/\/www.europesays.com\/fr\/wp-json\/wp\/v2\/posts\/1006291","targetHints":{"allow":["GET"]}}],"collection":[{"href":"https:\/\/www.europesays.com\/fr\/wp-json\/wp\/v2\/posts"}],"about":[{"href":"https:\/\/www.europesays.com\/fr\/wp-json\/wp\/v2\/types\/post"}],"author":[{"embeddable":true,"href":"https:\/\/www.europesays.com\/fr\/wp-json\/wp\/v2\/users\/2"}],"replies":[{"embeddable":true,"href":"https:\/\/www.europesays.com\/fr\/wp-json\/wp\/v2\/comments?post=1006291"}],"version-history":[{"count":0,"href":"https:\/\/www.europesays.com\/fr\/wp-json\/wp\/v2\/posts\/1006291\/revisions"}],"wp:featuredmedia":[{"embeddable":true,"href":"https:\/\/www.europesays.com\/fr\/wp-json\/wp\/v2\/media\/1006292"}],"wp:attachment":[{"href":"https:\/\/www.europesays.com\/fr\/wp-json\/wp\/v2\/media?parent=1006291"}],"wp:term":[{"taxonomy":"category","embeddable":true,"href":"https:\/\/www.europesays.com\/fr\/wp-json\/wp\/v2\/categories?post=1006291"},{"taxonomy":"post_tag","embeddable":true,"href":"https:\/\/www.europesays.com\/fr\/wp-json\/wp\/v2\/tags?post=1006291"}],"curies":[{"name":"wp","href":"https:\/\/api.w.org\/{rel}","templated":true}]}}