{"id":1006307,"date":"2026-06-17T15:37:21","date_gmt":"2026-06-17T15:37:21","guid":{"rendered":"https:\/\/www.europesays.com\/fr\/1006307\/"},"modified":"2026-06-17T15:37:21","modified_gmt":"2026-06-17T15:37:21","slug":"tour-de-france-2026-etape-13-dole-belfort-favoris-profil-de-letape-difficultes-arrivee-tout-savoir-sur-la-plus-longue-etape-de-cette-edition-de-la-grande-boucle","status":"publish","type":"post","link":"https:\/\/www.europesays.com\/fr\/1006307\/","title":{"rendered":"Tour de France 2026 &#8211; \u00c9tape 13 (Dole &#8211; Belfort) : favoris, profil de l\u2019\u00e9tape, difficult\u00e9s, arriv\u00e9e\u2026 tout savoir sur la plus longue \u00e9tape de cette \u00e9dition de la Grande Boucle"},"content":{"rendered":"<p>\n                                                                    l&rsquo;essentiel<br \/>\n                                                                Pour cette plus longue \u00e9tape du Tour de France 2026, le parcours se scinde \u00e0 nouveau en deux parties. Si les 150 premiers kilom\u00e8tres seront plats et appr\u00e9ci\u00e9s des sprinteurs, la 13e \u00e9tape de la Grande Boucle s&rsquo;attaquera \u00e0 l&rsquo;ascension du Ballon d&rsquo;Alsace avant de descendre vers Belfort. Une difficult\u00e9 qui pourra bousculer les \u00e9carts \u00e9tablis depuis le d\u00e9but de la course.\n                            <\/p>\n<p>Le profil de l&rsquo;\u00e9tape<\/p>\n<p>Sur les terres de Thibaut Pinot, les baroudeurs et puncheurs sont rois. Apr\u00e8s 150 kilom\u00e8tres de plat, le profil de la course va radicalement changer en s&rsquo;attaquant \u00e0 deux rudes ascensions dans le dernier quart de l&rsquo;\u00e9tape.\u00a0<\/p>\n<p>        <img decoding=\"async\" class=\"std-img__img responsive-img\" src=\"https:\/\/www.europesays.com\/fr\/wp-content\/uploads\/2026\/06\/1781710640_279_image.jpg\" alt=\"Le profil de l'\u00e9tape 13 du Tour de France\"\/><\/p>\n<p>                Le profil de l&rsquo;\u00e9tape 13 du Tour de France<br \/>\n                                    Site internet du Tour de France<\/p>\n<p>Engag\u00e9 sur une \u00e9tape de 205,8 kilom\u00e8tres, le peloton du Tour de France devra dans un premier temps franchir le col des Croix (5,1 kilom\u00e8tres \u00e0 4,8 %) avant de s&rsquo;attaquer au Ballon d&rsquo;Alsace. Ascension mythique de la r\u00e9gion Est, le Ballon d&rsquo;Alsace sera particuli\u00e8rement p\u00e9nible avec 8,9 kilom\u00e8tres \u00e0 6,9 %. Une difficult\u00e9 de cat\u00e9gorie 1 qui permettra probablement \u00e0 celui qui la franchira en premier de filer vers la victoire \u00e0 Belfort.\u00a0<\/p>\n<p>        <img decoding=\"async\" class=\"std-img__img responsive-img\" src=\"https:\/\/www.europesays.com\/fr\/wp-content\/uploads\/2026\/06\/1781710641_695_image.jpg\" alt=\"La carte de l'\u00e9tape 13.\"\/><\/p>\n<p>                La carte de l&rsquo;\u00e9tape 13.<\/p>\n<p>Le temps fort<\/p>\n<p>L&rsquo;ascension du Ballon d&rsquo;Alsace est le moment \u00e0 ne pas rater\u00a0ce 17 juillet. Principale ascension de la journ\u00e9e et de cat\u00e9gorie 1, elle risque de bousculer les \u00e9carts \u00e9tablis lors des 150 premiers kilom\u00e8tres.\u00a0<\/p>\n<p>R\u00e9guli\u00e8re dans sa pente mais particuli\u00e8rement longue (9 kilom\u00e8tres), l&rsquo;ascension du Ballon d&rsquo;Alsace repr\u00e9sente un vrai d\u00e9fi pour les cyclistes de la Grande Boucle.<\/p>\n<p>Avec un d\u00e9nivel\u00e9 de 621 m\u00e8tres et une pente maximale de 8,4 %, une attaque d&rsquo;un grimpeur ou d&rsquo;un baroudeur est fortement probable. Dans tous les cas, franchir en premi\u00e8re position ce col permettrait au leader de prendre une tr\u00e8s bonne option sur la victoire d&rsquo;\u00e9tape \u00e0 Belfort.<\/p>\n<p>Les favoris<\/p>\n<p>Si la premi\u00e8re partie de l&rsquo;\u00e9tape est plut\u00f4t destin\u00e9e aux sprinteurs et rouleurs, l&rsquo;ascension du Ballon d&rsquo;Alsace permettra probablement \u00e0 un baroudeur de s&rsquo;imposer \u00e0 Belfort. Le N\u00e9erlandais et petit-fils de \u00ab\u00a0Poupou\u00a0\u00bb, Mathieu van der Poel, pourrait \u00eatre celui qui franchira la ligne d&rsquo;arriv\u00e9e en premier. Son profil de puncheur pourrait notamment lui permettre d&rsquo;attaquer la t\u00eate de la course au moment de l&rsquo;ascension de la derni\u00e8re difficult\u00e9 de la journ\u00e9e.<\/p>\n","protected":false},"excerpt":{"rendered":"l&rsquo;essentiel Pour cette plus longue \u00e9tape du Tour de France 2026, le parcours se scinde \u00e0 nouveau en&hellip;\n","protected":false},"author":2,"featured_media":1006308,"comment_status":"","ping_status":"","sticky":false,"template":"","format":"standard","meta":{"footnotes":"","_share_on_mastodon":"0"},"categories":[1411],"tags":[1154,207,105365,1011,27,12618,517,60,61159],"class_list":["post-1006307","post","type-post","status-publish","format-standard","has-post-thumbnail","category-cyclisme","tag-cycling","tag-cyclisme","tag-detail-etape-13-dole-belfort","tag-fr","tag-france","tag-parcours","tag-sport","tag-sports","tag-tour-de-france-2026"],"share_on_mastodon":{"url":"https:\/\/pubeurope.com\/@fr\/116766196773451168","error":""},"_links":{"self":[{"href":"https:\/\/www.europesays.com\/fr\/wp-json\/wp\/v2\/posts\/1006307","targetHints":{"allow":["GET"]}}],"collection":[{"href":"https:\/\/www.europesays.com\/fr\/wp-json\/wp\/v2\/posts"}],"about":[{"href":"https:\/\/www.europesays.com\/fr\/wp-json\/wp\/v2\/types\/post"}],"author":[{"embeddable":true,"href":"https:\/\/www.europesays.com\/fr\/wp-json\/wp\/v2\/users\/2"}],"replies":[{"embeddable":true,"href":"https:\/\/www.europesays.com\/fr\/wp-json\/wp\/v2\/comments?post=1006307"}],"version-history":[{"count":0,"href":"https:\/\/www.europesays.com\/fr\/wp-json\/wp\/v2\/posts\/1006307\/revisions"}],"wp:featuredmedia":[{"embeddable":true,"href":"https:\/\/www.europesays.com\/fr\/wp-json\/wp\/v2\/media\/1006308"}],"wp:attachment":[{"href":"https:\/\/www.europesays.com\/fr\/wp-json\/wp\/v2\/media?parent=1006307"}],"wp:term":[{"taxonomy":"category","embeddable":true,"href":"https:\/\/www.europesays.com\/fr\/wp-json\/wp\/v2\/categories?post=1006307"},{"taxonomy":"post_tag","embeddable":true,"href":"https:\/\/www.europesays.com\/fr\/wp-json\/wp\/v2\/tags?post=1006307"}],"curies":[{"name":"wp","href":"https:\/\/api.w.org\/{rel}","templated":true}]}}