{"id":100632,"date":"2025-05-15T00:24:16","date_gmt":"2025-05-15T00:24:16","guid":{"rendered":"https:\/\/www.europesays.com\/fr\/100632\/"},"modified":"2025-05-15T00:24:16","modified_gmt":"2025-05-15T00:24:16","slug":"risques-orageux-soleil-temperatures-en-hausse-a-quelle-meteo-sattendre-pour-la-fin-de","status":"publish","type":"post","link":"https:\/\/www.europesays.com\/fr\/100632\/","title":{"rendered":"Risques orageux, soleil, temp\u00e9ratures en hausse\u2026 \u00c0 quelle m\u00e9t\u00e9o s\u2019attendre pour la fin de"},"content":{"rendered":"<p>Apr\u00e8s la pluie vient <a href=\"https:\/\/www.ouest-france.fr\/meteo\/\" target=\"_self\" rel=\"nofollow noopener\">le beau temps<\/a>. \u00c0 partir de jeudi 15\u00a0mai 2025, les Fran\u00e7ais vont pleinement profiter de cet adage, avec une m\u00e9t\u00e9o plus cl\u00e9mente et des temp\u00e9ratures qui vont en s\u2019adoucissant. N\u00e9anmoins, les \u00e9pisodes orageux pourraient persister dans certaines r\u00e9gions, \u00e0 cause de conditions climatiques sp\u00e9cifiques.<\/p>\n<p>Des risques d\u2019orages jeudi<\/p>\n<p>Jeudi, c\u2019est le quart sud-ouest, entre l\u2019Aquitaine et les Midi-Pyr\u00e9n\u00e9es, qui va devoir anticiper des averses orageuses, <strong>\u00ab\u00a0ponctuellement gr\u00ealig\u00e8nes\u00a0\u00bb,<\/strong>\u00a0<a href=\"https:\/\/meteofrance.com\/actualites-et-dossiers\/actualites\/meteo-une-fin-de-semaine-souvent-ensoleillee\" target=\"_self\" rel=\"nofollow noopener\">avertit M\u00e9t\u00e9o France<\/a>. Vigilance \u00e9galement dans le sud du massif alpin o\u00f9, m\u00eame si elles s\u2019annoncent plus faibles et isol\u00e9es, les averses orageuses risquent d\u2019\u00e9clater. Le reste du sud de la France et le quart nord-ouest vont quant \u00e0 eux profiter d\u2019un ciel bleu et ensoleill\u00e9.<\/p>\n<p><strong>\u00ab\u00a0Des nuages descendant de mer du Nord\u00a0\u00bb<\/strong> vont assombrir le ciel du quart nord-est le matin. Ils pourraient persister localement dans le Nord-Pas-de-Calais, o\u00f9 un vent nord, nord-est rafra\u00eechira l\u2019atmosph\u00e8re. En M\u00e9diterran\u00e9e, \u00e0 l\u2019inverse, la tramontane et le mistral seront accompagn\u00e9s de temp\u00e9ratures \u00e9lev\u00e9es.<\/p>\n<p>Le matin, il fera 13\u00a0\u00b0C \u00e0 Cherbourg et Lille, 17\u00a0\u00b0C \u00e0 Rennes et Brest, et 22\u00a0\u00b0C \u00e0 Montpellier et Ajaccio. L\u2019apr\u00e8s-midi, 17\u00a0\u00b0C sont attendus \u00e0 Rouen et Biarritz, 20\u00a0\u00b0C \u00e0 Metz et Aurillac, et 22\u00a0\u00b0C \u00e0 Nantes et Bourges.<\/p>\n<p><strong>Lire aussi\u00a0:<\/strong>\u00a0<a href=\"https:\/\/brest.maville.com\/actu\/actudet_-infographies.-ensoleillement-dans-le-finistere-en-2025-ce-que-disent-les-chiffres-_6-6807179_actu.Htm\" target=\"_self\" rel=\"nofollow noopener\">INFOGRAPHIES. Ensoleillement dans le Finist\u00e8re en 2025\u00a0: ce que disent les chiffres<\/a><\/p>\n<p>\t<img decoding=\"async\" src=\"https:\/\/www.europesays.com\/fr\/wp-content\/uploads\/2025\/05\/P35227718D6807345G_px_640_.jpg\" alt=\"photo les pr\u00e9visions des temp\u00e9ratures de jeudi 15\u00a0mai 2025.  \u00a9  m\u00e9t\u00e9o france\" width=\"640\" title=\" Les pr\u00e9visions des temp\u00e9ratures de jeudi 15\u00a0mai 2025.   M\u00e9t\u00e9o France \"\/><\/p>\n<p class=\"elmt-legende\"> Les pr\u00e9visions des temp\u00e9ratures de jeudi 15\u00a0mai 2025.   M\u00e9t\u00e9o France <\/p>\n<p>\u00ab\u00a0Un soleil g\u00e9n\u00e9reux\u00a0\u00bb vendredi<\/p>\n<p>Vendredi, c\u2019est au tour de la r\u00e9gion Provence-Alpes-C\u00f4te d\u2019Azur d\u2019\u00eatre menac\u00e9e par les orages, \u00e0 cause de la d\u00e9pression Ines, qui touche le sud de l\u2019Italie. L\u2019anticyclone qui se stabilise entre l\u2019\u00c9cosse et l\u2019Islande, va faire persister dans le ciel du reste de la France<strong> \u00ab\u00a0un soleil g\u00e9n\u00e9reux et des temp\u00e9ratures en l\u00e9g\u00e8re hausse au nord\u00a0\u00bb,<\/strong> annonce M\u00e9t\u00e9o France.<\/p>\n<p>C\u2019est \u00e0 Cherbourg qu\u2019il fera le plus froid le matin avec 14\u00a0\u00b0C, alors qu\u2019il fera 17\u00a0\u00b0C \u00e0 Paris et La Rochelle, et 20\u00a0\u00b0C \u00e0 Marseille et Nice. L\u2019apr\u00e8s-midi, il fera 17\u00a0\u00b0C \u00e0 Brest et Biarritz, 22\u00a0\u00b0C \u00e0 Tours et \u00e0 Lyon et 24\u00a0\u00b0C \u00e0 Bordeaux.<\/p>\n<p><strong>Lire aussi\u00a0: <\/strong> <a href=\"https:\/\/rennes.maville.com\/actu\/actudet_-intensite-degats-frequence...-le-rechauffement-climatique-aggrave-t-il-les-orages-de-grele-_54135-6806739_actu.Htm\" target=\"_self\" rel=\"nofollow noopener\">Intensit\u00e9, d\u00e9g\u00e2ts, fr\u00e9quence\u2026 Le r\u00e9chauffement climatique aggrave-t-il les orages de gr\u00eale\u00a0?<\/a><\/p>\n<p>\t<img decoding=\"async\" src=\"https:\/\/www.europesays.com\/fr\/wp-content\/uploads\/2025\/05\/P35227719D6807345G_px_640_.jpg\" alt=\"photo les pr\u00e9visions des temp\u00e9ratures de vendredi 16\u00a0mai 2025.  \u00a9  m\u00e9t\u00e9o france\" width=\"640\" title=\" Les pr\u00e9visions des temp\u00e9ratures de vendredi 16\u00a0mai 2025.   M\u00e9t\u00e9o France \"\/><\/p>\n<p class=\"elmt-legende\"> Les pr\u00e9visions des temp\u00e9ratures de vendredi 16\u00a0mai 2025.   M\u00e9t\u00e9o France <\/p>\n<p>L\u2019arriv\u00e9e de nuages en Normandie samedi<\/p>\n<p>Samedi\u00a017, rebelote. Le soleil sera toujours de la partie dans le ciel fran\u00e7ais, avec <strong>\u00ab\u00a0quelque cumulus l\u2019apr\u00e8s-midi\u00a0\u00bb,<\/strong>\u00a0<a href=\"https:\/\/actualite.lachainemeteo.com\/actualite-meteo\/2025-01-26\/meteo-week-end-un-beau-temps-printanier-en-prevision-75050\" target=\"_self\" rel=\"nofollow noopener\">d\u00e9taille <\/a>  <a href=\"https:\/\/actualite.lachainemeteo.com\/actualite-meteo\/2025-01-26\/meteo-week-end-un-beau-temps-printanier-en-prevision-75050\" target=\"_self\" rel=\"nofollow noopener\">La Cha\u00eene m\u00e9t\u00e9o<\/a> . Quelques exceptions \u00e0 noter cependant. D\u2019abord en Normandie, et plus largement au nord de la Seine, o\u00f9 des nuages bas et brumeux pourraient \u00eatre assez tenaces, se dissipant parfois l\u2019apr\u00e8s-midi.<\/p>\n<p>Quant aux Alpes et aux Pyr\u00e9n\u00e9es, les nuages pourraient s\u2019av\u00e9rer carr\u00e9ment mena\u00e7ants, avec des averses l\u2019apr\u00e8s-midi en montagne et sur la C\u00f4te d\u2019Azur.<\/p>\n<p>Le matin, 15\u00a0\u00b0C sont attendus \u00e0 Rennes et Alen\u00e7on, 16\u00a0\u00b0C \u00e0 Auxerre et Vichy, et 19\u00a0\u00b0C \u00e0 Lyon et Nice. Il fera 21\u00a0\u00b0C l\u2019apr\u00e8s-midi \u00e0 Reims et Paris, 23\u00a0\u00b0C \u00e0 Toulouse, et 24\u00a0\u00b0C \u00e0 Perpignan.<\/p>\n<p>\t<img decoding=\"async\" src=\"https:\/\/www.europesays.com\/fr\/wp-content\/uploads\/2025\/05\/P35227720D6807345G_px_640_.jpg\" alt=\"photo les pr\u00e9visions des temp\u00e9ratures de samedi 17\u00a0mai 2025.  \u00a9  m\u00e9t\u00e9o france\" width=\"640\" title=\" Les pr\u00e9visions des temp\u00e9ratures de samedi 17\u00a0mai 2025.   M\u00e9t\u00e9o France \"\/><\/p>\n<p class=\"elmt-legende\"> Les pr\u00e9visions des temp\u00e9ratures de samedi 17\u00a0mai 2025.   M\u00e9t\u00e9o France <\/p>\n<p>Des risques orageux localis\u00e9s dimanche<\/p>\n<p>Dimanche, le week-end prendra fin sur une excellente note avec une m\u00e9t\u00e9o ensoleill\u00e9e, malgr\u00e9 la persistance du risque d\u2019averses orageuses en montagne l\u2019apr\u00e8s-midi, \u00e0 cause du ph\u00e9nom\u00e8ne de l\u2019\u00e9volution diurne. Ce dernier explique la mani\u00e8re dont des orages tr\u00e8s localis\u00e9s se forment dans les massifs, et \u00e9clatent de mani\u00e8re syst\u00e9matique en fin d\u2019apr\u00e8s-midi. <a href=\"https:\/\/actualite.lachainemeteo.com\/actualite-meteo\/2019-04-18\/les-orages-d-evolution-diurne-50717\" target=\"_self\" rel=\"nofollow noopener\">Comme le rappelle <\/a>  <a href=\"https:\/\/actualite.lachainemeteo.com\/actualite-meteo\/2019-04-18\/les-orages-d-evolution-diurne-50717\" target=\"_self\" rel=\"nofollow noopener\">La Cha\u00eene m\u00e9t\u00e9o<\/a> , ils sont extr\u00eamement difficiles \u00e0 pr\u00e9voir. Ce risque d\u2019averses orageuses pourrait d\u2019ailleurs s\u2019\u00e9tendre vers le sud-ouest dans la soir\u00e9e ou la nuit.<\/p>\n<p>Pour les c\u00f4tes normandes et le nord de la Seine, rien ne va changer non plus, avec un temps assez mitig\u00e9, nuageux et des temp\u00e9ratures assez fra\u00eeches.<\/p>\n<p>\t<img decoding=\"async\" src=\"https:\/\/www.europesays.com\/fr\/wp-content\/uploads\/2025\/05\/P35227721D6807345G_px_640_.jpg\" alt=\"photo les pr\u00e9visions des temp\u00e9ratures de dimanche 18\u00a0mai 2025.  \u00a9  m\u00e9t\u00e9o france\" width=\"640\" title=\" Les pr\u00e9visions des temp\u00e9ratures de dimanche 18\u00a0mai 2025.   M\u00e9t\u00e9o France \"\/><\/p>\n<p class=\"elmt-legende\"> Les pr\u00e9visions des temp\u00e9ratures de dimanche 18\u00a0mai 2025.   M\u00e9t\u00e9o France <\/p>\n<p>Le matin, 15\u00a0\u00b0C sont attendus \u00e0 Lille et Cherbourg, 18\u00a0\u00b0C \u00e0 Brest et Bourges, et 20\u00a0\u00b0C \u00e0 Nantes et Marseille. Il fera 19\u00a0\u00b0C l\u2019apr\u00e8s-midi \u00e0 Rouen et Belfort, 22\u00a0\u00b0C \u00e0 La Rochelle et Perpignan, et 25\u00a0\u00b0C \u00e0 Toulouse et Nantes.<\/p>\n<p>\u00a0<\/p>\n","protected":false},"excerpt":{"rendered":"Apr\u00e8s la pluie vient le beau temps. \u00c0 partir de jeudi 15\u00a0mai 2025, les Fran\u00e7ais vont pleinement profiter&hellip;\n","protected":false},"author":2,"featured_media":100633,"comment_status":"","ping_status":"","sticky":false,"template":"","format":"standard","meta":{"footnotes":""},"categories":[2815],"tags":[1111,11,11351,1777,674,5729,1011,27,4508,811,1307,2487,12,21572,25,1148,5572,4904,13209],"class_list":{"0":"post-100632","1":"post","2":"type-post","3":"status-publish","4":"format-standard","5":"has-post-thumbnail","7":"category-lille","8":"tag-actu","9":"tag-actualites","10":"tag-attendre","11":"tag-eu","12":"tag-europe","13":"tag-fin","14":"tag-fr","15":"tag-france","16":"tag-hausse","17":"tag-hauts-de-france","18":"tag-lille","19":"tag-meteo","20":"tag-news","21":"tag-orageux","22":"tag-republique-francaise","23":"tag-risques","24":"tag-semaine","25":"tag-soleil","26":"tag-temperatures"},"share_on_mastodon":{"url":"https:\/\/pubeurope.com\/@fr\/114509005789527372","error":""},"_links":{"self":[{"href":"https:\/\/www.europesays.com\/fr\/wp-json\/wp\/v2\/posts\/100632","targetHints":{"allow":["GET"]}}],"collection":[{"href":"https:\/\/www.europesays.com\/fr\/wp-json\/wp\/v2\/posts"}],"about":[{"href":"https:\/\/www.europesays.com\/fr\/wp-json\/wp\/v2\/types\/post"}],"author":[{"embeddable":true,"href":"https:\/\/www.europesays.com\/fr\/wp-json\/wp\/v2\/users\/2"}],"replies":[{"embeddable":true,"href":"https:\/\/www.europesays.com\/fr\/wp-json\/wp\/v2\/comments?post=100632"}],"version-history":[{"count":0,"href":"https:\/\/www.europesays.com\/fr\/wp-json\/wp\/v2\/posts\/100632\/revisions"}],"wp:featuredmedia":[{"embeddable":true,"href":"https:\/\/www.europesays.com\/fr\/wp-json\/wp\/v2\/media\/100633"}],"wp:attachment":[{"href":"https:\/\/www.europesays.com\/fr\/wp-json\/wp\/v2\/media?parent=100632"}],"wp:term":[{"taxonomy":"category","embeddable":true,"href":"https:\/\/www.europesays.com\/fr\/wp-json\/wp\/v2\/categories?post=100632"},{"taxonomy":"post_tag","embeddable":true,"href":"https:\/\/www.europesays.com\/fr\/wp-json\/wp\/v2\/tags?post=100632"}],"curies":[{"name":"wp","href":"https:\/\/api.w.org\/{rel}","templated":true}]}}