{"id":1006377,"date":"2026-06-17T16:16:22","date_gmt":"2026-06-17T16:16:22","guid":{"rendered":"https:\/\/www.europesays.com\/fr\/1006377\/"},"modified":"2026-06-17T16:16:22","modified_gmt":"2026-06-17T16:16:22","slug":"tour-de-france-2026-etape-7-hagetmau-bordeaux-favoris-profil-de-letape-difficultes-arrivee-tout-savoir-sur-cette-etape-de-plaine-dans-les-landes-et-la-gironde","status":"publish","type":"post","link":"https:\/\/www.europesays.com\/fr\/1006377\/","title":{"rendered":"Tour de France 2026 &#8211; \u00c9tape 7 (Hagetmau &#8211; Bordeaux) : favoris, profil de l\u2019\u00e9tape, difficult\u00e9s, arriv\u00e9e&#8230; tout savoir sur cette \u00e9tape de plaine dans les Landes et la Gironde"},"content":{"rendered":"<p>\n                                                                    l&rsquo;essentiel<br \/>\n                                                                C&rsquo;est en passant au milieu des pins de la for\u00eat landaise que le peloton du Tour de France rejoindra la capitale girondine. Depuis Hagetmau, l&rsquo;\u00e9tape de plaine permettra aux sprinteurs et aux rouleurs de reprendre les devants au lendemain d&rsquo;une \u00e9tape exigeante dans les Pyr\u00e9n\u00e9es.\u00a0\n                            <\/p>\n<p>Le profil de l&rsquo;\u00e9tape<\/p>\n<p>C&rsquo;est une \u00e9tape avec pratiquement aucun relief. Sur 175,1 kilom\u00e8tres, les coureurs ne feront face \u00e0 aucun relief ce vendredi 10 juillet, mis \u00e0 part la petite c\u00f4te de B\u00e9guey (4e cat\u00e9gorie) \u00e0 une quarantaine de kilom\u00e8tres de l&rsquo;arriv\u00e9e.\u00a0<\/p>\n<p>        <img decoding=\"async\" class=\"std-img__img responsive-img\" src=\"https:\/\/www.europesays.com\/fr\/wp-content\/uploads\/2026\/06\/1781712981_784_image.jpg\" alt=\"Le profil de l'\u00e9tape 7 du Tour de France.\"\/><\/p>\n<p>                Le profil de l&rsquo;\u00e9tape 7 du Tour de France.<br \/>\n                                    Site internet du Tour de France<\/p>\n<p>Le peloton traversera notamment la for\u00eat de pins des Landes avant de rejoindre le sprint interm\u00e9diaire \u00e0 Landiras (Gironde). La victoire d&rsquo;\u00e9tape \u00e0 Bordeaux pourrait se jouer au sprint massif si aucun coureur aventurier ne s&rsquo;est \u00e9chapp\u00e9.<\/p>\n<p>        <img decoding=\"async\" class=\"std-img__img responsive-img\" src=\"https:\/\/www.europesays.com\/fr\/wp-content\/uploads\/2026\/06\/1781712982_681_image.jpg\" alt=\"La carte de l'\u00e9tape 7.\"\/><\/p>\n<p>                La carte de l&rsquo;\u00e9tape 7.<\/p>\n<p>Le temps fort<\/p>\n<p>Il y aura dans un premier temps le sprint interm\u00e9diaire \u00e0 Landiras, l&rsquo;occasion pour les sprinteurs de s&rsquo;expliquer et de se placer correctement dans le classement du maillot vert.<\/p>\n<p>L&rsquo;arriv\u00e9e dans Bordeaux sera \u00e9galement \u00e0 suivre. Les sprinteurs les plus en forme risquent de se d\u00e9tacher du reste du peloton pour aller chercher une victoire d&rsquo;\u00e9tape.<\/p>\n<p>Les favoris<\/p>\n<p>Avec seulement 850 m\u00e8tres de d\u00e9nivel\u00e9 positif, il s&rsquo;agit d&rsquo;une vraie \u00e9tape pour les sprinteurs et pour les rouleurs. Ces derniers pourront s&rsquo;exprimer pendant toute la course apr\u00e8s avoir subi les \u00e9tapes pyr\u00e9n\u00e9ennes.<\/p>\n<p>Le cycliste belge Jasper Philipsen s&rsquo;\u00e9tait d&rsquo;ailleurs d\u00e9j\u00e0 impos\u00e9 au sprint \u00e0 Bordeaux en 2023. Il avait d&rsquo;ailleurs remport\u00e9 le maillot vert de meilleur sprinteur \u00e0 la fin de la Grande Boucle.\u00a0<\/p>\n","protected":false},"excerpt":{"rendered":"l&rsquo;essentiel C&rsquo;est en passant au milieu des pins de la for\u00eat landaise que le peloton du Tour de&hellip;\n","protected":false},"author":2,"featured_media":1006378,"comment_status":"","ping_status":"","sticky":false,"template":"","format":"standard","meta":{"footnotes":"","_share_on_mastodon":"0"},"categories":[2817],"tags":[1111,11,1997,207,105373,1777,674,1011,27,12,2219,12618,25,517,61159],"class_list":["post-1006377","post","type-post","status-publish","format-standard","has-post-thumbnail","category-bordeaux","tag-actu","tag-actualites","tag-bordeaux","tag-cyclisme","tag-detail-etape-7-hagetmau-bordeaux","tag-eu","tag-europe","tag-fr","tag-france","tag-news","tag-nouvelle-aquitaine","tag-parcours","tag-republique-francaise","tag-sport","tag-tour-de-france-2026"],"share_on_mastodon":{"url":"https:\/\/pubeurope.com\/@fr\/116766350177880781","error":""},"_links":{"self":[{"href":"https:\/\/www.europesays.com\/fr\/wp-json\/wp\/v2\/posts\/1006377","targetHints":{"allow":["GET"]}}],"collection":[{"href":"https:\/\/www.europesays.com\/fr\/wp-json\/wp\/v2\/posts"}],"about":[{"href":"https:\/\/www.europesays.com\/fr\/wp-json\/wp\/v2\/types\/post"}],"author":[{"embeddable":true,"href":"https:\/\/www.europesays.com\/fr\/wp-json\/wp\/v2\/users\/2"}],"replies":[{"embeddable":true,"href":"https:\/\/www.europesays.com\/fr\/wp-json\/wp\/v2\/comments?post=1006377"}],"version-history":[{"count":0,"href":"https:\/\/www.europesays.com\/fr\/wp-json\/wp\/v2\/posts\/1006377\/revisions"}],"wp:featuredmedia":[{"embeddable":true,"href":"https:\/\/www.europesays.com\/fr\/wp-json\/wp\/v2\/media\/1006378"}],"wp:attachment":[{"href":"https:\/\/www.europesays.com\/fr\/wp-json\/wp\/v2\/media?parent=1006377"}],"wp:term":[{"taxonomy":"category","embeddable":true,"href":"https:\/\/www.europesays.com\/fr\/wp-json\/wp\/v2\/categories?post=1006377"},{"taxonomy":"post_tag","embeddable":true,"href":"https:\/\/www.europesays.com\/fr\/wp-json\/wp\/v2\/tags?post=1006377"}],"curies":[{"name":"wp","href":"https:\/\/api.w.org\/{rel}","templated":true}]}}