{"id":1006411,"date":"2026-06-17T16:34:23","date_gmt":"2026-06-17T16:34:23","guid":{"rendered":"https:\/\/www.europesays.com\/fr\/1006411\/"},"modified":"2026-06-17T16:34:23","modified_gmt":"2026-06-17T16:34:23","slug":"le-prince-harry-son-epouse-meghan-et-leurs-enfants-vont-prochainement-se-rendre-au-royaume-uni","status":"publish","type":"post","link":"https:\/\/www.europesays.com\/fr\/1006411\/","title":{"rendered":"Le prince Harry, son \u00e9pouse Meghan et leurs enfants vont prochainement se rendre au Royaume-Uni"},"content":{"rendered":"<p class=\"dm_article-chapeau\">Le prince Harry, son \u00e9pouse Meghan et leurs enfants vont se rendre au Royaume-Uni en juillet, annoncent les m\u00e9dias britanniques.<\/p>\n<p>Ce sera leur premi\u00e8re visite familiale en quatre ans. Le <a href=\"https:\/\/www.cnews.fr\/prince-harry\" rel=\"nofollow noopener\" target=\"_blank\">prince Harry<\/a>, 41 ans, son \u00e9pouse <a href=\"https:\/\/www.cnews.fr\/meghan-markle\" rel=\"nofollow noopener\" target=\"_blank\">Meghan<\/a>, 44 ans et leurs deux enfants, Archie, 7 ans, et Lilibet, 5 ans, se rendront en juillet prochain au Royaume-Uni, ont annonc\u00e9 ce mercredi 17 juin plusieurs m\u00e9dias britanniques, dont la <a href=\"https:\/\/www.bbc.com\/news\/articles\/ce3eqkzy2z4o\" rel=\"nofollow noopener\" target=\"_blank\">BBC<\/a>.\u00a0<\/p>\n<p>Install\u00e9 en Californie depuis qu\u2019il s\u2019est affranchi avec fracas de ses fonctions royales en 2020, le couple pr\u00e9voit ce d\u00e9placement dans le cadre de l\u2019organisation des Jeux Invictus, comp\u00e9tition multi-sports pour soldats et v\u00e9t\u00e9rans de guerre bless\u00e9s et personnes en situation de handicap, soutenue de longue date par Harry et qui se tiendra \u00e0 Birmingham en 2027.<\/p>\n<p>Pour l\u2019heure, il n\u2019est pas pr\u00e9cis\u00e9 si le fils cadet du roi, qui est venu plusieurs fois \u00e0 Londres ces derni\u00e8res ann\u00e9es &#8211; notamment en janvier dernier pour t\u00e9moigner au proc\u00e8s qu&rsquo;il a intent\u00e9 \u00e0 des tablo\u00efds &#8211; et sa famille rencontreront le prince William ou <a href=\"https:\/\/www.cnews.fr\/charles-iii\" rel=\"nofollow noopener\" target=\"_blank\">Charles III<\/a>.<\/p>\n<p>Le monarque n&rsquo;a pas vu ses petits-enfants Archie et <a href=\"https:\/\/www.cnews.fr\/people\/2026-02-16\/le-prince-harry-et-meghan-markle-devoilent-le-visage-de-leur-fille-lilibet-pour\" rel=\"nofollow noopener\" target=\"_blank\">Lilibet <\/a>depuis les c\u00e9l\u00e9brations du jubil\u00e9 de platine de la reine Elizabeth II, en 2022. Mais le prince Harry a manifest\u00e9 l\u2019envie d\u2019une r\u00e9conciliation avec sa famille.<\/p>\n<p>Dans une interview \u00e0 la BBC en mai 2025, il se disait aussi \u00abvraiment triste de ne pas pouvoir montrer (sa) patrie \u00e0 (ses) enfants\u00bb.<\/p>\n","protected":false},"excerpt":{"rendered":"Le prince Harry, son \u00e9pouse Meghan et leurs enfants vont se rendre au Royaume-Uni en juillet, annoncent les&hellip;\n","protected":false},"author":2,"featured_media":1006412,"comment_status":"","ping_status":"","sticky":false,"template":"","format":"standard","meta":{"footnotes":"","_share_on_mastodon":"0"},"categories":[1588],"tags":[11,581,1777,674,9048,908,12,973,267,473,1853,1851,1850,1852],"class_list":["post-1006411","post","type-post","status-publish","format-standard","has-post-thumbnail","category-royaume-uni","tag-actualites","tag-charles-iii","tag-eu","tag-europe","tag-famille-royale","tag-meghan-markle","tag-news","tag-people","tag-prince-harry","tag-royaume-uni","tag-royaume-uni-de-grande-bretagne-et-dirlande-du-nord","tag-uk","tag-united-kingdom","tag-united-kingdom-of-great-britain-and-northern-ireland"],"share_on_mastodon":{"url":"https:\/\/pubeurope.com\/@fr\/116766419684034636","error":""},"_links":{"self":[{"href":"https:\/\/www.europesays.com\/fr\/wp-json\/wp\/v2\/posts\/1006411","targetHints":{"allow":["GET"]}}],"collection":[{"href":"https:\/\/www.europesays.com\/fr\/wp-json\/wp\/v2\/posts"}],"about":[{"href":"https:\/\/www.europesays.com\/fr\/wp-json\/wp\/v2\/types\/post"}],"author":[{"embeddable":true,"href":"https:\/\/www.europesays.com\/fr\/wp-json\/wp\/v2\/users\/2"}],"replies":[{"embeddable":true,"href":"https:\/\/www.europesays.com\/fr\/wp-json\/wp\/v2\/comments?post=1006411"}],"version-history":[{"count":0,"href":"https:\/\/www.europesays.com\/fr\/wp-json\/wp\/v2\/posts\/1006411\/revisions"}],"wp:featuredmedia":[{"embeddable":true,"href":"https:\/\/www.europesays.com\/fr\/wp-json\/wp\/v2\/media\/1006412"}],"wp:attachment":[{"href":"https:\/\/www.europesays.com\/fr\/wp-json\/wp\/v2\/media?parent=1006411"}],"wp:term":[{"taxonomy":"category","embeddable":true,"href":"https:\/\/www.europesays.com\/fr\/wp-json\/wp\/v2\/categories?post=1006411"},{"taxonomy":"post_tag","embeddable":true,"href":"https:\/\/www.europesays.com\/fr\/wp-json\/wp\/v2\/tags?post=1006411"}],"curies":[{"name":"wp","href":"https:\/\/api.w.org\/{rel}","templated":true}]}}