{"id":1006413,"date":"2026-06-17T16:35:15","date_gmt":"2026-06-17T16:35:15","guid":{"rendered":"https:\/\/www.europesays.com\/fr\/1006413\/"},"modified":"2026-06-17T16:35:15","modified_gmt":"2026-06-17T16:35:15","slug":"emmanuel-macron-veut-doter-lue-de-droits-de-douane-a-la-trump-lallemagne-soutient-desormais-le-projet-francais","status":"publish","type":"post","link":"https:\/\/www.europesays.com\/fr\/1006413\/","title":{"rendered":"Emmanuel Macron veut doter l&rsquo;UE de droits de douane \u00e0 la Trump: l&rsquo;Allemagne soutient d\u00e9sormais le projet fran\u00e7ais"},"content":{"rendered":"<p>Face \u00e0 la mont\u00e9e des importations chinoises et \u00e0 la crainte d&rsquo;une d\u00e9sindustrialisation, la France et plusieurs grands pays europ\u00e9ens veulent doter l&rsquo;UE d&rsquo;un outil inspir\u00e9 de la \u00ab\u00a0Section 301\u00a0\u00bb am\u00e9ricaine pour pouvoir imposer rapidement des droits de douane cibl\u00e9s contre P\u00e9kin et mieux prot\u00e9ger l&rsquo;industrie europ\u00e9enne.<\/p>\n<p>L&rsquo;Europe pourra-t-elle bient\u00f4t d\u00e9gainer des \u00ab\u00a0tariffs\u00a0\u00bb \u00e0 la Donald Trump? Le pr\u00e9sident am\u00e9ricain fait la pluie et le beau temps sur le commerce mondial avec ses droits de douane et Bruxelles pourrait disposer de pouvoirs comparables.<\/p>\n<p>\u00c0 l&rsquo;occasion du sommet des dirigeants europ\u00e9ens qui s&rsquo;ouvre \u00e0 Bruxelles, la France, soutenue par l&rsquo;Allemagne, la Pologne, les Pays-Bas et la Belgique, pousse pour la cr\u00e9ation d&rsquo;un nouvel outil permettant d&rsquo;imposer rapidement des droits de douane cibl\u00e9s contre la Chine. Une initiative directement inspir\u00e9e de la Section 301 am\u00e9ricaine, utilis\u00e9e par Washington pour sanctionner les pays accus\u00e9s de pratiques commerciales d\u00e9loyales.<\/p>\n<p>C&rsquo;est Emmanuel Macron qui est le premier \u00e0 pousser pour ce projet.<\/p>\n<p>\u00ab\u00a0Il n\u2019y a aucune raison pour que, lorsque notre souverainet\u00e9 est en jeu, nous ne r\u00e9agissions pas\u00a0\u00bb, a lanc\u00e9 le pr\u00e9sident de la R\u00e9publique <a href=\"https:\/\/www.bfmtv.com\/economie\/economie-social\/union-europeenne\/une-section-301-a-l-europeenne-emmanuel-macron-veut-que-l-ue-s-inspire-des-etats-unis-pour-proteger-son-industrie-face-aux-pratiques-commerciales-jugees-deloyales_AV-202605220725.html\" title=\"&quot;Une section 301 \u00e0 l&#039;europ\u00e9enne&quot;: Emmanuel Macron veut que l&#039;UE s&#039;inspire des \u00c9tats-Unis pour prot\u00e9ger son industrie face aux pratiques commerciales jug\u00e9es &quot;d\u00e9loyales&quot;\" class=\"internal_link\" rel=\"nofollow noopener\" target=\"_blank\">le 22 mai dernier<\/a>, lors d&rsquo;un discours au<strong> <\/strong>Tr\u00e8s Grand Centre de Calcul du Commissariat \u00e0 l&rsquo;\u00e9nergie atomique et aux \u00e9nergies alternatives (CEA). \u00ab\u00a0Nous devons assumer des mesures de d\u00e9fense, c&rsquo;est-\u00e0-dire de sauvegarde, de pr\u00e9f\u00e9rence europ\u00e9enne\u00a0\u00bb, a-t-il insist\u00e9, en r\u00e9clamant \u00ab\u00a0l&rsquo;\u00e9quivalent d&rsquo;une section 301 \u00e0 l&rsquo;europ\u00e9enne.\u00a0\u00bb<\/p>\n<p>La section 301 est un m\u00e9canisme juridique qui autorise depuis 1974 le gouvernement am\u00e9ricain \u00e0 lancer des enqu\u00eates sur des pratiques commerciales jug\u00e9es \u00ab\u00a0d\u00e9loyales\u00a0\u00bb et \u00e0 y r\u00e9pondre, en particulier via des droits de douane. Le pr\u00e9sident am\u00e9ricain s&rsquo;est appuy\u00e9 sur cette loi pour d\u00e9cr\u00e9ter des hausses de droits de douane, notamment contre l&rsquo;UE.<\/p>\n<blockquote class=\"embed embed_quote\"><p>\u00ab\u00a0Les \u00c9tats-Unis n\u2019ont pas \u00e0 prouver l\u2019existence de subventions au niveau des entreprises ni \u00e0 intenter des poursuites pour chaque produit. Ils peuvent imposer des droits de douane cibl\u00e9s sur des secteurs entiers et les maintenir tant que la distorsion sous-jacente persiste\u00a0\u00bb, observent les \u00e9conomistes Brad Setser et Sander Tordoir, auteur d&rsquo;un <a href=\"https:\/\/www.cer.eu\/publications\/archive\/policy-brief\/2026\/china-shock-20-cost-germanys-complacency#section-11https:\/\/www.cer.eu\/publications\/archive\/policy-brief\/2026\/china-shock-20-cost-germanys-complacency#section-11\" target=\"_blank\" class=\"external_link\" rel=\"nofollow noopener\">rapport sur le sujet<\/a>.<\/p><\/blockquote>\n<p>La proposition port\u00e9e par la France vise \u00e0 donner \u00e0 Bruxelles davantage de moyens pour prot\u00e9ger l&rsquo;industrie europ\u00e9enne face \u00e0 l&rsquo;afflux de produits chinois \u00e0 bas prix. Le contexte s&rsquo;est nettement tendu ces derniers mois alors que l&rsquo;UE fait face \u00e0 un d\u00e9ficit commercial massif avec P\u00e9kin et \u00e0 une mont\u00e9e des inqui\u00e9tudes concernant la d\u00e9sindustrialisation du continent.<\/p>\n<p>\u00ab\u00a0Recourir \u00e0 des droits de douane\u00a0\u00bb<\/p>\n<p>Pour plusieurs \u00c9tats membres, les instruments actuellement disponibles ne sont plus adapt\u00e9s.<\/p>\n<blockquote class=\"embed embed_quote\"><p>\u00ab\u00a0Outre un outil de diversification, il vous faudra probablement aussi un instrument de protection\u00a0\u00bb, a d\u00e9clar\u00e9 un haut diplomate de l&rsquo;UE au <a href=\"https:\/\/www.ft.com\/content\/06b7fe04-25f7-445b-824a-135ae73596a5?syn-25a6b1a6=1\" target=\"_blank\" class=\"external_link\" rel=\"nofollow noopener\">Financial Times<\/a>. Si la Chine, ou tout autre pays, d\u00e9tient une part de march\u00e9 sup\u00e9rieure \u00e0 40 ou 50%, ce qui pourrait menacer notre s\u00e9curit\u00e9 \u00e9conomique, alors il faudra peut-\u00eatre recourir \u00e0 des droits de douane.\u00a0\u00bb<\/p><\/blockquote>\n<p>Les responsables europ\u00e9ens jugent notamment que les mesures de sauvegarde existantes produisent trop d&rsquo;effets ind\u00e9sirables. La r\u00e9cente d\u00e9cision visant \u00e0 prot\u00e9ger la sid\u00e9rurgie europ\u00e9enne en r\u00e9duisant de moiti\u00e9 les importations \u00e0 bas droits de douane et en appliquant une taxe de 50% a provoqu\u00e9 de fortes tensions avec plusieurs partenaires commerciaux. Cette mesure, trop cibl\u00e9e, a touch\u00e9 les produits de partenaires commerciaux privil\u00e9gi\u00e9s comme le Royaume-Uni, le Japon ou la Suisse.<\/p>\n<p>L&rsquo;UE poss\u00e8de bien un outil juridique, <a href=\"https:\/\/www.bfmtv.com\/economie\/international\/tout-comprendre-qu-est-ce-que-l-instrument-anti-coercition-ce-bazooka-commercial-de-l-ue-que-la-france-voudrait-degainer-contre-les-etats-unis_AV-202507220327.html\" title=\"TOUT COMPRENDRE. Donald Trump r\u00e9cidive avec les droits de douane: qu&#039;est-ce que l&#039;&quot;instrument anti-coercition&quot;, ce &quot;bazooka commercial&quot; de l&#039;UE qu&#039;Emmanuel Macron souhaite d\u00e9gainer contre les \u00c9tats-Unis?\" class=\"internal_link\" rel=\"nofollow noopener\" target=\"_blank\">l&rsquo;instrument anti-coercition<\/a>, qui a notamment \u00e9t\u00e9 brandi en menace face aux pressions am\u00e9ricaines. Mais il est trop \u00ab\u00a0puissant\u00a0\u00bb, difficile \u00e0 mettre en oeuvre et peine \u00e0 convaincre. Il n&rsquo;a d&rsquo;ailleurs jamais \u00e9t\u00e9 activ\u00e9.<\/p>\n<p>D&rsquo;o\u00f9 la volont\u00e9 croissante de cr\u00e9er un nouveau m\u00e9canisme de d\u00e9fense commerciale plus simple et plus rapide \u00e0 activer.<\/p>\n<p>Le ton s&rsquo;est durci vis-\u00e0-vis de P\u00e9kin.<\/p>\n<p>\u00ab\u00a0Nous restons, par principe, favorables au libre-\u00e9change et \u00e0 l&rsquo;OMC, mais nous ne sommes plus na\u00effs\u00a0\u00bb, a d\u00e9clar\u00e9 un haut diplomate de l&rsquo;UE. Si vous lisez le plan quinquennal de la Chine, vous constaterez qu&rsquo;il s&rsquo;agit\u2026 d&rsquo;une attaque contre le march\u00e9. La Chine a d\u00e9cid\u00e9 de ne plus rien importer et de subventionner les surcapacit\u00e9s, inondant nos march\u00e9s de produits.\u00a0\u00bb<\/p>\n<p>La crainte de repr\u00e9sailles<\/p>\n<p>La Commission europ\u00e9enne travaille parall\u00e8lement sur un \u00ab\u00a0instrument de diversification\u00a0\u00bb qui obligerait les entreprises \u00e0 multiplier leurs sources d&rsquo;approvisionnement afin de r\u00e9duire leur d\u00e9pendance \u00e0 la Chine dans des secteurs strat\u00e9giques comme les terres rares ou les batteries. Une r\u00e9ponse \u00e0 ce que l&rsquo;OCDE d\u00e9crit comme un recours massif aux subventions chinoises, m\u00eame si P\u00e9kin rejette syst\u00e9matiquement ces accusations.<\/p>\n<p>Reste que le d\u00e9bat divise encore les capitales europ\u00e9ennes. Plusieurs pays redoutent les repr\u00e9sailles chinoises, alors que P\u00e9kin a d\u00e9j\u00e0 augment\u00e9 les droits de douane sur certains produits alimentaires et boissons europ\u00e9ens et restreint ses exportations de mati\u00e8res premi\u00e8res critiques.<\/p>\n<p>Mais les partisans d&rsquo;une ligne plus ferme estiment que le moment est venu d&rsquo;agir. La pr\u00e9sidente de la Commission europ\u00e9enne, Ursula von der Leyen, a ainsi affirm\u00e9 \u00e0 l&rsquo;issue du G7 d&rsquo;Evian qu&rsquo;il fallait \u00ab\u00a0veiller \u00e0 disposer des outils ad\u00e9quats pour prot\u00e9ger notre march\u00e9 en cas de besoin.\u00a0\u00bb<\/p>\n<p>Une conviction r\u00e9sum\u00e9e d\u00e8s mars par le Premier ministre belge Bart De Wever:<\/p>\n<p>\u00ab\u00a0La question est de savoir si nous sommes pr\u00eats \u00e0 endurer cette souffrance [les repr\u00e9sailles chinoises]. Ma r\u00e9ponse est oui, car nous sommes arriv\u00e9s \u00e0 un point de non-retour o\u00f9 nous devons faire des choix difficiles \u00e0 court terme vis-\u00e0-vis de la Chine afin de prot\u00e9ger nos industries, nos \u00e9conomies et le bien-\u00eatre de nos citoyens \u00e0 long terme.\u00a0\u00bb<\/p>\n","protected":false},"excerpt":{"rendered":"Face \u00e0 la mont\u00e9e des importations chinoises et \u00e0 la crainte d&rsquo;une d\u00e9sindustrialisation, la France et plusieurs grands&hellip;\n","protected":false},"author":2,"featured_media":1006414,"comment_status":"","ping_status":"","sticky":false,"template":"","format":"standard","meta":{"footnotes":"","_share_on_mastodon":"0"},"categories":[1587],"tags":[11,672,1804,1805,1803,1777,674,1801,12,1802],"class_list":["post-1006413","post","type-post","status-publish","format-standard","has-post-thumbnail","category-allemagne","tag-actualites","tag-allemagne","tag-bundesrepublik-deutschland","tag-de","tag-deutschland","tag-eu","tag-europe","tag-germany","tag-news","tag-republique-federale-dallemagne"],"share_on_mastodon":{"url":"https:\/\/pubeurope.com\/@fr\/116766423576915073","error":""},"_links":{"self":[{"href":"https:\/\/www.europesays.com\/fr\/wp-json\/wp\/v2\/posts\/1006413","targetHints":{"allow":["GET"]}}],"collection":[{"href":"https:\/\/www.europesays.com\/fr\/wp-json\/wp\/v2\/posts"}],"about":[{"href":"https:\/\/www.europesays.com\/fr\/wp-json\/wp\/v2\/types\/post"}],"author":[{"embeddable":true,"href":"https:\/\/www.europesays.com\/fr\/wp-json\/wp\/v2\/users\/2"}],"replies":[{"embeddable":true,"href":"https:\/\/www.europesays.com\/fr\/wp-json\/wp\/v2\/comments?post=1006413"}],"version-history":[{"count":0,"href":"https:\/\/www.europesays.com\/fr\/wp-json\/wp\/v2\/posts\/1006413\/revisions"}],"wp:featuredmedia":[{"embeddable":true,"href":"https:\/\/www.europesays.com\/fr\/wp-json\/wp\/v2\/media\/1006414"}],"wp:attachment":[{"href":"https:\/\/www.europesays.com\/fr\/wp-json\/wp\/v2\/media?parent=1006413"}],"wp:term":[{"taxonomy":"category","embeddable":true,"href":"https:\/\/www.europesays.com\/fr\/wp-json\/wp\/v2\/categories?post=1006413"},{"taxonomy":"post_tag","embeddable":true,"href":"https:\/\/www.europesays.com\/fr\/wp-json\/wp\/v2\/tags?post=1006413"}],"curies":[{"name":"wp","href":"https:\/\/api.w.org\/{rel}","templated":true}]}}