{"id":100648,"date":"2025-05-15T00:33:20","date_gmt":"2025-05-15T00:33:20","guid":{"rendered":"https:\/\/www.europesays.com\/fr\/100648\/"},"modified":"2025-05-15T00:33:20","modified_gmt":"2025-05-15T00:33:20","slug":"deux-touristes-americains-agresses-a-coups-de-tours-eiffel-miniatures","status":"publish","type":"post","link":"https:\/\/www.europesays.com\/fr\/100648\/","title":{"rendered":"Deux touristes am\u00e9ricains agress\u00e9s \u00e0 coups de tours Eiffel miniatures"},"content":{"rendered":"<p>Ils ne devaient pas penser \u00e0 cela en imaginant voir la <a data-i13n=\"cpos:1;pos:1\" href=\"https:\/\/www.20minutes.fr\/dossier\/tour_eiffel?at_medium=RSS%20feed&amp;at_campaign=ynews&amp;utm_source=yahoo&amp;utm_medium=rss&amp;utm_campaign=news_feed&amp;utm_content=in_article_link\" rel=\"nofollow noopener\" target=\"_blank\" data-ylk=\"slk:tour Eiffel;cpos:1;pos:1;elm:context_link;itc:0;sec:content-canvas\" class=\"link \">tour Eiffel<\/a> de pr\u00e8s. Ce mardi, deux <a data-i13n=\"cpos:2;pos:1\" href=\"https:\/\/www.20minutes.fr\/dossier\/tourisme?at_medium=RSS%20feed&amp;at_campaign=ynews&amp;utm_source=yahoo&amp;utm_medium=rss&amp;utm_campaign=news_feed&amp;utm_content=in_article_link\" rel=\"nofollow noopener\" target=\"_blank\" data-ylk=\"slk:touristes;cpos:2;pos:1;elm:context_link;itc:0;sec:content-canvas\" class=\"link \">touristes<\/a> am\u00e9ricains ont port\u00e9 plainte pour une agression \u00e0 coups de tours Eiffel miniatures, rapportent nos confr\u00e8res du <a data-i13n=\"cpos:3;pos:1\" href=\"https:\/\/www.leparisien.fr\/faits-divers\/paris-deux-touristes-americains-attaques-a-coups-de-tours-eiffel-miniatures-14-05-2025-DTRC537EYZFWNPP4ALI33JYNHY.php?at_medium=RSS%20feed&amp;at_campaign=ynews&amp;utm_source=yahoo&amp;utm_medium=rss&amp;utm_campaign=news_feed&amp;utm_content=in_article_link\" rel=\"nofollow noopener\" target=\"_blank\" data-ylk=\"slk:Parisien;cpos:3;pos:1;elm:context_link;itc:0;sec:content-canvas\" class=\"link \">Parisien<\/a>. Selon le quotidien, les auteurs de ces coups sont des vendeurs \u00e0 la sauvette, de ceux qui proposent un tas de bibelots, dont des tours Eiffel miniatures tout autour du Champ de Mars (7e arrondissement).<\/p>\n<p>Un suspect a \u00e9t\u00e9 interpell\u00e9 peu de temps apr\u00e8s les faits et plac\u00e9 en garde \u00e0 vue dans les locaux du <a data-i13n=\"cpos:4;pos:1\" href=\"https:\/\/www.20minutes.fr\/dossier\/commissariat?at_medium=RSS%20feed&amp;at_campaign=ynews&amp;utm_source=yahoo&amp;utm_medium=rss&amp;utm_campaign=news_feed&amp;utm_content=in_article_link\" rel=\"nofollow noopener\" target=\"_blank\" data-ylk=\"slk:commissariat;cpos:4;pos:1;elm:context_link;itc:0;sec:content-canvas\" class=\"link \">commissariat<\/a> de l\u2019arrondissement sans assurance qu\u2019il s\u2019agisse du coupable, selon une source cit\u00e9e par le m\u00e9dia. \u00ab Il faut rester tr\u00e8s prudent sur cette interpellation. L\u2019homme correspond au signalement, mais l\u2019enqu\u00eate ne fait que commencer. \u00bb<\/p>\n<p>Les fr\u00e8res filmaient les vendeurs avec leur t\u00e9l\u00e9phone<\/p>\n<p>L\u2019altercation aurait d\u00e9marr\u00e9 aux alentours de 15 heures entre le quai <a data-i13n=\"cpos:5;pos:1\" href=\"https:\/\/www.20minutes.fr\/paris\/4149286-20250418-paris-quoi-ilot-chirac-ensemble-immobilier-vendu-165-millions-euros?at_medium=RSS%20feed&amp;at_campaign=ynews&amp;utm_source=yahoo&amp;utm_medium=rss&amp;utm_campaign=news_feed&amp;utm_content=in_article_link\" rel=\"nofollow noopener\" target=\"_blank\" data-ylk=\"slk:Jacques-Chirac;cpos:5;pos:1;elm:context_link;itc:0;sec:content-canvas\" class=\"link \">Jacques-Chirac<\/a> et l\u2019avenue de Suffren. Les touristes, deux fr\u00e8res <a data-i13n=\"cpos:6;pos:1\" href=\"https:\/\/www.20minutes.fr\/monde\/etats-unis\/?at_medium=RSS%20feed&amp;at_campaign=ynews&amp;utm_source=yahoo&amp;utm_medium=rss&amp;utm_campaign=news_feed&amp;utm_content=in_article_link\" rel=\"nofollow noopener\" target=\"_blank\" data-ylk=\"slk:am\u00e9ricains;cpos:6;pos:1;elm:context_link;itc:0;sec:content-canvas\" class=\"link \">am\u00e9ricains<\/a> \u00e2g\u00e9s de 24 et 28 ans, \u00e9taient en train de filmer les vendeurs \u00e0 la sauvette avec leur t\u00e9l\u00e9phone portable. Un acte mal v\u00e9cu par ces derniers ce qui a entra\u00een\u00e9 le conflit. L\u2019un d\u2019eux aurait port\u00e9 un coup au visage de l\u2019un des fr\u00e8res provoquant une plaie saignante.<\/p>\n<p>Les pompiers sont intervenus pour prodiguer les premiers soins, \u00ab des blessures l\u00e9g\u00e8res \u00bb pour lesquelles les fr\u00e8res n\u2019ont pas souhait\u00e9 \u00eatre transport\u00e9s \u00e0 l\u2019h\u00f4pital.<\/p>\n<p>Les vendeurs \u00e0 la sauvette impliqu\u00e9s dans l\u2019altercation ont pris la fuite \u00e0 l\u2019arriv\u00e9e de la police(&#8230;)<\/p>\n<p><a data-i13n=\"cpos:7;pos:1\" href=\"https:\/\/www.20minutes.fr\/faits_divers\/4153394-20250514-paris-deux-touristes-americains-agresses-coups-tours-eiffel-miniatures?at_medium=RSS%20feed&amp;at_campaign=ynews&amp;utm_source=yahoo&amp;utm_medium=rss&amp;utm_campaign=news_feed&amp;utm_content=read_more_link%22\" rel=\"nofollow noopener\" target=\"_blank\" data-ylk=\"slk:Lire la suite sur 20minutes;cpos:7;pos:1;elm:context_link;itc:0;sec:content-canvas\" class=\"link \">Lire la suite sur 20minutes<\/a><\/p>\n<p>\u00c0 lire aussi :<br \/><a data-i13n=\"cpos:8;pos:1\" href=\"https:\/\/www.20minutes.fr\/paris\/4049042-20230815-paris-deux-touristes-americains-ivres-passent-nuit-tour-eiffel?at_medium=RSS%20feed&amp;at_campaign=ynews&amp;utm_source=yahoo&amp;utm_medium=rss&amp;utm_campaign=news_feed&amp;utm_content=related_content_link\" rel=\"nofollow noopener\" target=\"_blank\" data-ylk=\"slk:Paris : Deux touristes am\u00e9ricains ivres passent la nuit dans la Tour Eiffel;cpos:8;pos:1;elm:context_link;itc:0;sec:content-canvas\" class=\"link \">Paris : Deux touristes am\u00e9ricains ivres passent la nuit dans la Tour Eiffel<\/a><br \/><a data-i13n=\"cpos:9;pos:1\" href=\"https:\/\/www.20minutes.fr\/monde\/japon\/4143477-20250314-chine-deux-touristes-font-sejour-prison-avoir-montre-fesses-grande-muraille?at_medium=RSS%20feed&amp;at_campaign=ynews&amp;utm_source=yahoo&amp;utm_medium=rss&amp;utm_campaign=news_feed&amp;utm_content=related_content_link\" rel=\"nofollow noopener\" target=\"_blank\" data-ylk=\"slk:Chine : Deux touristes passent deux semaines en prison pour avoir montr\u00e9 leurs fesses sur la Grande muraille;cpos:9;pos:1;elm:context_link;itc:0;sec:content-canvas\" class=\"link \">Chine : Deux touristes passent deux semaines en prison pour avoir montr\u00e9 leurs fesses sur la Grande muraille<\/a><\/p>\n","protected":false},"excerpt":{"rendered":"Ils ne devaient pas penser \u00e0 cela en imaginant voir la tour Eiffel de pr\u00e8s. Ce mardi, deux&hellip;\n","protected":false},"author":2,"featured_media":100649,"comment_status":"","ping_status":"","sticky":false,"template":"","format":"standard","meta":{"footnotes":""},"categories":[1888],"tags":[2785,1111,1928,11,1927,21574,1777,674,1011,27,12,1926,626,1925,25,7184,21030],"class_list":{"0":"post-100648","1":"post","2":"type-post","3":"status-publish","4":"format-standard","5":"has-post-thumbnail","7":"category-paris","8":"tag-7e-arrondissement","9":"tag-actu","10":"tag-actu-paris","11":"tag-actualites","12":"tag-actualites-paris","13":"tag-deux-freres-americains","14":"tag-eu","15":"tag-europe","16":"tag-fr","17":"tag-france","18":"tag-news","19":"tag-news-paris","20":"tag-paris","21":"tag-paris-news","22":"tag-republique-francaise","23":"tag-tour-eiffel","24":"tag-touristes"},"share_on_mastodon":{"url":"https:\/\/pubeurope.com\/@fr\/114509041209210628","error":""},"_links":{"self":[{"href":"https:\/\/www.europesays.com\/fr\/wp-json\/wp\/v2\/posts\/100648","targetHints":{"allow":["GET"]}}],"collection":[{"href":"https:\/\/www.europesays.com\/fr\/wp-json\/wp\/v2\/posts"}],"about":[{"href":"https:\/\/www.europesays.com\/fr\/wp-json\/wp\/v2\/types\/post"}],"author":[{"embeddable":true,"href":"https:\/\/www.europesays.com\/fr\/wp-json\/wp\/v2\/users\/2"}],"replies":[{"embeddable":true,"href":"https:\/\/www.europesays.com\/fr\/wp-json\/wp\/v2\/comments?post=100648"}],"version-history":[{"count":0,"href":"https:\/\/www.europesays.com\/fr\/wp-json\/wp\/v2\/posts\/100648\/revisions"}],"wp:featuredmedia":[{"embeddable":true,"href":"https:\/\/www.europesays.com\/fr\/wp-json\/wp\/v2\/media\/100649"}],"wp:attachment":[{"href":"https:\/\/www.europesays.com\/fr\/wp-json\/wp\/v2\/media?parent=100648"}],"wp:term":[{"taxonomy":"category","embeddable":true,"href":"https:\/\/www.europesays.com\/fr\/wp-json\/wp\/v2\/categories?post=100648"},{"taxonomy":"post_tag","embeddable":true,"href":"https:\/\/www.europesays.com\/fr\/wp-json\/wp\/v2\/tags?post=100648"}],"curies":[{"name":"wp","href":"https:\/\/api.w.org\/{rel}","templated":true}]}}