{"id":1006728,"date":"2026-06-17T19:58:16","date_gmt":"2026-06-17T19:58:16","guid":{"rendered":"https:\/\/www.europesays.com\/fr\/1006728\/"},"modified":"2026-06-17T19:58:16","modified_gmt":"2026-06-17T19:58:16","slug":"les-douleurs-les-comprendre-pour-mieux-les-maitriser-une-conference-organisee-ce-jeudi","status":"publish","type":"post","link":"https:\/\/www.europesays.com\/fr\/1006728\/","title":{"rendered":"\u00ab\u00a0Les douleurs, les comprendre pour mieux les ma\u00eetriser\u00a0\u00bb, une conf\u00e9rence organis\u00e9e ce jeudi"},"content":{"rendered":"<p>GPMA, une association\u00a0d\u2019assur\u00e9s qui souscrit des contrats sant\u00e9 et pr\u00e9voyance, organise, ce jeudi, une conf\u00e9rence sur le th\u00e8me \u00ab\u00a0Les douleurs\u00a0: les comprendre pour mieux les ma\u00eetriser\u00a0\u00bb. Blandine Armand, m\u00e9decin algologue au centre de la douleur du CHU de Nantes, responsable des douleurs de la personne \u00e2g\u00e9e, traitera le sujet.<\/p>\n<p>Elle abordera successivement les m\u00e9canismes de la douleur\u00a0(pourquoi et comment surviennent-elles, quels sont les diff\u00e9rents types de douleurs) et les moyens de la ma\u00eetriser\u00a0(les diff\u00e9rentes approches qui sont valid\u00e9es par la m\u00e9decine).<\/p>\n<p>L\u2019exemple de l\u2019arthrose sera d\u00e9taill\u00e9.<\/p>\n<p>Ce jeudi 18\u00a0juin, \u00e0 12\u00a0h au Sure H\u00f4tel, 27,\u00a0rue du Chemin-Rouge, Nantes. <a href=\"https:\/\/admin.eventdrive.com\/fr\/les-douleurs-comprendre-pour-mieux-maitriser-conference-a-nantes\/sinscrire\/single\" target=\"_self\" rel=\"nofollow noopener\"> Gratuit et ouvert \u00e0 tous, sur inscription.<\/a><\/p>\n<p>\u00a0<\/p>\n","protected":false},"excerpt":{"rendered":"GPMA, une association\u00a0d\u2019assur\u00e9s qui souscrit des contrats sant\u00e9 et pr\u00e9voyance, organise, ce jeudi, une conf\u00e9rence sur le th\u00e8me&hellip;\n","protected":false},"author":2,"featured_media":1006729,"comment_status":"","ping_status":"","sticky":false,"template":"","format":"standard","meta":{"footnotes":"","_share_on_mastodon":"0"},"categories":[2818],"tags":[1111,11,12635,6211,9008,1777,674,1011,27,9272,69972,32557,766,12,11367,2636,25],"class_list":["post-1006728","post","type-post","status-publish","format-standard","has-post-thumbnail","category-nantes","tag-actu","tag-actualites","tag-comprendre","tag-conference","tag-douleurs","tag-eu","tag-europe","tag-fr","tag-france","tag-jeudi","tag-maitriser","tag-mieux","tag-nantes","tag-news","tag-organisee","tag-pays-de-la-loire","tag-republique-francaise"],"share_on_mastodon":{"url":"https:\/\/pubeurope.com\/@fr\/116767221753743244","error":""},"_links":{"self":[{"href":"https:\/\/www.europesays.com\/fr\/wp-json\/wp\/v2\/posts\/1006728","targetHints":{"allow":["GET"]}}],"collection":[{"href":"https:\/\/www.europesays.com\/fr\/wp-json\/wp\/v2\/posts"}],"about":[{"href":"https:\/\/www.europesays.com\/fr\/wp-json\/wp\/v2\/types\/post"}],"author":[{"embeddable":true,"href":"https:\/\/www.europesays.com\/fr\/wp-json\/wp\/v2\/users\/2"}],"replies":[{"embeddable":true,"href":"https:\/\/www.europesays.com\/fr\/wp-json\/wp\/v2\/comments?post=1006728"}],"version-history":[{"count":0,"href":"https:\/\/www.europesays.com\/fr\/wp-json\/wp\/v2\/posts\/1006728\/revisions"}],"wp:featuredmedia":[{"embeddable":true,"href":"https:\/\/www.europesays.com\/fr\/wp-json\/wp\/v2\/media\/1006729"}],"wp:attachment":[{"href":"https:\/\/www.europesays.com\/fr\/wp-json\/wp\/v2\/media?parent=1006728"}],"wp:term":[{"taxonomy":"category","embeddable":true,"href":"https:\/\/www.europesays.com\/fr\/wp-json\/wp\/v2\/categories?post=1006728"},{"taxonomy":"post_tag","embeddable":true,"href":"https:\/\/www.europesays.com\/fr\/wp-json\/wp\/v2\/tags?post=1006728"}],"curies":[{"name":"wp","href":"https:\/\/api.w.org\/{rel}","templated":true}]}}