{"id":100675,"date":"2025-05-15T00:47:09","date_gmt":"2025-05-15T00:47:09","guid":{"rendered":"https:\/\/www.europesays.com\/fr\/100675\/"},"modified":"2025-05-15T00:47:09","modified_gmt":"2025-05-15T00:47:09","slug":"volley-ball-lamericaine-kjersti-strong-premiere-recrue-du-volley-mulhouse-alsace","status":"publish","type":"post","link":"https:\/\/www.europesays.com\/fr\/100675\/","title":{"rendered":"Volley-ball. L&rsquo;Am\u00e9ricaine Kjersti Strong, premi\u00e8re recrue du Volley Mulhouse Alsace"},"content":{"rendered":"<p>Il s\u2019agit d\u2019une autre Am\u00e9ricaine, la jeune Kjersti Strong (22 ans), qui \u00e9voluera elle aussi au poste de centrale au sein de l\u2019effectif mulhousien.<\/p>\n<p>Originaire de Mechanicsburg en Pennsylvanie, cette longiligne joueuse d\u20191,93\u00a0m a fini son parcours universitaire en d\u00e9cembre dernier aux Cougars de la Brigham Young University, dans l\u2019Utah. Son \u00e9quipe a \u00e9t\u00e9 \u00e9limin\u00e9e d\u2019entr\u00e9e dans le tournoi final par la Loyola University de Chicago.<\/p>\n<p>Apr\u00e8s avoir d\u00e9but\u00e9 son cursus chez les Badgers de Snow College, d\u00e9j\u00e0 dans l\u2019Utah, o\u00f9 elle n\u2019est rest\u00e9e qu\u2019une saison, Kjersti Strong a rejoint les Gaels de Saint Mary en Californie. Elle y a jou\u00e9 deux ans et a fini meilleure attaquante et meilleure contreuse de son \u00e9quipe.<\/p>\n<p>Au terme de son cursus universitaire, la centrale US a sign\u00e9 aux Atenienses de Manati, \u00e0 Porto Rico, o\u00f9 elle \u00e9tait associ\u00e9e au centre, ces derni\u00e8res semaines, \u00e0 une ancienne joueuse du championnat de France de Ligue A f\u00e9minine, l\u2019Am\u00e9ricaine Kristin Savage, qui a jou\u00e9 \u00e0 Marcq-en-Baroeul lors de la saison 2023-2024.<\/p>\n","protected":false},"excerpt":{"rendered":"Il s\u2019agit d\u2019une autre Am\u00e9ricaine, la jeune Kjersti Strong (22 ans), qui \u00e9voluera elle aussi au poste de&hellip;\n","protected":false},"author":2,"featured_media":100676,"comment_status":"","ping_status":"","sticky":false,"template":"","format":"standard","meta":{"footnotes":""},"categories":[1417],"tags":[107,1011,27,1637,1634,517,60,1470,1633,1632,1469],"class_list":{"0":"post-100675","1":"post","2":"type-post","3":"status-publish","4":"format-standard","5":"has-post-thumbnail","7":"category-volley","8":"tag-fil-info","9":"tag-fr","10":"tag-france","11":"tag-haut-rhin","12":"tag-mulhouse","13":"tag-sport","14":"tag-sports","15":"tag-volley","16":"tag-volley-mulhouse-alsace","17":"tag-volley-ball","18":"tag-volleyball"},"share_on_mastodon":{"url":"https:\/\/pubeurope.com\/@fr\/114509096145121469","error":""},"_links":{"self":[{"href":"https:\/\/www.europesays.com\/fr\/wp-json\/wp\/v2\/posts\/100675","targetHints":{"allow":["GET"]}}],"collection":[{"href":"https:\/\/www.europesays.com\/fr\/wp-json\/wp\/v2\/posts"}],"about":[{"href":"https:\/\/www.europesays.com\/fr\/wp-json\/wp\/v2\/types\/post"}],"author":[{"embeddable":true,"href":"https:\/\/www.europesays.com\/fr\/wp-json\/wp\/v2\/users\/2"}],"replies":[{"embeddable":true,"href":"https:\/\/www.europesays.com\/fr\/wp-json\/wp\/v2\/comments?post=100675"}],"version-history":[{"count":0,"href":"https:\/\/www.europesays.com\/fr\/wp-json\/wp\/v2\/posts\/100675\/revisions"}],"wp:featuredmedia":[{"embeddable":true,"href":"https:\/\/www.europesays.com\/fr\/wp-json\/wp\/v2\/media\/100676"}],"wp:attachment":[{"href":"https:\/\/www.europesays.com\/fr\/wp-json\/wp\/v2\/media?parent=100675"}],"wp:term":[{"taxonomy":"category","embeddable":true,"href":"https:\/\/www.europesays.com\/fr\/wp-json\/wp\/v2\/categories?post=100675"},{"taxonomy":"post_tag","embeddable":true,"href":"https:\/\/www.europesays.com\/fr\/wp-json\/wp\/v2\/tags?post=100675"}],"curies":[{"name":"wp","href":"https:\/\/api.w.org\/{rel}","templated":true}]}}