{"id":1006753,"date":"2026-06-17T20:14:26","date_gmt":"2026-06-17T20:14:26","guid":{"rendered":"https:\/\/www.europesays.com\/fr\/1006753\/"},"modified":"2026-06-17T20:14:26","modified_gmt":"2026-06-17T20:14:26","slug":"en-direct-canicule-paris-et-une-large-partie-de-la-france-de-nouveau-en-alerte","status":"publish","type":"post","link":"https:\/\/www.europesays.com\/fr\/1006753\/","title":{"rendered":"EN DIRECT &#8211; Canicule\u00a0: Paris et une large partie de la France de nouveau en alerte"},"content":{"rendered":"<p role=\"heading\" aria-level=\"3\">Les oraux du bac pourront \u00eatre report\u00e9s localement de \u00abquelques heures ou de quelques jours\u00bb, annonce le ministre de l\u2019\u00c9ducation<\/p>\n<p class=\"fig-paragraph\">Les \u00e9preuves orales de fran\u00e7ais ainsi que le grand oral du\u00a0<a href=\"http:\/\/www.lefigaro.fr\/actualite-france\/baccalaureat-le-ministre-de-l-education-ne-veut-plus-d-epreuves-l-apres-midi-en-raison-de-la-chaleur-20260614\" target=\"_blank\" data-fig-type=\"NewsFlash\" rel=\"noopener nofollow\" data-gtm-custom-categorie=\"navigation\" data-gtm-custom-action=\"crossclick\" data-gtm-custom-label=\"Contextuel\" data-gtm-event=\"customEventSPE\" data-fig-domain=\"LEFIGARO\">baccalaur\u00e9at<\/a>, pr\u00e9vues \u00e0 partir de la semaine prochaine, pourront \u00eatre report\u00e9s localement de\u00a0\u00abquelques heures ou de quelques jours\u00bb\u00a0en raison de la\u00a0<a href=\"http:\/\/www.lefigaro.fr\/jusqu-a-390c-a-l-ombre-visualisez-en-cartes-l-arrivee-de-la-vague-de-chaleur-20260616\" target=\"_blank\" data-fig-type=\"NewsFlash\" rel=\"noopener nofollow\" data-gtm-custom-categorie=\"navigation\" data-gtm-custom-action=\"crossclick\" data-gtm-custom-label=\"Contextuel\" data-gtm-event=\"customEventSPE\" data-fig-domain=\"LEFIGARO\">vague de chaleur<\/a>\u00a0attendue en France d\u00e8s mercredi, a annonc\u00e9 mardi le ministre de l\u2019\u00c9ducation.\u00a0\u00abDans l\u2019hypoth\u00e8se o\u00f9 la temp\u00e9rature dans tel ou tel centre d\u2019examen serait trop importante, nous nous autoriserons localement (&#8230;) \u00e0 d\u00e9caler de quelques jours ou de quelques heures les \u00e9preuves qui se d\u00e9rouleraient l\u2019apr\u00e8s-midi dans des \u00e9tablissements qui seraient trop chauds\u00bb, a indiqu\u00e9 \u00c9douard Geffray lors d\u2019un point presse organis\u00e9 \u00e0 l\u2019issue d\u2019une r\u00e9union interminist\u00e9rielle sur la canicule.<\/p>\n<p class=\"fig-paragraph\">Il s\u2019agit\u00a0\u00abd\u2019octroyer des conditions d\u00e9centes non seulement pour les \u00e9l\u00e8ves, mais \u00e9galement les personnels\u00bb, qui passent\u00a0\u00absix \u00e0 sept heures dans la journ\u00e9e \u00e0 faire passer\u00bb\u00a0les oraux, a-t-il ajout\u00e9. Toutes les \u00e9preuves \u00e9crites du baccalaur\u00e9at, qui a commenc\u00e9 lundi par la philosophie et se poursuit jusqu\u2019\u00e0 jeudi avec les \u00e9preuves de sp\u00e9cialit\u00e9s, ont \u00e9t\u00e9 organis\u00e9es le matin, a rappel\u00e9 le ministre. Les \u00e9preuves du bac professionnel, organis\u00e9es au mois de mai, ainsi que celles du brevet, pr\u00e9vues fin juin, comportent en revanche des examens l\u2019apr\u00e8s-midi. Mais\u00a0\u00abce ne sera plus le cas l\u2019an prochain\u00bb, a rappel\u00e9 le ministre. En ce qui concerne les \u00e9coles maternelles et primaires, des adaptations pourront \u00e9galement \u00eatre mises en place, a assur\u00e9 M. Geffray.<\/p>\n<p class=\"fig-paragraph\">\u00abNous sommes capables d\u2019adapter les horaires, les mod\u00e8les de l\u2019accueil. \u00c7a peut aller jusqu\u2019\u00e0 la fermeture de l\u2019\u00e9cole ou de l\u2019\u00e9tablissement\u00bb, a-t-il pr\u00e9cis\u00e9. Mais comme pour les reports d\u2019examen, cela doit \u00eatre\u00a0\u00able dernier recours\u00bb. L\u2019an dernier, plus de 2000 \u00e9tablissements scolaires avaient \u00e9t\u00e9 ferm\u00e9s lors de la vague de chaleur de juillet, \u00e0 quelques jours des vacances. Face \u00e0\u00a0\u00abla premi\u00e8re vague de chaleur de l\u2019ann\u00e9e\u00bb,\u00a0\u00abtous nos dispositifs de vigilance sont actifs\u00bb, a par ailleurs affirm\u00e9 la ministre de la Transition \u00e9cologique Monique Barbut, insistant sur la qualit\u00e9 de l\u2019air, la ressource en eau -\u00abon est d\u00e9j\u00e0 \u00e0 40% du territoire fran\u00e7ais plus sec que la normale\u00bb-, les risques des feux de for\u00eat.<\/p>\n<p class=\"fig-body-link\">\n            \u00c0 lire aussi<br \/>\n        <a class=\"fig-body-link__link\" href=\"http:\/\/www.lefigaro.fr\/demain\/education\/vague-de-chaleur-les-oraux-du-bac-pourront-etre-reportes-localement-de-quelques-heures-ou-de-quelques-jours-annonce-le-ministre-de-l-education-20260616\" target=\"_blank\" data-fig-type=\"NewsFlash\" rel=\"noopener nofollow\" data-gtm-custom-categorie=\"navigation\" data-gtm-custom-action=\"crossclick\" data-gtm-custom-label=\"Contextuel\" data-gtm-event=\"customEventSPE\" data-fig-domain=\"LEFIGARO\"><br \/>\n                Vague de chaleur\u00a0: les oraux du bac pourront \u00eatre report\u00e9s localement de \u00abquelques heures ou de quelques jours\u00bb, annonce le ministre de l\u2019\u00c9ducation<br \/>\n    <\/a><\/p>\n","protected":false},"excerpt":{"rendered":"Les oraux du bac pourront \u00eatre report\u00e9s localement de \u00abquelques heures ou de quelques jours\u00bb, annonce le ministre&hellip;\n","protected":false},"author":2,"featured_media":1006754,"comment_status":"","ping_status":"","sticky":false,"template":"","format":"standard","meta":{"footnotes":"","_share_on_mastodon":"0"},"categories":[1888],"tags":[1111,1928,11,1927,6698,13208,1777,674,1011,27,2487,7750,7752,7751,7749,2357,12,1926,626,1925,7748,25,2648],"class_list":["post-1006753","post","type-post","status-publish","format-standard","has-post-thumbnail","category-paris","tag-actu","tag-actu-paris","tag-actualites","tag-actualites-paris","tag-canicule","tag-chaleur","tag-eu","tag-europe","tag-fr","tag-france","tag-meteo","tag-meteo-aujourdhui","tag-meteo-demain","tag-meteo-du-jour","tag-meteo-paris","tag-meteo-france","tag-news","tag-news-paris","tag-paris","tag-paris-news","tag-prevision-meteo","tag-republique-francaise","tag-temperature"],"share_on_mastodon":{"url":"https:\/\/pubeurope.com\/@fr\/116767284820455079","error":""},"_links":{"self":[{"href":"https:\/\/www.europesays.com\/fr\/wp-json\/wp\/v2\/posts\/1006753","targetHints":{"allow":["GET"]}}],"collection":[{"href":"https:\/\/www.europesays.com\/fr\/wp-json\/wp\/v2\/posts"}],"about":[{"href":"https:\/\/www.europesays.com\/fr\/wp-json\/wp\/v2\/types\/post"}],"author":[{"embeddable":true,"href":"https:\/\/www.europesays.com\/fr\/wp-json\/wp\/v2\/users\/2"}],"replies":[{"embeddable":true,"href":"https:\/\/www.europesays.com\/fr\/wp-json\/wp\/v2\/comments?post=1006753"}],"version-history":[{"count":0,"href":"https:\/\/www.europesays.com\/fr\/wp-json\/wp\/v2\/posts\/1006753\/revisions"}],"wp:featuredmedia":[{"embeddable":true,"href":"https:\/\/www.europesays.com\/fr\/wp-json\/wp\/v2\/media\/1006754"}],"wp:attachment":[{"href":"https:\/\/www.europesays.com\/fr\/wp-json\/wp\/v2\/media?parent=1006753"}],"wp:term":[{"taxonomy":"category","embeddable":true,"href":"https:\/\/www.europesays.com\/fr\/wp-json\/wp\/v2\/categories?post=1006753"},{"taxonomy":"post_tag","embeddable":true,"href":"https:\/\/www.europesays.com\/fr\/wp-json\/wp\/v2\/tags?post=1006753"}],"curies":[{"name":"wp","href":"https:\/\/api.w.org\/{rel}","templated":true}]}}