{"id":1006765,"date":"2026-06-17T20:21:23","date_gmt":"2026-06-17T20:21:23","guid":{"rendered":"https:\/\/www.europesays.com\/fr\/1006765\/"},"modified":"2026-06-17T20:21:23","modified_gmt":"2026-06-17T20:21:23","slug":"send-them-home-pourquoi-le-peuple-britannique-se-revolte-dans-la-rue-contre-limmigration","status":"publish","type":"post","link":"https:\/\/www.europesays.com\/fr\/1006765\/","title":{"rendered":"\u00ab\u00a0Send them home\u00a0!\u00a0\u00bb\u00a0: pourquoi le peuple britannique se r\u00e9volte dans la rue contre l\u2019immigration"},"content":{"rendered":"<p>\n    <strong>ENQU\u00caTE &#8211; <\/strong>Longtemps pr\u00e9sent\u00e9 comme un pays de mod\u00e9ration civique, le Royaume-Uni voit surgir une col\u00e8re populaire de plus en plus violente contre l\u2019immigration, unique en Europe. Entre faits divers meurtriers, scandale des grooming gangs, sentiment de d\u00e9classement et perc\u00e9e de Nigel Farage, le pays accuse ses \u00e9lites d\u2019avoir trahi le contrat national.<\/p>\n<p class=\"fig-paragraph\"><a href=\"http:\/\/www.lefigaro.fr\/vox\/societe\/laetitia-strauch-bonart-combien-de-temps-avant-que-ne-se-produisent-chez-nous-des-emeutes-similaires-a-celles-de-belfast-20260617\" data-fig-type=\"Article\" data-gtm-custom-categorie=\"navigation\" data-gtm-custom-action=\"crossclick\" data-gtm-custom-label=\"Contextuel\" data-gtm-event=\"customEventSPE\" data-fig-domain=\"LEFIGARO\" rel=\"nofollow noopener\" target=\"_blank\">Belfast<\/a>, Southampton, Glasgow, Londres, du nord au sud du royaume, du c\u0153ur de l\u2019Angleterre \u00e0 l\u2019Irlande du Nord, court r\u00e9guli\u00e8rement une vague de col\u00e8re. \u00c0 chaque crime commis par une personne d\u2019origine \u00e9trang\u00e8re, la rue s\u2019enflamme et les manifestations se muent parfois en violentes \u00e9meutes. Cette protestation muscl\u00e9e est la face spectaculaire d\u2019un rejet de \u00ab\u00a0l\u2019immigration de masse\u00a0\u00bb chez une partie grandissante de la population britannique. Un ph\u00e9nom\u00e8ne d\u2019une ampleur in\u00e9dite en Europe.<\/p>\n<p class=\"fig-paragraph\">Partout, les slogans se ressemblent ou se r\u00e9pondent. \u00ab\u00a0Nous ne nous soumettrons jamais\u00a0\u00bb, disent les banderoles brandies dans les rues de Glasgow,\u00a0<a href=\"http:\/\/www.lefigaro.fr\/international\/belfast-condamnations-et-appel-a-manifester-apres-une-attaque-au-couteau-revoltante-20260609\" data-fig-type=\"NewsFlash\" data-gtm-custom-categorie=\"navigation\" data-gtm-custom-action=\"crossclick\" data-gtm-custom-label=\"Contextuel\" data-gtm-event=\"customEventSPE\" data-fig-domain=\"LEFIGARO\" rel=\"nofollow noopener\" target=\"_blank\">apr\u00e8s l\u2019attaque au couteau perp\u00e9tr\u00e9e \u00e0 Belfast<\/a>\u00a0la semaine derni\u00e8re par un r\u00e9fugi\u00e9 soudanais. \u00ab\u00a0R\u00e9sistons \u00e0 cette nouvelle attaque d\u2019envahisseurs contre notre peuple\u00a0\u00bb, exhorte Tommy Robinson &#8211;\u00a0de son vrai nom Stephen Yaxley-Lennon\u00a0-, la figure de proue de la nouvelle extr\u00eame droite anglaise. \u00ab\u00a0Justice pour Henry\u00a0\u00bb, scandent les manifestants de\u2026<\/p>\n<p class=\"fig-premium-paywall__infos\">\n        Cet article est r\u00e9serv\u00e9 aux abonn\u00e9s.        Il vous reste 92% \u00e0 d\u00e9couvrir.\n    <\/p>\n<p>                <img  data- alt=\"Le Figaro\" class=\"fig-img--complete fig-img\"\/><\/p>\n<p class=\"fig-premium-paywall__title\">Vente Flash<\/p>\n<p class=\"fig-premium-paywall__subtitle\">-70% sur votre abonnement. Sans engagement.<\/p>\n<p class=\"fig-premium-paywall__connect\">\n                D\u00e9j\u00e0 abonn\u00e9\u00a0?                <a class=\"fig-premium-paywall__connect-link\" href=\"https:\/\/connect.lefigaro.fr\/login?client=horizon_web&amp;type=main&amp;redirect_uri=https%3A%2F%2Fwww.lefigaro.fr%2Fchoix-redaction%2Fsend-them-home-pourquoi-le-peuple-britannique-se-revolte-dans-la-rue-contre-l-immigration-20260617\" data-js-gtm=\"{&quot;event&quot;:&quot;customEventGA4&quot;,&quot;eventName&quot;:&quot;click_action&quot;,&quot;feature&quot;:&quot;paywall&quot;,&quot;location&quot;:&quot;paywall&quot;,&quot;button_action&quot;:&quot;connect&quot;,&quot;click_text&quot;:&quot;Connectez-vous&quot;}\" rel=\"nofollow noopener\" target=\"_blank\"><br \/>\n                    Connectez-vous<br \/>\n                <\/a>\n            <\/p>\n","protected":false},"excerpt":{"rendered":"ENQU\u00caTE &#8211; Longtemps pr\u00e9sent\u00e9 comme un pays de mod\u00e9ration civique, le Royaume-Uni voit surgir une col\u00e8re populaire de&hellip;\n","protected":false},"author":2,"featured_media":1006766,"comment_status":"","ping_status":"","sticky":false,"template":"","format":"standard","meta":{"footnotes":"","_share_on_mastodon":"0"},"categories":[1588],"tags":[11,1777,674,1061,12,10669,473,1853,1851,1850,1852],"class_list":["post-1006765","post","type-post","status-publish","format-standard","has-post-thumbnail","category-royaume-uni","tag-actualites","tag-eu","tag-europe","tag-immigration","tag-news","tag-nigel-farage","tag-royaume-uni","tag-royaume-uni-de-grande-bretagne-et-dirlande-du-nord","tag-uk","tag-united-kingdom","tag-united-kingdom-of-great-britain-and-northern-ireland"],"share_on_mastodon":{"url":"https:\/\/pubeurope.com\/@fr\/116767312384669422","error":""},"_links":{"self":[{"href":"https:\/\/www.europesays.com\/fr\/wp-json\/wp\/v2\/posts\/1006765","targetHints":{"allow":["GET"]}}],"collection":[{"href":"https:\/\/www.europesays.com\/fr\/wp-json\/wp\/v2\/posts"}],"about":[{"href":"https:\/\/www.europesays.com\/fr\/wp-json\/wp\/v2\/types\/post"}],"author":[{"embeddable":true,"href":"https:\/\/www.europesays.com\/fr\/wp-json\/wp\/v2\/users\/2"}],"replies":[{"embeddable":true,"href":"https:\/\/www.europesays.com\/fr\/wp-json\/wp\/v2\/comments?post=1006765"}],"version-history":[{"count":0,"href":"https:\/\/www.europesays.com\/fr\/wp-json\/wp\/v2\/posts\/1006765\/revisions"}],"wp:featuredmedia":[{"embeddable":true,"href":"https:\/\/www.europesays.com\/fr\/wp-json\/wp\/v2\/media\/1006766"}],"wp:attachment":[{"href":"https:\/\/www.europesays.com\/fr\/wp-json\/wp\/v2\/media?parent=1006765"}],"wp:term":[{"taxonomy":"category","embeddable":true,"href":"https:\/\/www.europesays.com\/fr\/wp-json\/wp\/v2\/categories?post=1006765"},{"taxonomy":"post_tag","embeddable":true,"href":"https:\/\/www.europesays.com\/fr\/wp-json\/wp\/v2\/tags?post=1006765"}],"curies":[{"name":"wp","href":"https:\/\/api.w.org\/{rel}","templated":true}]}}