{"id":100681,"date":"2025-05-15T00:51:12","date_gmt":"2025-05-15T00:51:12","guid":{"rendered":"https:\/\/www.europesays.com\/fr\/100681\/"},"modified":"2025-05-15T00:51:12","modified_gmt":"2025-05-15T00:51:12","slug":"ducati-se-fait-un-devoir-daider-bagnaia","status":"publish","type":"post","link":"https:\/\/www.europesays.com\/fr\/100681\/","title":{"rendered":"Ducati se fait un \u00ab\u00a0devoir\u00a0\u00bb d&rsquo;aider Bagnaia"},"content":{"rendered":"<p><a href=\"https:\/\/fr.motorsport.com\/driver\/pecco-bagnaia\/109394\/\" target=\"_blank\" rel=\"noopener\">Pecco Bagnaia<\/a> n&rsquo;est pas du genre \u00e0 embellir ses discours lorsque la situation est mauvaise, et elle l&rsquo;est assur\u00e9ment en ce moment. Alors l&rsquo;Italien a \u00e9t\u00e9 clair dimanche : <a href=\"https:\/\/fr.motorsport.com\/motogp\/news\/bagnaia-touche-fond-sensations-ducati\/10722265\/\" target=\"_self\" rel=\"noopener\">\u00ab\u00a0On a touch\u00e9 le fond\u00a0\u00bb, a-t-il d\u00e9clar\u00e9<\/a>. Certes, son r\u00e9sultat en course devait beaucoup plus \u00e0 un contact malheureux au passage de la premi\u00e8re chicane qu&rsquo;\u00e0 sa performance pure, mais pour autant, ce qu&rsquo;il emmenait avec lui en quittant la Sarthe, c&rsquo;\u00e9tait surtout son manque chronique de sensations dans sa moto.<\/p>\n<p>Le pilote Ducati a pourtant dit <a href=\"https:\/\/fr.motorsport.com\/motogp\/news\/bagnaia-compris-changer-pilotage-ducati\/10721381\/\" target=\"_self\" rel=\"noopener\">avoir compris quelque chose d&rsquo;important<\/a> au d\u00e9but du week-end du Mans. Mais ce n&rsquo;est qu&rsquo;un premier pas, celui de la prise de conscience qu&rsquo;il ne retrouvera pas la fiabilit\u00e9 du train avant qu&rsquo;il aimait tant sur la moto jusqu&rsquo;ici. D\u00e9sormais il s&rsquo;agit d&rsquo;identifier comment s&rsquo;y adapter, et la t\u00e2che para\u00eet s&rsquo;annoncer immense au vu des commentaires que livre le pilote.<\/p>\n<p>Lire aussi :<\/p>\n<p>Aujourd&rsquo;hui, Pecco Bagnaia pointe \u00e0 51 unit\u00e9s de son co\u00e9quipier <a href=\"https:\/\/fr.motorsport.com\/driver\/marc-marquez\/92646\/\" target=\"_blank\" rel=\"noopener\">Marc M\u00e1rquez<\/a>, leader du <a href=\"https:\/\/fr.motorsport.com\/motogp\/news\/championnat-marc-marquez-superbe-operation\/10721809\/\" target=\"_self\" rel=\"noopener\">championnat<\/a>. Mais il sait que cet \u00e9cart serait bien plus grand si l&rsquo;Espagnol n&rsquo;avait pas commis deux lourdes fautes, \u00e0 Austin et Jerez. L&rsquo;Italien, lui, ne s&rsquo;est encore jamais senti dominant au bout de six week-ends, et c&rsquo;est ind\u00e9niablement pr\u00e9occupant.<\/p>\n<p>\u00ab\u00a0Le truc, c&rsquo;est qu&rsquo;on est toujours un peu plus proches en termes de rythme, un peu plus proches en termes de chronos, parce que je n&rsquo;ai jamais un rythme \u00e0 plus de deux dixi\u00e8mes, mais on parle de dixi\u00e8mes, de milli\u00e8mes. Et actuellement, sans confiance sur la moto, je ne peux pas attaquer comme je le veux\u00a0\u00bb,\u00a0tente-t-il d&rsquo;expliquer.<\/p>\n<p>Il a longuement et de multiples fois d\u00e9crit ce qu&rsquo;il ressentait. D\u00e9sormais, le pilote en appelle sans ambigu\u00eft\u00e9 \u00e0 l&rsquo;aide de son \u00e9quipe pour trouver une solution.\u00a0\u00ab\u00a0C&rsquo;est quelque chose que mon \u00e9quipe doit m&rsquo;expliquer, ils doivent me donner quelque chose de plus\u00a0\u00bb, a-t-il fait savoir lorsque le site officiel du MotoGP lui a demand\u00e9 o\u00f9 \u00e9tait la lumi\u00e8re.<\/p>\n<p>   <img decoding=\"async\" draggable=\"false\" src=\"https:\/\/www.europesays.com\/fr\/wp-content\/uploads\/2025\/05\/1747270272_196_francesco-bagnaia-ducati-team.jpg\" alt=\"Francesco Bagnaia, Ducati Team\" width=\"1200\" height=\"800\" loading=\"lazy\"\/> <\/p>\n<p class=\"title\">Pecco Bagnaia a gagn\u00e9 un Grand Prix cette saison, mais seulement apr\u00e8s la chute de Marc M\u00e1rquez.<\/p>\n<p class=\"photographer\">Photo de : Ducati Corse<\/p>\n<p>\u00ab\u00a0Je sais qu&rsquo;ils essayent de tout faire pour m&rsquo;aider mais au bout de six week-ends de course, on ne trouve pas de solution et mes sensations sont actuellement tr\u00e8s mauvaises sur la moto. Je ne sens rien, je ne re\u00e7ois aucun retour de la part de la moto. Je peux faire les tours les plus rapides ou rouler quatre secondes plus lentement et ma moto m&rsquo;apporte le m\u00eame retour, donc c&rsquo;est tr\u00e8s difficile.\u00a0\u00bb<\/p>\n<p>\u00ab\u00a0J&rsquo;ai l&rsquo;impression qu&rsquo;on travaille tous \u00e0 la recherche d&rsquo;une solution \u00e0 cette situation. Pour le moment, on ne la trouve pas, probablement parce qu&rsquo;avec cette moto on a plus de mal \u00e0 trouver une solution. Mais c&rsquo;est difficile pour eux aussi, on est tous dans le m\u00eame bateau.\u00a0\u00bb <\/p>\n<p>Lire aussi :<\/p>\n<p>\u00c0 la direction de l&rsquo;\u00e9quipe, on a entendu le message. Davide Tardozzi comme Gigi Dall&rsquo;Igna ont exprim\u00e9 leur soutien \u00e0 celui qui a ramen\u00e9 le constructeur au titre, en 2022. Ils ont promis de mobiliser les ing\u00e9nieurs pour tenter de percer la cl\u00e9 de ce package technique qui donne tant de mal \u00e0 Bagnaia afin qu&rsquo;il puisse \u00e9voluer au niveau qu&rsquo;il m\u00e9rite.<\/p>\n<p>\u00ab\u00a0L&rsquo;objectif de l&rsquo;\u00e9quipe, des ing\u00e9nieurs et de Gigi [Dall&rsquo;Igna] est d&rsquo;aider Pecco\u00a0\u00bb, a d\u00e9clar\u00e9 le team manager Davide Tardozzi \u00e0 Sky Sport MotoGP, en Italie, \u00ab\u00a0car nous connaissons sa valeur. Nous aussi, nous sommes surpris de ne pas encore avoir r\u00e9ussi \u00e0 lui donner ce dont il a besoin, parce que Pecco a clairement \u00e9t\u00e9 le protagoniste des quatre derni\u00e8res ann\u00e9es et il n&rsquo;a pas oubli\u00e9 comme piloter une moto. C&rsquo;est \u00e9vident.\u00a0\u00bb<\/p>\n<p>\u00ab\u00a0Malheureusement, nous n&rsquo;avons pas encore r\u00e9ussi \u00e0 trouver la voie \u00e0 suivre pour l&rsquo;aider, tant personnellement que techniquement. Mais c&rsquo;est notre objectif : nous devons absolument le faire parce que nous devons ramener Pecco dans la lutte pour la victoire, ce dont il est capable. C&rsquo;est nous actuellement qui devons l&rsquo;aider. Je crois qu&rsquo;il y a beaucoup de choses que nous pouvons faire, tant au niveau humain que technique. C&rsquo;est notre devoir parce que c&rsquo;est un champion et il doit pouvoir appliquer en piste son talent.\u00a0\u00bb<\/p>\n<p>Un champion qui sait se relever<\/p>\n<p>Si Davide Tardozzi insiste sur l&rsquo;aspect humain et personnel, c&rsquo;est qu&rsquo;il appara\u00eet de plus en plus \u00e9vident que Pecco Bagnaia a besoin de soutien. Sans aller jusqu&rsquo;\u00e0 parler de d\u00e9faillance psychologique de sa part, il se trouve n\u00e9anmoins dans une spirale n\u00e9gative dont son \u00e9quipe aimerait le sortir.<\/p>\n<p>\u00ab\u00a0Il est clair qu&rsquo;actuellement, le moral de Pecco est au plus bas, mais c&rsquo;est un champion. Il a d\u00e9j\u00e0 su se relever et il le fera cette fois-ci aussi\u00a0\u00bb, a ajout\u00e9 le team manager.\u00a0\u00ab\u00a0Nous savons tous \u00e0 quel point la situation psychologique est importante \u00e9galement quand on prend la piste et qu&rsquo;on a pour m\u00e9tier d&rsquo;\u00eatre pilote MotoGP, surtout un pilote qui gagne. Aider Pecco est notre devoir \u00e0 360\u00b0.\u00a0\u00bb<\/p>\n<p>   <img decoding=\"async\" draggable=\"false\" src=\"https:\/\/www.europesays.com\/fr\/wp-content\/uploads\/2025\/05\/davide-tardozzi-team-manager-o.jpg\" alt=\"Davide Tardozzi, Team Manager of Lenovo Ducati Team\" width=\"1200\" height=\"800\" loading=\"lazy\"\/> <\/p>\n<p class=\"title\">Davide Tardozzi entend soutenir son pilote techniquement et moralement.<\/p>\n<p class=\"photographer\">Photo de : Marc Fleury<\/p>\n<p>\u00ab\u00a0C&rsquo;est un gar\u00e7on exceptionnel, qui a beaucoup donn\u00e9 \u00e0 Ducati. Il m\u00e9rite tout notre respect\u00a0\u00bb, a d\u00e9clar\u00e9 Gigi Dall&rsquo;Igna \u00e0 DAZN, rappelant que le parcours de Bagnaia dans la cat\u00e9gorie MotoGP \u00e9taient intrins\u00e8quement et exclusivement li\u00e9 \u00e0 Ducati.<\/p>\n<p>\u00ab\u00a0Il rencontre actuellement certaines difficult\u00e9s, et il est en notre pouvoir de l&rsquo;aider. Parce que, comme tout le monde, m\u00eame les pilotes et les grands champions ont besoin d&rsquo;aide, sur le plan technique mais aussi sur le plan humain. Comme je le dis souvent, le plus important pour un champion, c&rsquo;est la t\u00eate. Quand l&rsquo;esprit est en place, tout est plus facile, on comprend mieux ce qu&rsquo;il faut faire. Et bien souvent, il faut laisser de c\u00f4t\u00e9 certains aspects techniques, car si le pilote est convaincu que faire quelque chose est la bonne chose \u00e0 faire, la meilleure chose \u00e0 faire est d&rsquo;aller dans cette direction.\u00a0\u00bb<\/p>\n<blockquote>\n<p>M\u00eame les grands champions ont besoin d&rsquo;aide, sur le plan technique mais aussi sur le plan humain.<\/p>\n<\/blockquote>\n<p>\u00ab\u00a0Je pense qu&rsquo;en ce moment, Bagnaia a autant besoin de nous que nous avons besoin de lui. Car, au final, j&rsquo;aimerais avoir deux grands champions qui se battent pour gagner des courses\u00a0\u00bb,\u00a0a ajout\u00e9 le directeur g\u00e9n\u00e9ral de Ducati Corse.<\/p>\n<p>\u00ab\u00a0Une question de temps\u00a0\u00bb pour Dall&rsquo;Igna<\/p>\n<p>L&rsquo;arriv\u00e9e de la pluie dimanche, au Mans, a priv\u00e9 Bagnaia d&rsquo;une opportunit\u00e9 d&rsquo;exp\u00e9rimenter une modification sur son package, minime cependant selon les explications qu&rsquo;il en a donn\u00e9\u00a0:\u00a0\u00ab\u00a0[Dimanche], on a tent\u00e9 quelque chose mais on n&rsquo;a pas eu la chance de le tester. Sinc\u00e8rement, le changement qu&rsquo;on a fait sur la moto \u00e9tait tr\u00e8s petit donc \u00e0 Silverstone, j&rsquo;esp\u00e8re vraiment que notre travail sera suffisant pour me redonner mes sensations.\u00a0\u00bb<\/p>\n<p>Davide Tardozzi veut y croire, car il a dit s&rsquo;attendre \u00e0 une r\u00e9action d\u00e8s la prochaine manche en Grande-Bretagne\u00a0:\u00a0\u00ab\u00a0Dans les prochains jours, les ing\u00e9nieurs vont r\u00e9fl\u00e9chir encore plus profond\u00e9ment \u00e0 ce qu&rsquo;il est possible de faire pour l&rsquo;aider, et je crois que nous le verrons d\u00e8s la prochaine course.\u00a0\u00bb<\/p>\n<p>Gigi Dall&rsquo;Igna refuse quant \u00e0 lui de juger la saison de Bagnaia d&rsquo;ores et d\u00e9j\u00e0 perdue\u00a0:\u00a0\u00ab\u00a0Nous consid\u00e9rons que c&rsquo;est le meilleur d\u00e9but de championnat de toute la carri\u00e8re de Pecco. M\u00eame quand il a gagn\u00e9 les deux titres, il n&rsquo;a pas commenc\u00e9 aussi bien. Il a besoin de temps pour tout mettre en place, il a besoin de courses pour s&rsquo;\u00e9chauffer et trouver les bonnes situations. Je pense donc que nous allons lui permettre d&rsquo;exprimer tout son potentiel.\u00a0\u00bb<\/p>\n<p>\u00ab\u00a0Nous devons continuer \u00e0 travailler avec Pecco pour lui donner la confiance qui lui manque encore. Mais j&rsquo;insiste, il est habitu\u00e9, depuis toujours, \u00e0 ce que son d\u00e9but de championnat ne soit jamais super rapide. L\u00e0 o\u00f9 il fait la diff\u00e9rence, c&rsquo;est dans la derni\u00e8re partie du championnat. Je pense que c&rsquo;est une question de temps.\u00a0\u00bb<\/p>\n<p>Un temps que Pecco Bagnaia semble d\u00e9cid\u00e9ment trouver tr\u00e8s long.<\/p>\n<p style=\"text-align: right;\">Avec Vincent Lalanne-Sicaud et\u00a0Rub\u00e9n Carballo Rosa<\/p>\n<p>Lire aussi :<\/p>\n<p>Dans cet article<\/p>\n<p>    L\u00e9na Buffa\n<\/p>\n<p>    MotoGP\n<\/p>\n<p>    Pecco Bagnaia\n<\/p>\n<p>    Ducati Team\n<\/p>\n<p>Soyez le premier inform\u00e9 et souscrivez aux alertes mails pour recevoir les infos en temps r\u00e9el<\/p>\n<p>    S&rsquo;abonner aux alertes de news<\/p>\n","protected":false},"excerpt":{"rendered":"Pecco Bagnaia n&rsquo;est pas du genre \u00e0 embellir ses discours lorsque la situation est mauvaise, et elle l&rsquo;est&hellip;\n","protected":false},"author":2,"featured_media":100682,"comment_status":"","ping_status":"","sticky":false,"template":"","format":"standard","meta":{"footnotes":""},"categories":[1413],"tags":[4950,1011,27,1457,1456,1458,4951,60],"class_list":{"0":"post-100681","1":"post","2":"type-post","3":"status-publish","4":"format-standard","5":"has-post-thumbnail","7":"category-moto","8":"tag-ducati-team","9":"tag-fr","10":"tag-france","11":"tag-moto","12":"tag-motocycle","13":"tag-motogp","14":"tag-pecco-bagnaia","15":"tag-sports"},"share_on_mastodon":{"url":"https:\/\/pubeurope.com\/@fr\/114509111956905457","error":""},"_links":{"self":[{"href":"https:\/\/www.europesays.com\/fr\/wp-json\/wp\/v2\/posts\/100681","targetHints":{"allow":["GET"]}}],"collection":[{"href":"https:\/\/www.europesays.com\/fr\/wp-json\/wp\/v2\/posts"}],"about":[{"href":"https:\/\/www.europesays.com\/fr\/wp-json\/wp\/v2\/types\/post"}],"author":[{"embeddable":true,"href":"https:\/\/www.europesays.com\/fr\/wp-json\/wp\/v2\/users\/2"}],"replies":[{"embeddable":true,"href":"https:\/\/www.europesays.com\/fr\/wp-json\/wp\/v2\/comments?post=100681"}],"version-history":[{"count":0,"href":"https:\/\/www.europesays.com\/fr\/wp-json\/wp\/v2\/posts\/100681\/revisions"}],"wp:featuredmedia":[{"embeddable":true,"href":"https:\/\/www.europesays.com\/fr\/wp-json\/wp\/v2\/media\/100682"}],"wp:attachment":[{"href":"https:\/\/www.europesays.com\/fr\/wp-json\/wp\/v2\/media?parent=100681"}],"wp:term":[{"taxonomy":"category","embeddable":true,"href":"https:\/\/www.europesays.com\/fr\/wp-json\/wp\/v2\/categories?post=100681"},{"taxonomy":"post_tag","embeddable":true,"href":"https:\/\/www.europesays.com\/fr\/wp-json\/wp\/v2\/tags?post=100681"}],"curies":[{"name":"wp","href":"https:\/\/api.w.org\/{rel}","templated":true}]}}