{"id":100703,"date":"2025-05-15T01:03:09","date_gmt":"2025-05-15T01:03:09","guid":{"rendered":"https:\/\/www.europesays.com\/fr\/100703\/"},"modified":"2025-05-15T01:03:09","modified_gmt":"2025-05-15T01:03:09","slug":"elle-ma-fait-pleurer-en-repetition-a-leurovision-2025-louane-bouleverse-deja","status":"publish","type":"post","link":"https:\/\/www.europesays.com\/fr\/100703\/","title":{"rendered":"\u00ab\u00a0Elle m\u2019a fait pleurer\u00a0\u00bb\u00a0: en r\u00e9p\u00e9tition \u00e0 l\u2019Eurovision 2025, Louane bouleverse d\u00e9j\u00e0"},"content":{"rendered":"<p class=\"paragraph text_align_left\">B\u00e2le, la ville de <a href=\"https:\/\/www.leparisien.fr\/sports\/tennis\/24-heures-du-mans-roger-federer-donnera-le-depart-de-la-course-le-14-juin-24-04-2025-XJZBGR34VBEA3LMQZAWI4QY5GQ.php\" target=\"_self\" rel=\"noopener\">Roger Federer,<\/a> du LSD et de <a href=\"https:\/\/www.leparisien.fr\/culture-loisirs\/musique\/eurovision\/\" target=\"_blank\" rel=\"noreferrer noopener\">l\u2019Eurovision<\/a> 2025. Ce n\u2019est pas la capitale f\u00e9d\u00e9rale, Berne, et les deux plus grosses villes, Zurich et Gen\u00e8ve, qui ont \u00e9t\u00e9 choisies par la t\u00e9l\u00e9vision suisse pour accueillir le 69e concours international de chanson, mais cette jolie cit\u00e9 m\u00e9di\u00e9vale de 173 000 habitants toute proche de la France et de l\u2019Allemagne.<\/p>\n<p class=\"paragraph text_align_left\">\u00c0 une demi-heure de voiture de Mulhouse, camp de base des m\u00e9dias fran\u00e7ais, 500 journalistes du monde entier convergent depuis ce mercredi vers la halle Saint-Jacques, une salle multi-activit\u00e9s qui ressemble \u00e0 l<a href=\"https:\/\/www.leparisien.fr\/paris-75\/ouverture-adidas-arena\/\" target=\"_self\" rel=\"noopener\">\u2018Adidas Arena du nord de Paris<\/a> avec ses 12 000 places assises et sa programmation \u00e9clectique, concerts, \u00e9quitation, tennis.<\/p>\n","protected":false},"excerpt":{"rendered":"B\u00e2le, la ville de Roger Federer, du LSD et de l\u2019Eurovision 2025. Ce n\u2019est pas la capitale f\u00e9d\u00e9rale,&hellip;\n","protected":false},"author":2,"featured_media":100704,"comment_status":"","ping_status":"","sticky":false,"template":"","format":"standard","meta":{"footnotes":""},"categories":[8],"tags":[1687,58,59,2399,1011,27,873],"class_list":{"0":"post-100703","1":"post","2":"type-post","3":"status-publish","4":"format-standard","5":"has-post-thumbnail","7":"category-divertissement","8":"tag-culture-loisirs","9":"tag-divertissement","10":"tag-entertainment","11":"tag-eurovision","12":"tag-fr","13":"tag-france","14":"tag-musique"},"share_on_mastodon":{"url":"https:\/\/pubeurope.com\/@fr\/114509159102392662","error":""},"_links":{"self":[{"href":"https:\/\/www.europesays.com\/fr\/wp-json\/wp\/v2\/posts\/100703","targetHints":{"allow":["GET"]}}],"collection":[{"href":"https:\/\/www.europesays.com\/fr\/wp-json\/wp\/v2\/posts"}],"about":[{"href":"https:\/\/www.europesays.com\/fr\/wp-json\/wp\/v2\/types\/post"}],"author":[{"embeddable":true,"href":"https:\/\/www.europesays.com\/fr\/wp-json\/wp\/v2\/users\/2"}],"replies":[{"embeddable":true,"href":"https:\/\/www.europesays.com\/fr\/wp-json\/wp\/v2\/comments?post=100703"}],"version-history":[{"count":0,"href":"https:\/\/www.europesays.com\/fr\/wp-json\/wp\/v2\/posts\/100703\/revisions"}],"wp:featuredmedia":[{"embeddable":true,"href":"https:\/\/www.europesays.com\/fr\/wp-json\/wp\/v2\/media\/100704"}],"wp:attachment":[{"href":"https:\/\/www.europesays.com\/fr\/wp-json\/wp\/v2\/media?parent=100703"}],"wp:term":[{"taxonomy":"category","embeddable":true,"href":"https:\/\/www.europesays.com\/fr\/wp-json\/wp\/v2\/categories?post=100703"},{"taxonomy":"post_tag","embeddable":true,"href":"https:\/\/www.europesays.com\/fr\/wp-json\/wp\/v2\/tags?post=100703"}],"curies":[{"name":"wp","href":"https:\/\/api.w.org\/{rel}","templated":true}]}}