{"id":100750,"date":"2025-05-15T01:32:11","date_gmt":"2025-05-15T01:32:11","guid":{"rendered":"https:\/\/www.europesays.com\/fr\/100750\/"},"modified":"2025-05-15T01:32:11","modified_gmt":"2025-05-15T01:32:11","slug":"en-gironde-un-accident-entre-plusieurs-poids-lourds-provoque-des-kilometres-de-bouchons-sur-la63","status":"publish","type":"post","link":"https:\/\/www.europesays.com\/fr\/100750\/","title":{"rendered":"En Gironde, un accident entre plusieurs poids lourds provoque des kilom\u00e8tres de bouchons sur l&rsquo;A63"},"content":{"rendered":"<p>            Par<br \/>\n        <strong><br \/>\n            <a href=\"https:\/\/actu.fr\/auteur\/redaction-bordeaux\" title=\"Consulter tous les articles de R\u00e9daction Bordeaux\" rel=\"nofollow noopener\" target=\"_blank\">R\u00e9daction Bordeaux<\/a><br \/>\n        <\/strong><\/p>\n<p>        Publi\u00e9 le<\/p>\n<p>            14 mai 2025 \u00e0 17h29        <\/p>\n<p>La circulation est tr\u00e8s difficile sur <a href=\"https:\/\/actu.fr\/tag\/autoroute-63-a63\" rel=\"nofollow noopener\" target=\"_blank\">l\u2019autoroute A63<\/a> ce mercredi 14 mai 2025. Un accident impliquerait <strong>deux poids lourds<\/strong> \u00e0 hauteur <a href=\"https:\/\/actu.fr\/nouvelle-aquitaine\/mios_33284\" rel=\"nofollow noopener\" target=\"_blank\">de Mios,<\/a> dans le sens de Bordeaux vers l\u2019Espagne, d\u2019apr\u00e8s <a href=\"https:\/\/actu.fr\/tag\/bison-fute\" rel=\"nofollow noopener\" target=\"_blank\">Bison-Fut\u00e9.<\/a><\/p>\n<p class=\" wall-content\">D\u2019apr\u00e8s l\u2019organisme interminist\u00e9riel, les <strong>d\u00e9g\u00e2ts seraient mat\u00e9riels. <\/strong>Un autre v\u00e9hicule, une voiture cette fois, serait impliqu\u00e9e.<\/p>\n<p class=\" wall-content\">La circulation a \u00e9t\u00e9 partiellement coup\u00e9e, avec une sortie d\u2019autoroute obligatoire par l\u2019\u00e9changeur 23 en d\u00e9but d\u2019apr\u00e8s-midi. Peu avant 17 heures, alors que la circulation a \u00e9t\u00e9 r\u00e9tablie, un <a href=\"https:\/\/actu.fr\/tag\/circulation\" rel=\"nofollow noopener\" target=\"_blank\">bouchon<\/a> d\u2019une vingtaine de kilom\u00e8tres s\u2019\u00e9tendait dans le sens nord-sud. La prudence et la patience sont de mise.<\/p>\n<p class=\" wall-content\">Plus d\u2019informations \u00e0 venir\u2026<\/p>\n<p class=\" wall-content\">Suivez toute l\u2019actualit\u00e9 de vos villes et m\u00e9dias favoris en vous inscrivant \u00e0 <a href=\"https:\/\/moncompte.actu.fr\" title=\"D\u00e9couvez Mon Actu\" rel=\"nofollow noopener\" data-trk=\"{&quot;cta&quot;:{&quot;action&quot;:&quot;https:\\\/\\\/moncompte.actu.fr&quot;,&quot;category&quot;:&quot;mon compte&quot;,&quot;from&quot;:&quot;article footer&quot;,&quot;name&quot;:&quot;Mon actu&quot;,&quot;type&quot;:&quot;cta&quot;}}\" target=\"_blank\">Mon Actu<\/a>.<\/p>\n","protected":false},"excerpt":{"rendered":"Par R\u00e9daction Bordeaux Publi\u00e9 le 14 mai 2025 \u00e0 17h29 La circulation est tr\u00e8s difficile sur l\u2019autoroute A63&hellip;\n","protected":false},"author":2,"featured_media":100751,"comment_status":"","ping_status":"","sticky":false,"template":"","format":"standard","meta":{"footnotes":""},"categories":[2817],"tags":[119,1111,11,21591,6427,1997,1777,674,118,1011,27,12,2219,25],"class_list":{"0":"post-100750","1":"post","2":"type-post","3":"status-publish","4":"format-standard","5":"has-post-thumbnail","7":"category-bordeaux","8":"tag-accident","9":"tag-actu","10":"tag-actualites","11":"tag-autoroute-63-a63","12":"tag-bison-fute","13":"tag-bordeaux","14":"tag-eu","15":"tag-europe","16":"tag-faits-divers","17":"tag-fr","18":"tag-france","19":"tag-news","20":"tag-nouvelle-aquitaine","21":"tag-republique-francaise"},"share_on_mastodon":{"url":"https:\/\/pubeurope.com\/@fr\/114509273038424902","error":""},"_links":{"self":[{"href":"https:\/\/www.europesays.com\/fr\/wp-json\/wp\/v2\/posts\/100750","targetHints":{"allow":["GET"]}}],"collection":[{"href":"https:\/\/www.europesays.com\/fr\/wp-json\/wp\/v2\/posts"}],"about":[{"href":"https:\/\/www.europesays.com\/fr\/wp-json\/wp\/v2\/types\/post"}],"author":[{"embeddable":true,"href":"https:\/\/www.europesays.com\/fr\/wp-json\/wp\/v2\/users\/2"}],"replies":[{"embeddable":true,"href":"https:\/\/www.europesays.com\/fr\/wp-json\/wp\/v2\/comments?post=100750"}],"version-history":[{"count":0,"href":"https:\/\/www.europesays.com\/fr\/wp-json\/wp\/v2\/posts\/100750\/revisions"}],"wp:featuredmedia":[{"embeddable":true,"href":"https:\/\/www.europesays.com\/fr\/wp-json\/wp\/v2\/media\/100751"}],"wp:attachment":[{"href":"https:\/\/www.europesays.com\/fr\/wp-json\/wp\/v2\/media?parent=100750"}],"wp:term":[{"taxonomy":"category","embeddable":true,"href":"https:\/\/www.europesays.com\/fr\/wp-json\/wp\/v2\/categories?post=100750"},{"taxonomy":"post_tag","embeddable":true,"href":"https:\/\/www.europesays.com\/fr\/wp-json\/wp\/v2\/tags?post=100750"}],"curies":[{"name":"wp","href":"https:\/\/api.w.org\/{rel}","templated":true}]}}