{"id":1007594,"date":"2026-06-18T06:20:18","date_gmt":"2026-06-18T06:20:18","guid":{"rendered":"https:\/\/www.europesays.com\/fr\/1007594\/"},"modified":"2026-06-18T06:20:18","modified_gmt":"2026-06-18T06:20:18","slug":"caroline-roux-a-grenoble-marseille-quelles-etudes-a-suivi-la-journaliste-avant-de-monter-a-paris","status":"publish","type":"post","link":"https:\/\/www.europesays.com\/fr\/1007594\/","title":{"rendered":"Caroline Roux : \u00e0 Grenoble, Marseille\u2026 quelles \u00e9tudes a suivi la journaliste avant de \u201cmonter\u201d \u00e0 Paris ?"},"content":{"rendered":"<p>                                    <img decoding=\"async\" src=\"https:\/\/www.europesays.com\/fr\/wp-content\/uploads\/2026\/06\/47b3772810bd4fcdbd9e286876ae4d4fa5554fb41706fe393fdb24c36a7a35c3.jpg\" alt=\"GALA - Caroline Roux\u00a0: ce qu'il faut conna\u00eetre\" class=\"a11y-hidden\" fetchpriority=\"high\"\/><\/p>\n<p class=\"fig-standfirst\">\n    Caroline Roux interrogera le pr\u00e9sident Emmanuel Macron \u00e0 l\u2019issue du sommet du G7 jeudi 18 juin 2026. Mais quel est le parcours de la journaliste de 54 ans\u00a0?<\/p>\n<p class=\"fig-paragraph\">Caroline Roux exerce dans le groupe France TV depuis 2012. Elle pr\u00e9sente de nombreuses \u00e9missions bien connues comme C dans l\u2019air sur France 5 ou encore L\u2019\u00c9v\u00e8nement sur France 2. C\u2019est dans le cadre de cette derni\u00e8re \u00e9mission que la journaliste interrogera\u00a0<a href=\"http:\/\/www.gala.fr\/l_actu\/news_de_stars\/emmanuel-macron-genereux-avec-les-dirigeants-du-g7-a-evian-chacun-aura-droit-a-un-etonnant-cadeau-personnalise-20260617\" data-fig-type=\"Article\" data-gtm-custom-categorie=\"navigation\" data-gtm-custom-action=\"crossclick\" data-gtm-custom-label=\"Contextuel\" data-gtm-event=\"customEventSPE\" data-fig-domain=\"GALA\" rel=\"nofollow noopener\" target=\"_blank\">Emmanuel Macron \u00e0 l\u2019issue du sommet du G7<\/a>\u00a0\u00e0 \u00c9vian, ce jeudi 18 juin 2026 juste avant qu\u2019il se rende au sommet europ\u00e9en de Bruxelles. Le pr\u00e9sident reviendra s\u00fbrement sur les discussions qui s\u2019y sont tenues, mais aussi le\u00a0<a href=\"http:\/\/www.gala.fr\/l_actu\/news_de_stars\/donald-trump-recu-par-emmanuel-macron-au-g7-a-evian-le-president-americain-aura-droit-a-un-privilege-tout-particulier-20260615\" data-fig-type=\"Article\" data-gtm-custom-categorie=\"navigation\" data-gtm-custom-action=\"crossclick\" data-gtm-custom-label=\"Contextuel\" data-gtm-event=\"customEventSPE\" data-fig-domain=\"GALA\" rel=\"nofollow noopener\" target=\"_blank\">d\u00eener au ch\u00e2teau de Versailles<\/a>\u00a0qui a eu lieu la veille en pr\u00e9sence de son homologue am\u00e9ricain, Donald Trump. Mais avant d\u2019arriver \u00e0 un tel niveau, Caroline Roux a eu un parcours int\u00e9ressant.<\/p>\n<p class=\"fig-paragraph\"><a href=\"http:\/\/www.gala.fr\/l_actu\/news_de_stars\/caroline-roux-et-son-mari-laurent-solly-elegants-et-assortis-le-couple-en-parfaite-harmonie-a-roland-garros-20260606\" data-fig-type=\"Article\" data-gtm-custom-categorie=\"navigation\" data-gtm-custom-action=\"crossclick\" data-gtm-custom-label=\"Contextuel\" data-gtm-event=\"customEventSPE\" data-fig-domain=\"GALA\" rel=\"nofollow noopener\" target=\"_blank\">La femme de Laurent Solly<\/a>\u00a0a grandi \u00e0 Grenoble. Elle sort dipl\u00f4m\u00e9e en 1991 de l\u2019Institut d\u2019\u00e9tudes politiques de Grenoble, puis de l\u2019\u00c9cole de journalisme de Marseille en 1993. C\u2019est juste apr\u00e8s son dipl\u00f4me qu\u2019elle d\u00e9cide de se rendre \u00e0 Paris dans le but de d\u00e9crocher la bourse Lauga-Delmas, un concours organis\u00e9 par la radio Europe 1 pour distinguer les meilleurs \u00e9tudiants en derni\u00e8re ann\u00e9e de journalisme. \u00abJ\u2019ai 25 ans et \u00e0 l\u2019instar des autres candidats, je r\u00eave d\u2019int\u00e9grer cette grande r\u00e9daction nationale\u00bb, raconte-t-elle dans les colonnes de\u00a0<a href=\"https:\/\/www.parismatch.com\/Culture\/Medias\/Caroline-Roux-Le-jour-ou-je-plante-mon-reportage-pour-Europe-1-1691657\" target=\"_blank\" rel=\"nofollow noopener\" data-gtm-custom-categorie=\"navigation\" data-gtm-custom-action=\"crossclick\" data-gtm-custom-label=\"Contextuel\" data-gtm-event=\"customEventSPE\">Paris Match<\/a>. Mais rien ne se passe comme pr\u00e9vu. Probl\u00e8mes de mat\u00e9riel qui s\u2019encha\u00eenent, d\u00e9faut technique&#8230; la jeune journaliste ne parvient pas \u00e0 s\u2019en sortir avec son reportage. Mais elle ne se laisse pas abattre et se pr\u00e9sente quand m\u00eame pour les autres \u00e9preuves\u00a0: un flash info et un oral. \u00abConsciente que je n\u2019ai plus grand-chose \u00e0 perdre, je me l\u00e2che compl\u00e8tement dans mon propos. J\u2019apparais d\u00e9termin\u00e9e et pugnace. Ils voient cette rage dans mes yeux. Manifestement, \u00e7a leur pla\u00eet\u00bb, ajoute-t-elle. Elle termine finalement sur le podium, est engag\u00e9e pour un stage d\u2019\u00e9t\u00e9 et d\u00e9croche, deux mois plus tard, un CDI dans le m\u00e9dia. Elle y passera neuf ann\u00e9es avant de se tourner vers Canal+ et enfin France TV.<\/p>\n<p>                                                <a href=\"#slideshow-header\" class=\"fig-slideshow__opener\" title=\"Acc\u00e9der au diaporama PHOTOS - L\u00e9a Salam\u00e9, Pascal Praud, Anne-Sophie Lapix.... d\u00e9couvrez les journalistes quand ils \u00e9taient plus jeunes - (20 photos)\" aria-label=\"Acc\u00e9der au diaporama PHOTOS - L\u00e9a Salam\u00e9, Pascal Praud, Anne-Sophie Lapix.... d\u00e9couvrez les journalistes quand ils \u00e9taient plus jeunes - (20 photos)\"><\/p>\n<p class=\"fig-slideshow__title\">\n                    PHOTOS &#8211; L\u00e9a Salam\u00e9, Pascal Praud, Anne-Sophie Lapix&#8230;. d\u00e9couvrez les journalistes quand ils \u00e9taient plus jeunes\n                <\/p>\n<p>    <\/a><br \/>\n                                                <a class=\"fig-a11y-skip\" href=\"#fig-a11y-skip-main-inarticle\" is=\"fig-a11y-skip\" data-trigger-mode=\"visible-once\"><br \/>\n    Passer la publicit\u00e9<br \/>\n<\/a>            <\/p>\n<p>                                                Caroline Roux\u00a0: heureuse professionnellement comme personnellement<\/p>\n<p class=\"fig-paragraph\">Caroline Roux a une carri\u00e8re plus qu\u2019\u00e9panouie depuis de longues ann\u00e9es. Mais tout semble se passer \u00e0 merveille dans sa vie personnelle aussi. Depuis 2012, elle est mari\u00e9e \u00e0 Laurent Solly, un haut fonctionnaire et dirigeant d\u2019entreprise. Ces deux-l\u00e0 se montrent rarement ensemble mais quand ils le font,\u00a0<a href=\"http:\/\/www.gala.fr\/l_actu\/news_de_stars\/caroline-roux-et-son-epoux-laurent-solly-sur-leur-trente-et-un-le-couple-fait-une-rare-apparition-pour-une-soiree-festive-20260603\" data-fig-type=\"Article\" data-gtm-custom-categorie=\"navigation\" data-gtm-custom-action=\"crossclick\" data-gtm-custom-label=\"Contextuel\" data-gtm-event=\"customEventSPE\" data-fig-domain=\"GALA\" rel=\"nofollow noopener\" target=\"_blank\">ils sont toujours tr\u00e8s complices<\/a>. Ils ont d\u2019ailleurs form\u00e9 une belle famille recompos\u00e9e. L\u2019ancien patron de Facebook France avait deux filles avant de rencontrer son \u00e9pouse. Caroline Roux avait, elle aussi, une fille d\u2019une pr\u00e9c\u00e9dente union et ensemble, ils ont donn\u00e9 naissance \u00e0\u00a0<a href=\"http:\/\/www.gala.fr\/l_actu\/news_de_stars\/caroline-roux-avec-ses-enfants-rosalie-et-marceau-a-l-elysee-pour-une-grande-occasion-le-trio-attire-tous-les-regards-20260528\" data-fig-type=\"Article\" data-gtm-custom-categorie=\"navigation\" data-gtm-custom-action=\"crossclick\" data-gtm-custom-label=\"Contextuel\" data-gtm-event=\"customEventSPE\" data-fig-domain=\"GALA\" rel=\"nofollow noopener\" target=\"_blank\">leur dernier enfant, Marceau<\/a>, en 2004.<\/p>\n<p class=\"fig-paragraph\">Article \u00e9crit en collaboration avec 6M\u00e9dias.<\/p>\n","protected":false},"excerpt":{"rendered":"Caroline Roux interrogera le pr\u00e9sident Emmanuel Macron \u00e0 l\u2019issue du sommet du G7 jeudi 18 juin 2026. Mais&hellip;\n","protected":false},"author":2,"featured_media":1007595,"comment_status":"","ping_status":"","sticky":false,"template":"","format":"standard","meta":{"footnotes":"","_share_on_mastodon":"0"},"categories":[9566],"tags":[1111,11,2430,51143,1283,1777,674,1473,1011,27,2400,2731,2957,105478,12,12618,25],"class_list":["post-1007594","post","type-post","status-publish","format-standard","has-post-thumbnail","category-grenoble","tag-actu","tag-actualites","tag-auvergne-rhone-alpes","tag-caroline-roux","tag-etudes","tag-eu","tag-europe","tag-europe-1","tag-fr","tag-france","tag-france-televisions","tag-grenoble","tag-journaliste","tag-laurent-solly","tag-news","tag-parcours","tag-republique-francaise"],"share_on_mastodon":{"url":"https:\/\/pubeurope.com\/@fr\/116769668934033243","error":""},"_links":{"self":[{"href":"https:\/\/www.europesays.com\/fr\/wp-json\/wp\/v2\/posts\/1007594","targetHints":{"allow":["GET"]}}],"collection":[{"href":"https:\/\/www.europesays.com\/fr\/wp-json\/wp\/v2\/posts"}],"about":[{"href":"https:\/\/www.europesays.com\/fr\/wp-json\/wp\/v2\/types\/post"}],"author":[{"embeddable":true,"href":"https:\/\/www.europesays.com\/fr\/wp-json\/wp\/v2\/users\/2"}],"replies":[{"embeddable":true,"href":"https:\/\/www.europesays.com\/fr\/wp-json\/wp\/v2\/comments?post=1007594"}],"version-history":[{"count":0,"href":"https:\/\/www.europesays.com\/fr\/wp-json\/wp\/v2\/posts\/1007594\/revisions"}],"wp:featuredmedia":[{"embeddable":true,"href":"https:\/\/www.europesays.com\/fr\/wp-json\/wp\/v2\/media\/1007595"}],"wp:attachment":[{"href":"https:\/\/www.europesays.com\/fr\/wp-json\/wp\/v2\/media?parent=1007594"}],"wp:term":[{"taxonomy":"category","embeddable":true,"href":"https:\/\/www.europesays.com\/fr\/wp-json\/wp\/v2\/categories?post=1007594"},{"taxonomy":"post_tag","embeddable":true,"href":"https:\/\/www.europesays.com\/fr\/wp-json\/wp\/v2\/tags?post=1007594"}],"curies":[{"name":"wp","href":"https:\/\/api.w.org\/{rel}","templated":true}]}}