{"id":100770,"date":"2025-05-15T01:43:16","date_gmt":"2025-05-15T01:43:16","guid":{"rendered":"https:\/\/www.europesays.com\/fr\/100770\/"},"modified":"2025-05-15T01:43:16","modified_gmt":"2025-05-15T01:43:16","slug":"ile-de-france-mobilites-redecoupe-le-marche","status":"publish","type":"post","link":"https:\/\/www.europesays.com\/fr\/100770\/","title":{"rendered":"\u00cele-de-France Mobilit\u00e9s red\u00e9coupe le march\u00e9"},"content":{"rendered":"<p>                     <img loading=\"lazy\" decoding=\"async\" class=\"picture--cover\" src=\"https:\/\/www.europesays.com\/fr\/wp-content\/uploads\/2025\/05\/01de03e_sirius-fs-upload-1-bvlqunlitbne-1747214433369-afp-20231114-hl-hcampos-2208373-v1-highres-fra.jpeg\"  width=\"640\" height=\"430\" alt=\"Photo\" title=\"\"\/>       HENRIQUE CAMPOS \/ Hans Lucas via AFP       <\/p>\n<p class=\"paywall--paraph\">C\u2019est une modification qui va chambouler les plans de la SNCF et de ses concurrents, comme la RATP et Transdev. Annonc\u00e9 en f\u00e9vrier\u00a02021, le plan g\u00e9n\u00e9ral de mise en concurrence des Transiliens a d\u00e9marr\u00e9 par un appel \u00e0 candidatures pour l\u2019exploitation de la ligne L, entre Paris-Saint Lazare et Versailles et Cergy (300\u00a0000 voyageurs par jour). L\u2019autorit\u00e9 r\u00e9gionale \u00cele-de-France Mobilit\u00e9s (IDFM) devrait ent\u00e9riner, lors du conseil d\u2019administration pr\u00e9vu le 20\u00a0mai, le renouvellement de SNCF Mobilit\u00e9s. Mais selon nos informations, une nouvelle r\u00e9union des administrateurs d\u2019IDFM est pr\u00e9vue la semaine suivante, le 27\u00a0mai, pour adopter une modification des prochains lots de trains de banlieue, aujourd\u2019hui tous exploit\u00e9s par SNCF Voyageurs, qui seront ouverts \u00e0 la concurrence. L\u2019appel d\u2019offres pour l\u2019attribution de la ligne N, qui transporte 130\u00a0000 voyageurs quotidiennement entre la gare Montparnasse et Mantes-la-Jolie, Rambouillet et Dreux, sera en effet enrichi. IDFM entend y adjoindre la nouvelle ligne V qui relie Versailles-Chantiers \u00e0 la gare TGV et RER de Massy-Palaiseau.<\/p>\n<p class=\"paywall--pro-title\">Cet article est r\u00e9serv\u00e9 aux abonn\u00e9s b\u00e9n\u00e9ficiant de l&rsquo;Offre Pro<\/p>\n<p class=\"paywall--pro-description\">Vous n\u2019\u00eates pas abonn\u00e9(e) \u00e0 l\u2019Inform\u00e9 ou \u00eates abonn\u00e9(e) \u00e0 l\u2019offre particuliers ? D\u00e9couvrez nos offres professionnelles d\u00e9di\u00e9es aux entreprises, collectivit\u00e9s ou tout autre type d&rsquo;organisations.<\/p>\n<p> <a class=\"paywall--pro-button\" href=\"https:\/\/www.linforme.com\/abonnements\/devis\" target=\"_blank\" rel=\"noopener\">Je m&rsquo;abonne  <\/a> <\/p>\n<p class=\"paywall--pro-description\">Pourquoi l\u2019Inform\u00e9 lance une \u201cOffre Pro\u201d ?<\/p>\n<p>Depuis notre cr\u00e9ation en octobre 2022, de nombreux abonn\u00e9(e)s nous ont demand\u00e9 d\u2019aller encore plus loin sur leur univers professionnel, de leur apporter des informations encore plus pointues sur leur march\u00e9. C\u2019est pour r\u00e9pondre \u00e0 ce besoin que l\u2019Inform\u00e9 enrichit son offre avec des \u201carticles pro\u201d. La vie de votre secteur n\u2019aura plus le moindre secret pour vous.<\/p>\n","protected":false},"excerpt":{"rendered":"HENRIQUE CAMPOS \/ Hans Lucas via AFP C\u2019est une modification qui va chambouler les plans de la SNCF&hellip;\n","protected":false},"author":2,"featured_media":100771,"comment_status":"","ping_status":"","sticky":false,"template":"","format":"standard","meta":{"footnotes":""},"categories":[1592],"tags":[1111,11,1777,674,1011,27,21594,662,12,626,625,25,2215,16278],"class_list":{"0":"post-100770","1":"post","2":"type-post","3":"status-publish","4":"format-standard","5":"has-post-thumbnail","7":"category-ile-de-france","8":"tag-actu","9":"tag-actualites","10":"tag-eu","11":"tag-europe","12":"tag-fr","13":"tag-france","14":"tag-idfm","15":"tag-ile-de-france","16":"tag-news","17":"tag-paris","18":"tag-ratp","19":"tag-republique-francaise","20":"tag-sncf","21":"tag-transdev"},"share_on_mastodon":{"url":"https:\/\/pubeurope.com\/@fr\/114509316448367527","error":""},"_links":{"self":[{"href":"https:\/\/www.europesays.com\/fr\/wp-json\/wp\/v2\/posts\/100770","targetHints":{"allow":["GET"]}}],"collection":[{"href":"https:\/\/www.europesays.com\/fr\/wp-json\/wp\/v2\/posts"}],"about":[{"href":"https:\/\/www.europesays.com\/fr\/wp-json\/wp\/v2\/types\/post"}],"author":[{"embeddable":true,"href":"https:\/\/www.europesays.com\/fr\/wp-json\/wp\/v2\/users\/2"}],"replies":[{"embeddable":true,"href":"https:\/\/www.europesays.com\/fr\/wp-json\/wp\/v2\/comments?post=100770"}],"version-history":[{"count":0,"href":"https:\/\/www.europesays.com\/fr\/wp-json\/wp\/v2\/posts\/100770\/revisions"}],"wp:featuredmedia":[{"embeddable":true,"href":"https:\/\/www.europesays.com\/fr\/wp-json\/wp\/v2\/media\/100771"}],"wp:attachment":[{"href":"https:\/\/www.europesays.com\/fr\/wp-json\/wp\/v2\/media?parent=100770"}],"wp:term":[{"taxonomy":"category","embeddable":true,"href":"https:\/\/www.europesays.com\/fr\/wp-json\/wp\/v2\/categories?post=100770"},{"taxonomy":"post_tag","embeddable":true,"href":"https:\/\/www.europesays.com\/fr\/wp-json\/wp\/v2\/tags?post=100770"}],"curies":[{"name":"wp","href":"https:\/\/api.w.org\/{rel}","templated":true}]}}