{"id":1007753,"date":"2026-06-18T07:57:16","date_gmt":"2026-06-18T07:57:16","guid":{"rendered":"https:\/\/www.europesays.com\/fr\/1007753\/"},"modified":"2026-06-18T07:57:16","modified_gmt":"2026-06-18T07:57:16","slug":"pourquoi-les-modalites-dinscription-a-la","status":"publish","type":"post","link":"https:\/\/www.europesays.com\/fr\/1007753\/","title":{"rendered":"Pourquoi les modalit\u00e9s d\u2019inscription \u00e0 la"},"content":{"rendered":"<p>Ce nouveau mode d\u2019inscription sur <a href=\"https:\/\/familles-portail.paris.fr\/pfpofo\/jsp\/site\/Portal.jsp?page=accueil\" target=\"_blank\" title=\"Ouverture dans un nouvel onglet\" rel=\"nofollow noopener\">le<br \/>\nportail Paris Familles<\/a> s\u2019adresse \u00e0 l\u2019ensemble des familles dont les enfants sont<br \/>\nscolaris\u00e9s dans une \u00e9cole maternelle, \u00e9l\u00e9mentaire, un jardin d\u2019enfants p\u00e9dagogique<br \/>\nou un coll\u00e8ge public dans les arrondissements suivants\u00a0: Paris Centre, 6e, 7e, 8e, 10e, 11e, 12e, 13e, 14e, 19e et 20e. Seuls les coll\u00e9giens<br \/>\nscolaris\u00e9s dans une cit\u00e9 scolaire ne sont pas concern\u00e9s, leur restauration<br \/>\nrelevant de la comp\u00e9tence de la R\u00e9gion \u00cele-de-France.<\/p>\n","protected":false},"excerpt":{"rendered":"Ce nouveau mode d\u2019inscription sur le portail Paris Familles s\u2019adresse \u00e0 l\u2019ensemble des familles dont les enfants sont&hellip;\n","protected":false},"author":2,"featured_media":1007754,"comment_status":"","ping_status":"","sticky":false,"template":"","format":"standard","meta":{"footnotes":"","_share_on_mastodon":"0"},"categories":[1888],"tags":[1111,1928,11,1927,1777,674,1011,27,12,1926,626,1925,25],"class_list":["post-1007753","post","type-post","status-publish","format-standard","has-post-thumbnail","category-paris","tag-actu","tag-actu-paris","tag-actualites","tag-actualites-paris","tag-eu","tag-europe","tag-fr","tag-france","tag-news","tag-news-paris","tag-paris","tag-paris-news","tag-republique-francaise"],"share_on_mastodon":{"url":"https:\/\/pubeurope.com\/@fr\/116770049208479446","error":""},"_links":{"self":[{"href":"https:\/\/www.europesays.com\/fr\/wp-json\/wp\/v2\/posts\/1007753","targetHints":{"allow":["GET"]}}],"collection":[{"href":"https:\/\/www.europesays.com\/fr\/wp-json\/wp\/v2\/posts"}],"about":[{"href":"https:\/\/www.europesays.com\/fr\/wp-json\/wp\/v2\/types\/post"}],"author":[{"embeddable":true,"href":"https:\/\/www.europesays.com\/fr\/wp-json\/wp\/v2\/users\/2"}],"replies":[{"embeddable":true,"href":"https:\/\/www.europesays.com\/fr\/wp-json\/wp\/v2\/comments?post=1007753"}],"version-history":[{"count":0,"href":"https:\/\/www.europesays.com\/fr\/wp-json\/wp\/v2\/posts\/1007753\/revisions"}],"wp:featuredmedia":[{"embeddable":true,"href":"https:\/\/www.europesays.com\/fr\/wp-json\/wp\/v2\/media\/1007754"}],"wp:attachment":[{"href":"https:\/\/www.europesays.com\/fr\/wp-json\/wp\/v2\/media?parent=1007753"}],"wp:term":[{"taxonomy":"category","embeddable":true,"href":"https:\/\/www.europesays.com\/fr\/wp-json\/wp\/v2\/categories?post=1007753"},{"taxonomy":"post_tag","embeddable":true,"href":"https:\/\/www.europesays.com\/fr\/wp-json\/wp\/v2\/tags?post=1007753"}],"curies":[{"name":"wp","href":"https:\/\/api.w.org\/{rel}","templated":true}]}}