{"id":1007858,"date":"2026-06-18T08:58:22","date_gmt":"2026-06-18T08:58:22","guid":{"rendered":"https:\/\/www.europesays.com\/fr\/1007858\/"},"modified":"2026-06-18T08:58:22","modified_gmt":"2026-06-18T08:58:22","slug":"accident-entre-un-vehicule-et-un-velo-dans-les-pyrenees-le-cycliste-heliporte-a-toulouse","status":"publish","type":"post","link":"https:\/\/www.europesays.com\/fr\/1007858\/","title":{"rendered":"Accident entre un v\u00e9hicule et un v\u00e9lo dans les Pyr\u00e9n\u00e9es, le cycliste h\u00e9liport\u00e9 \u00e0 Toulouse"},"content":{"rendered":"<p>                    Par<br \/>\n        <strong><br \/>\n            <a href=\"https:\/\/actu.fr\/auteur\/hodumez\" title=\"Consulter tous les articles de Hugues-Olivier Dumez\" rel=\"nofollow noopener\" target=\"_blank\">Hugues-Olivier Dumez<\/a><br \/>\n                    <\/strong><\/p>\n<p>        Publi\u00e9 le<\/p>\n<p>            18 juin 2026 \u00e0 10h29        <\/p>\n<p>Il a \u00e9t\u00e9 h\u00e9liport\u00e9 \u00ab\u2009dans un \u00e9tat grave\u2009\u00bb. Mercredi 17\u00a0juin 2026, vers 12h30, les sapeurs-pompiers de l\u2019<a href=\"https:\/\/actu.fr\/occitanie\/ariege_09\" rel=\"nofollow noopener\" target=\"_blank\">Ari\u00e8ge<\/a> sont intervenus apr\u00e8s un accident de la circulation survenu dans la commune de <strong>Capoulet-et-Junac<\/strong>, dans les <strong>Pyr\u00e9n\u00e9es<\/strong>.<\/p>\n<p class=\" wall-content\">Au cours de cet accident impliquant un v\u00e9hicule l\u00e9ger et un v\u00e9lo, un cycliste \u00e2g\u00e9 de 45\u00a0ans a \u00e9t\u00e9 pris en charge par les sapeurs-pompiers ainsi qu\u2019une \u00e9quipe SMUR.<\/p>\n<p>H\u00e9liport\u00e9 \u00e0 Toulouse<\/p>\n<p class=\" wall-content\">Il a \u00e9t\u00e9 h\u00e9liport\u00e9 sur le Centre hospitalier de Purpan, \u00e0 <strong>Toulouse<\/strong>.<\/p>\n<p class=\" wall-content\">Les deux personnes pr\u00e9sentes dans le v\u00e9hicule ont quant \u00e0 elles \u00e9t\u00e9 transport\u00e9es sur les urgences du Centre hospitalier intercommunal des vall\u00e9es de l\u2019Ari\u00e8ge (CHIVA).<\/p>\n<p class=\" wall-content\">Elles \u00e9taient \u00ab\u2009l\u00e9g\u00e8rement bless\u00e9es\u2009\u00bb, indique le Service d\u00e9partemental d\u2019incendie et de secours, dans son bulletin de renseignement quotidien.<\/p>\n<p class=\" wall-content\">Personnalisez votre actualit\u00e9 en ajoutant vos villes et m\u00e9dias en favori avec <a href=\"https:\/\/moncompte.actu.fr\" title=\"D\u00e9couvez Mon Actu\" rel=\"nofollow noopener\" data-trk=\"{&quot;cta&quot;:{&quot;action&quot;:&quot;https:\\\/\\\/moncompte.actu.fr&quot;,&quot;category&quot;:&quot;mon compte&quot;,&quot;from&quot;:&quot;article footer&quot;,&quot;name&quot;:&quot;Mon actu&quot;,&quot;type&quot;:&quot;cta&quot;}}\" target=\"_blank\">Mon Actu<\/a>.<\/p>\n","protected":false},"excerpt":{"rendered":"Par Hugues-Olivier Dumez Publi\u00e9 le 18 juin 2026 \u00e0 10h29 Il a \u00e9t\u00e9 h\u00e9liport\u00e9 \u00ab\u2009dans un \u00e9tat grave\u2009\u00bb.&hellip;\n","protected":false},"author":2,"featured_media":1007859,"comment_status":"","ping_status":"","sticky":false,"template":"","format":"standard","meta":{"footnotes":"","_share_on_mastodon":"0"},"categories":[2816],"tags":[1111,11,1777,674,118,1011,27,12,2680,2723,25,2312],"class_list":["post-1007858","post","type-post","status-publish","format-standard","has-post-thumbnail","category-toulouse","tag-actu","tag-actualites","tag-eu","tag-europe","tag-faits-divers","tag-fr","tag-france","tag-news","tag-occitanie","tag-pyrenees","tag-republique-francaise","tag-toulouse"],"share_on_mastodon":{"url":"https:\/\/pubeurope.com\/@fr\/116770288950044571","error":""},"_links":{"self":[{"href":"https:\/\/www.europesays.com\/fr\/wp-json\/wp\/v2\/posts\/1007858","targetHints":{"allow":["GET"]}}],"collection":[{"href":"https:\/\/www.europesays.com\/fr\/wp-json\/wp\/v2\/posts"}],"about":[{"href":"https:\/\/www.europesays.com\/fr\/wp-json\/wp\/v2\/types\/post"}],"author":[{"embeddable":true,"href":"https:\/\/www.europesays.com\/fr\/wp-json\/wp\/v2\/users\/2"}],"replies":[{"embeddable":true,"href":"https:\/\/www.europesays.com\/fr\/wp-json\/wp\/v2\/comments?post=1007858"}],"version-history":[{"count":0,"href":"https:\/\/www.europesays.com\/fr\/wp-json\/wp\/v2\/posts\/1007858\/revisions"}],"wp:featuredmedia":[{"embeddable":true,"href":"https:\/\/www.europesays.com\/fr\/wp-json\/wp\/v2\/media\/1007859"}],"wp:attachment":[{"href":"https:\/\/www.europesays.com\/fr\/wp-json\/wp\/v2\/media?parent=1007858"}],"wp:term":[{"taxonomy":"category","embeddable":true,"href":"https:\/\/www.europesays.com\/fr\/wp-json\/wp\/v2\/categories?post=1007858"},{"taxonomy":"post_tag","embeddable":true,"href":"https:\/\/www.europesays.com\/fr\/wp-json\/wp\/v2\/tags?post=1007858"}],"curies":[{"name":"wp","href":"https:\/\/api.w.org\/{rel}","templated":true}]}}