{"id":100789,"date":"2025-05-15T01:52:10","date_gmt":"2025-05-15T01:52:10","guid":{"rendered":"https:\/\/www.europesays.com\/fr\/100789\/"},"modified":"2025-05-15T01:52:10","modified_gmt":"2025-05-15T01:52:10","slug":"friedrich-merz-le-chancelier-sengager-a-doter-lallemagne-de-larmee-la-plus-puissante-deurope","status":"publish","type":"post","link":"https:\/\/www.europesays.com\/fr\/100789\/","title":{"rendered":"Friedrich Merz : le chancelier s&rsquo;engager \u00e0 doter l\u2019Allemagne de \u00abl\u2019arm\u00e9e la plus puissante d\u2019Europe\u00bb"},"content":{"rendered":"<p style=\"text-align: justify;\">Face \u00e0 la menace russe, le chancelier <a href=\"https:\/\/x.com\/bundeskanzler\/status\/1922637124102136299?t=rYPslpxdAp1I_xyn1Qr1PQ&amp;s=19\" target=\"_blank\" rel=\"noopener nofollow\">Friedrich Merz<\/a> s\u2019est engag\u00e9 le 14 mai 2025 \u00e0 doter l\u2019Allemagne de \u00ab<strong>l\u2019arm\u00e9e conventionnelle la plus puissante d\u2019Europe<\/strong>\u00bb.<\/p>\n<p style=\"text-align: justify;\">\u00ab<strong>Le renforcement de la Bundeswehr est notre priorit\u00e9 absolue<\/strong>\u00bb, a d\u00e9clar\u00e9 le dirigeant conservateur devant les d\u00e9put\u00e9s, une semaine apr\u00e8s l\u2019arriv\u00e9e au pouvoir de sa coalition avec les sociaux-d\u00e9mocrates qui a d\u00e9bloqu\u00e9 une enveloppe de plusieurs centaines de milliards d\u2019euros pour les d\u00e9penses militaires.<\/p>\n<p style=\"text-align: justify;\">Renforcer l\u2019arm\u00e9e allemande, longtemps sous-financ\u00e9e, \u00ab<strong>c\u2019est ce qu\u2019attend le pays le plus peupl\u00e9 et le plus puissant d\u2019Europe. Nos amis et partenaires l\u2019attendent \u00e9galement de nous. En fait, ils l\u2019exigent pratiquement\u00bb, <\/strong>a ajout\u00e9 Merz. Il a mis en avant la dimension dissuasive de moyens militaires accrus <strong>: \u00abla force dissuade les agresseurs. La faiblesse, en revanche, les incite \u00e0 l\u2019agression<\/strong>\u00bb.<\/p>\n<p>Friedrich Merz souhaite doter l\u2019Allemagne de l\u2019arm\u00e9e la plus puissante pour faire face \u00e0 la menace russe<\/p>\n<p style=\"text-align: justify;\">Le dirigeant allemand a point\u00e9 la menace repr\u00e9sent\u00e9e par la Russie apr\u00e8s plus de trois ans d\u2019invasion de l\u2019Ukraine: \u00ab<strong>quiconque croit s\u00e9rieusement que la Russie se contentera d\u2019une victoire sur l\u2019Ukraine ou de l\u2019annexion d\u2019une partie du pays se trompe<\/strong>\u00bb, a-t-il mis en garde.<\/p>\n<p style=\"text-align: justify;\">Dans ce contexte, \u00ab<strong>notre objectif est une Allemagne et une Europe qui, ensemble, soient si fortes que nous n\u2019aurons jamais \u00e0 recourir \u00e0 nos armes<\/strong>\u00bb, a soulign\u00e9 le dirigeant allemand.<\/p>\n<p style=\"text-align: justify;\">Profond\u00e9ment pacifiste depuis les horreurs du nazisme, l\u2019Allemagne a longtemps sous-financ\u00e9 sa d\u00e9fense, s\u2019en remettant \u00e0 la puissance am\u00e9ricaine au sein de <a href=\"https:\/\/yop.l-frii.com\/donald-trump-menace-de-quitter-lotan-voici-la-raison\/\" rel=\"nofollow noopener\" target=\"_blank\">l\u2019OTAN<\/a>.<\/p>\n<p style=\"text-align: justify;\">Le pays a op\u00e9r\u00e9 un tournant strat\u00e9gique depuis l\u2019attaque russe en Ukraine fin f\u00e9vrier 2022, augmentant sensiblement son budget militaire sous la mandature du gouvernement d\u2019Olaf Scholz, qui s\u2019\u00e9tait \u00e9galement fix\u00e9 l\u2019objectif de b\u00e2tir l\u2019arm\u00e9e la puissante d\u2019Europe.<\/p>\n<p style=\"text-align: justify;\">La Bundeswehr souffre encore d\u2019une p\u00e9nurie d\u2019\u00e9quipements, d\u2019infrastructures d\u00e9grad\u00e9es et d\u2019une bureaucratie pesante, selon diff\u00e9rents rapports. Elle doit \u00e9galement rem\u00e9dier \u00e0 une grave p\u00e9nurie de personnel.<\/p>\n<p style=\"text-align: justify;\">Afin de renforcer les effectifs de l\u2019arm\u00e9e, l\u2019Allemagne va introduire un \u00ab<strong>nouveau service militaire volontaire attractif<\/strong>\u00bb, a rappel\u00e9 Friedrich Merz. Lui succ\u00e9dant devant les d\u00e9put\u00e9s, le ministre de la D\u00e9fense Boris Pistorius a laiss\u00e9 entendre que la dimension volontaire du recrutement pourrait n\u2019\u00eatre qu\u2019une premi\u00e8re \u00e9tape.<\/p>\n<p style=\"text-align: justify;\">\u00ab<strong>Nous avons convenu de miser dans un premier temps sur la participation volontaire (\u2026) Et je le dis tr\u00e8s clairement et tr\u00e8s honn\u00eatement, l\u2019accent est mis sur \u2018dans un premier temps\u2019, au cas o\u00f9 nous ne parviendrions pas \u00e0 recruter suffisamment de volontaires<\/strong>\u00bb.<\/p>\n<p style=\"text-align: justify;\">Avec AFP<\/p>\n","protected":false},"excerpt":{"rendered":"Face \u00e0 la menace russe, le chancelier Friedrich Merz s\u2019est engag\u00e9 le 14 mai 2025 \u00e0 doter l\u2019Allemagne&hellip;\n","protected":false},"author":2,"featured_media":100790,"comment_status":"","ping_status":"","sticky":false,"template":"","format":"standard","meta":{"footnotes":""},"categories":[1587],"tags":[11,672,1813,1804,1805,1803,1777,674,4710,1801,12,21600,1802],"class_list":{"0":"post-100789","1":"post","2":"type-post","3":"status-publish","4":"format-standard","5":"has-post-thumbnail","7":"category-allemagne","8":"tag-actualites","9":"tag-allemagne","10":"tag-armee","11":"tag-bundesrepublik-deutschland","12":"tag-de","13":"tag-deutschland","14":"tag-eu","15":"tag-europe","16":"tag-friedrich-merz","17":"tag-germany","18":"tag-news","19":"tag-puissante","20":"tag-republique-federale-dallemagne"},"share_on_mastodon":{"url":"https:\/\/pubeurope.com\/@fr\/114509351733046008","error":""},"_links":{"self":[{"href":"https:\/\/www.europesays.com\/fr\/wp-json\/wp\/v2\/posts\/100789","targetHints":{"allow":["GET"]}}],"collection":[{"href":"https:\/\/www.europesays.com\/fr\/wp-json\/wp\/v2\/posts"}],"about":[{"href":"https:\/\/www.europesays.com\/fr\/wp-json\/wp\/v2\/types\/post"}],"author":[{"embeddable":true,"href":"https:\/\/www.europesays.com\/fr\/wp-json\/wp\/v2\/users\/2"}],"replies":[{"embeddable":true,"href":"https:\/\/www.europesays.com\/fr\/wp-json\/wp\/v2\/comments?post=100789"}],"version-history":[{"count":0,"href":"https:\/\/www.europesays.com\/fr\/wp-json\/wp\/v2\/posts\/100789\/revisions"}],"wp:featuredmedia":[{"embeddable":true,"href":"https:\/\/www.europesays.com\/fr\/wp-json\/wp\/v2\/media\/100790"}],"wp:attachment":[{"href":"https:\/\/www.europesays.com\/fr\/wp-json\/wp\/v2\/media?parent=100789"}],"wp:term":[{"taxonomy":"category","embeddable":true,"href":"https:\/\/www.europesays.com\/fr\/wp-json\/wp\/v2\/categories?post=100789"},{"taxonomy":"post_tag","embeddable":true,"href":"https:\/\/www.europesays.com\/fr\/wp-json\/wp\/v2\/tags?post=100789"}],"curies":[{"name":"wp","href":"https:\/\/api.w.org\/{rel}","templated":true}]}}