{"id":100791,"date":"2025-05-15T01:53:10","date_gmt":"2025-05-15T01:53:10","guid":{"rendered":"https:\/\/www.europesays.com\/fr\/100791\/"},"modified":"2025-05-15T01:53:10","modified_gmt":"2025-05-15T01:53:10","slug":"la-france-reste-le-pays-le-plus-attractif-deurope-mais-les-inquietudes-sur-sa-competitivite-grandissent","status":"publish","type":"post","link":"https:\/\/www.europesays.com\/fr\/100791\/","title":{"rendered":"La France reste le pays le plus attractif d\u2019Europe mais les inqui\u00e9tudes sur sa comp\u00e9titivit\u00e9 grandissent"},"content":{"rendered":"<p><strong>D\u00c9CRYPTAGE &#8211;<\/strong> Le barom\u00e8tre EY publi\u00e9 ce jeudi pointe la forte baisse du nombre d\u2019emplois cr\u00e9\u00e9s par les investissements \u00e9trangers, due en partie au co\u00fbt \u00e9lev\u00e9 du travail.<\/p>\n<p class=\"fig-paragraph\">En apparence, tout va tr\u00e8s bien. Pour la sixi\u00e8me ann\u00e9e cons\u00e9cutive, la France conserve en 2024 son rang de pays le plus attractif d\u2019Europe pour les investisseurs \u00e9trangers, selon le barom\u00e8tre EY publi\u00e9 ce jeudi. Une performance dont\u00a0<a href=\"http:\/\/www.lefigaro.fr\/vox\/politique\/emmanuel-macron-occupe-les-medias-avant-que-ses-proches-tuent-le-pere-pour-2027-20250514\" target=\"_blank\" data-fig-type=\"Article\" rel=\"noopener\" data-gtm-custom-categorie=\"navigation\" data-gtm-custom-action=\"crossclick\" data-gtm-custom-label=\"Contextuel\" data-gtm-event=\"customEventSPE\" data-fig-domain=\"LEFIGARO\">Emmanuel Macron<\/a>, qui a encore rappel\u00e9 mardi soir sur TF1 cette premi\u00e8re place, ne manquera pas de se f\u00e9liciter \u00e0 l\u2019approche, lundi, du\u00a0<a href=\"http:\/\/www.lefigaro.fr\/politique\/avec-emmanuel-macron-dans-les-coulisses-de-choose-france-20240517\" target=\"_blank\" data-fig-type=\"Article\" rel=\"noopener\" data-gtm-custom-categorie=\"navigation\" data-gtm-custom-action=\"crossclick\" data-gtm-custom-label=\"Contextuel\" data-gtm-event=\"customEventSPE\" data-fig-domain=\"LEFIGARO\">sommet Choose France<\/a>, qui voit chaque ann\u00e9e d\u00e9filer au ch\u00e2teau de Versaillles des dizaines de grands patrons \u00e9trangers, avec \u00e0 la cl\u00e9 des milliards d\u2019euros d\u2019investissements annonc\u00e9s. En tout, 1025 investissements directs \u00e0 l\u2019\u00e9tranger (IDE) ont \u00e9t\u00e9 recens\u00e9s en France en 2024 par le cabinet de conseil, contre 853 au Royaume-Uni et 608 en Allemagne. IBM, Microsoft, McCain\u2026 Les noms de marques r\u00e9sonnent comme autant de troph\u00e9es. Ce qui prouve, selon l\u2019\u00c9lys\u00e9e, qu\u2019il faut maintenir la politique de l\u2019offre d\u00e9fendue par Emmanuel Macron depuis son \u00e9lection.<\/p>\n<p class=\"fig-paragraph\">Mais \u00e0 y regarder de plus pr\u00e8s, le vernis de ce beau tableau montre des premiers\u2026<\/p>\n<p class=\"fig-premium-paywall__infos\">\n        Cet article est r\u00e9serv\u00e9 aux abonn\u00e9s.        Il vous reste 82% \u00e0 d\u00e9couvrir.\n    <\/p>\n<p>                <img  data- alt=\"Le Figaro\" class=\"fig-img--complete fig-img\"\/><\/p>\n<p class=\"fig-premium-paywall__title\">Je m&rsquo;informe, je m&rsquo;inspire, je m&rsquo;abonne.<\/p>\n<p class=\"fig-premium-paywall__subtitle\">D\u00e9couvrez notre offre de bienvenue.<\/p>\n<p class=\"fig-premium-paywall__connect\">\n                D\u00e9j\u00e0 abonn\u00e9\u00a0?                <a class=\"fig-premium-paywall__connect-link\" href=\"https:\/\/connect.lefigaro.fr\/login?client=horizon_web&amp;type=main&amp;redirect_uri=https%3A%2F%2Fwww.lefigaro.fr%2Fconjoncture%2Fla-france-reste-le-pays-le-plus-attractif-d-europe-mais-les-inquietudes-sur-sa-competitivite-grandissent-20250514\" data-js-gtm=\"{&quot;customCategorie&quot;: &quot;conversion&quot;, &quot;customAction&quot;: &quot;before_Landing_Connexion_paywall_auto&quot;, &quot;customLabel&quot;: &quot;bGVmaWdhcm8uZnJfXzFmMDJmNDJjLTFiMGYtNjVmYy1hNzMwLTBmNjRlZDQzMDljZV9fQXJ0aWNsZQ==_La France reste le pays le plus attractif d\u2019Europe mais les inqui\u00e9tudes sur sa comp\u00e9titivit\u00e9 grandissent_77&quot;, &quot;customIDSPE&quot;: &quot;bGVmaWdhcm8uZnJfXzFmMDJmNDJjLTFiMGYtNjVmYy1hNzMwLTBmNjRlZDQzMDljZV9fQXJ0aWNsZQ==&quot;, &quot;event&quot;: &quot;customEventSPE&quot;}\" target=\"_blank\" rel=\"noopener\"><br \/>\n                    Connectez-vous<br \/>\n                <\/a>\n            <\/p>\n","protected":false},"excerpt":{"rendered":"D\u00c9CRYPTAGE &#8211; Le barom\u00e8tre EY publi\u00e9 ce jeudi pointe la forte baisse du nombre d\u2019emplois cr\u00e9\u00e9s par les&hellip;\n","protected":false},"author":2,"featured_media":100792,"comment_status":"","ping_status":"","sticky":false,"template":"","format":"standard","meta":{"footnotes":""},"categories":[1586],"tags":[339,11,340,343,345,21601,350,130,344,352,349,33,341,313,1777,674,13610,1011,27,346,342,353,351,347,12,348,25,354],"class_list":{"0":"post-100791","1":"post","2":"type-post","3":"status-publish","4":"format-standard","5":"has-post-thumbnail","7":"category-europe","8":"tag-actualite-economique","9":"tag-actualites","10":"tag-bourse","11":"tag-cac-40","12":"tag-chef-dentreprise","13":"tag-choose-france","14":"tag-concurrence","15":"tag-consommation","16":"tag-creation-dentreprise","17":"tag-crise","18":"tag-delocalisations","19":"tag-economie","20":"tag-emploi","21":"tag-entreprises","22":"tag-eu","23":"tag-europe","24":"tag-ey","25":"tag-fr","26":"tag-france","27":"tag-grands-patrons","28":"tag-impots","29":"tag-licenciements","30":"tag-monopole","31":"tag-multinationales","32":"tag-news","33":"tag-privatisation","34":"tag-republique-francaise","35":"tag-unio"},"share_on_mastodon":{"url":"https:\/\/pubeurope.com\/@fr\/114509355686896451","error":""},"_links":{"self":[{"href":"https:\/\/www.europesays.com\/fr\/wp-json\/wp\/v2\/posts\/100791","targetHints":{"allow":["GET"]}}],"collection":[{"href":"https:\/\/www.europesays.com\/fr\/wp-json\/wp\/v2\/posts"}],"about":[{"href":"https:\/\/www.europesays.com\/fr\/wp-json\/wp\/v2\/types\/post"}],"author":[{"embeddable":true,"href":"https:\/\/www.europesays.com\/fr\/wp-json\/wp\/v2\/users\/2"}],"replies":[{"embeddable":true,"href":"https:\/\/www.europesays.com\/fr\/wp-json\/wp\/v2\/comments?post=100791"}],"version-history":[{"count":0,"href":"https:\/\/www.europesays.com\/fr\/wp-json\/wp\/v2\/posts\/100791\/revisions"}],"wp:featuredmedia":[{"embeddable":true,"href":"https:\/\/www.europesays.com\/fr\/wp-json\/wp\/v2\/media\/100792"}],"wp:attachment":[{"href":"https:\/\/www.europesays.com\/fr\/wp-json\/wp\/v2\/media?parent=100791"}],"wp:term":[{"taxonomy":"category","embeddable":true,"href":"https:\/\/www.europesays.com\/fr\/wp-json\/wp\/v2\/categories?post=100791"},{"taxonomy":"post_tag","embeddable":true,"href":"https:\/\/www.europesays.com\/fr\/wp-json\/wp\/v2\/tags?post=100791"}],"curies":[{"name":"wp","href":"https:\/\/api.w.org\/{rel}","templated":true}]}}