{"id":100793,"date":"2025-05-15T01:54:18","date_gmt":"2025-05-15T01:54:18","guid":{"rendered":"https:\/\/www.europesays.com\/fr\/100793\/"},"modified":"2025-05-15T01:54:18","modified_gmt":"2025-05-15T01:54:18","slug":"pour-albert-rosti-le-service-public-sera-garanti-avec-laccord-sur-lelectricite-avec-lue","status":"publish","type":"post","link":"https:\/\/www.europesays.com\/fr\/100793\/","title":{"rendered":"Pour Albert R\u00f6sti, \u00able service public sera garanti\u00bb avec l\u2019accord sur l\u2019\u00e9lectricit\u00e9 avec l\u2019UE"},"content":{"rendered":"<p>              <a tabindex=\"-1\" title=\"Yan Pauchard\" href=\"https:\/\/www.letemps.ch\/profil\/yan-pauchard\" target=\"_blank\" rel=\"noopener\"><\/p>\n<p>                    <img decoding=\"async\" src=\"https:\/\/www.europesays.com\/fr\/wp-content\/uploads\/2025\/04\/1744285572_589_small.jpeg\" class=\"lazy\" alt=\"\"\/><\/p>\n<p><\/a>        <\/p>\n<p>    Publi\u00e9 le 14 mai 2025 \u00e0 18:21. \/ Modifi\u00e9 le 15 mai 2025 \u00e0 00:18.<\/p>\n<p> 3 min. de lecture<\/p>\n<p>Des diff\u00e9rents volets du paquet d\u2019accords avec l\u2019Union europ\u00e9enne, celui concernant l\u2019\u00e9lectricit\u00e9 apparaissait de prime abord comme le plus \u00e9vident, tant il semble logique pour la Suisse de mieux s\u2019int\u00e9grer dans un r\u00e9seau avec lequel elle dispose d\u00e9j\u00e0 de plus de 40\u00a0lignes transfrontali\u00e8res. Pourtant, sur ce dossier, rien ne sera facile pour le Conseil f\u00e9d\u00e9ral. Alors que les d\u00e9tails ne sont pas encore connus, le texte est d\u00e9j\u00e0 controvers\u00e9, en particulier sur la question de l\u2019ouverture du march\u00e9 pour tous les consommateurs finaux. Tant \u00e0 l\u2019UDC qu\u2019au sein des syndicats, des voix redoutent que les m\u00e9nages priv\u00e9s ne se retrouvent expos\u00e9s aux fortes fluctuations des prix de l\u2019\u00e9lectricit\u00e9.<\/p>\n<p>Face aux critiques, le gouvernement se veut n\u00e9anmoins rassurant. Ce mercredi, le conseiller f\u00e9d\u00e9ral Albert R\u00f6sti a explicit\u00e9 les principaux points de la mise en \u0153uvre. \u00abAvec l\u2019entr\u00e9e en vigueur de l\u2019accord, toutes les consommatrices et tous les consommateurs pourront choisir librement leur fournisseur d\u2019\u00e9lectricit\u00e9 et ne seront plus captifs\u00bb, a relev\u00e9 le magistrat UDC, charg\u00e9 de l\u2019Energie. A ses yeux, \u00able service public sera garanti\u00bb, car les personnes \u00abne souhaitant pas passer dans le march\u00e9 libre resteront automatiquement aupr\u00e8s de leur fournisseur local, avec des prix r\u00e9gul\u00e9s\u00bb.<\/p>\n<p>    La suite de l&rsquo;article vous int\u00e9resse?<\/p>\n<p>Tout comprendre, mieux s\u2019informer: acc\u00e9dez au meilleur du journalisme suisse avec notre offre combin\u00e9e <b>Le Temps &amp; Heidi.news<\/b>. &#13;\n<\/p>\n<p>Abonnez-vous en quelques clics et payez facilement avec <b>Twint<\/b>.<\/p>\n<p>    <a class=\"button is-secondary\" data-event=\"click-&gt;clicked\" href=\"https:\/\/www.letemps.ch\/abonnements?wall_id=1\" target=\"_blank\" rel=\"noopener\">Je m\u2019abonne<\/a><\/p>\n<p class=\"post-subscribe__login\">\n        Vous avez d\u00e9j\u00e0 un compte ?<br \/>\n        <a class=\"link\" rel=\"nofollow noopener\" href=\"https:\/\/www.letemps.ch\/compte\/connexion?return_to=https%3A%2F%2Fwww.letemps.ch%2Fsuisse%2Fpour-albert-rosti-le-service-public-sera-garanti-avec-l-accord-sur-l-electricite-avec-l-ue\" target=\"_blank\">Se connecter<\/a>\n      <\/p>\n","protected":false},"excerpt":{"rendered":"Publi\u00e9 le 14 mai 2025 \u00e0 18:21. \/ Modifi\u00e9 le 15 mai 2025 \u00e0 00:18. 3 min. de&hellip;\n","protected":false},"author":2,"featured_media":100794,"comment_status":"","ping_status":"","sticky":false,"template":"","format":"standard","meta":{"footnotes":""},"categories":[1586],"tags":[11,21602,579,1777,674,1779,1011,27,12,301,25,2582,1778,364],"class_list":{"0":"post-100793","1":"post","2":"type-post","3":"status-publish","4":"format-standard","5":"has-post-thumbnail","7":"category-europe","8":"tag-actualites","9":"tag-albert-rosti","10":"tag-electricite","11":"tag-eu","12":"tag-europe","13":"tag-european-union","14":"tag-fr","15":"tag-france","16":"tag-news","17":"tag-premium","18":"tag-republique-francaise","19":"tag-suisse-ue","20":"tag-ue","21":"tag-union-europeenne"},"share_on_mastodon":{"url":"https:\/\/pubeurope.com\/@fr\/114509359607368965","error":""},"_links":{"self":[{"href":"https:\/\/www.europesays.com\/fr\/wp-json\/wp\/v2\/posts\/100793","targetHints":{"allow":["GET"]}}],"collection":[{"href":"https:\/\/www.europesays.com\/fr\/wp-json\/wp\/v2\/posts"}],"about":[{"href":"https:\/\/www.europesays.com\/fr\/wp-json\/wp\/v2\/types\/post"}],"author":[{"embeddable":true,"href":"https:\/\/www.europesays.com\/fr\/wp-json\/wp\/v2\/users\/2"}],"replies":[{"embeddable":true,"href":"https:\/\/www.europesays.com\/fr\/wp-json\/wp\/v2\/comments?post=100793"}],"version-history":[{"count":0,"href":"https:\/\/www.europesays.com\/fr\/wp-json\/wp\/v2\/posts\/100793\/revisions"}],"wp:featuredmedia":[{"embeddable":true,"href":"https:\/\/www.europesays.com\/fr\/wp-json\/wp\/v2\/media\/100794"}],"wp:attachment":[{"href":"https:\/\/www.europesays.com\/fr\/wp-json\/wp\/v2\/media?parent=100793"}],"wp:term":[{"taxonomy":"category","embeddable":true,"href":"https:\/\/www.europesays.com\/fr\/wp-json\/wp\/v2\/categories?post=100793"},{"taxonomy":"post_tag","embeddable":true,"href":"https:\/\/www.europesays.com\/fr\/wp-json\/wp\/v2\/tags?post=100793"}],"curies":[{"name":"wp","href":"https:\/\/api.w.org\/{rel}","templated":true}]}}