{"id":1008126,"date":"2026-06-18T11:43:15","date_gmt":"2026-06-18T11:43:15","guid":{"rendered":"https:\/\/www.europesays.com\/fr\/1008126\/"},"modified":"2026-06-18T11:43:15","modified_gmt":"2026-06-18T11:43:15","slug":"symposium-de-la-recherche-scientifique-francophone-en-europe-centrale-et-orientale-2026","status":"publish","type":"post","link":"https:\/\/www.europesays.com\/fr\/1008126\/","title":{"rendered":"Symposium de la recherche scientifique francophone en Europe centrale et orientale 2026"},"content":{"rendered":"<p class=\"wp-block-paragraph\"><strong>L\u2019Ambassade de France en Roumanie et l\u2019Agence Universitaire de la Francophonie, en collaboration avec l\u2019Acad\u00e9mie d\u2019\u00e9tudes \u00e9conomiques (ASE), l\u2019ambassade de Suisse en Roumanie et l\u2019ambassade du Canada en Roumanie, organisent la 5e \u00e9dition du Symposium de la recherche scientifique francophone en Europe centrale et orientale.<\/strong><\/p>\n<p class=\"wp-block-paragraph\">Cet \u00e9v\u00e8nement permettra de structurer les collaborations de recherche francophones par th\u00e9matiques mais \u00e9galement de leur apporter une meilleure visibilit\u00e9 aupr\u00e8s de partenaires scientifiques roumains, fran\u00e7ais et d\u2019Europe centrale et orientale. Dans le but de f\u00e9d\u00e9rer la communaut\u00e9 scientifique francophone en Roumanie et dans la r\u00e9gion, le Symposium est tenu en \u00e9troite collaboration avec les parties prenantes (universit\u00e9s, Acad\u00e9mie des scientifiques de Roumanie, instituts de l\u2019Acad\u00e9mie Roumaine et  centres de recherche nationaux).<\/p>\n<p class=\"wp-block-paragraph\">Une attention particuli\u00e8re sera port\u00e9e \u00e0 l\u2019accompagnement des jeunes chercheurs, en leur offrant un espace de dialogue scientifique, de valorisation de leurs travaux et de d\u00e9veloppement de leurs comp\u00e9tences en communication scientifique.<\/p>\n<p class=\"wp-block-paragraph\">Le symposium se tiendra en novembre 2026 au sein de l\u2019Acad\u00e9mie d\u2019\u00e9tudes \u00e9conomiques de Bucarest (Roumanie). Une session de pr\u00e9paration en ligne sera organis\u00e9e en amont, pour accompagner les chercheurs dans la valorisation et la vulgarisation scientifique de leurs travaux. La mise en ligne d\u2019actes num\u00e9riques comprenant les diff\u00e9rentes participations se fera \u00e0 l\u2019issue de cet \u00e9v\u00e8nement.<\/p>\n<p class=\"wp-block-paragraph\">Cet appel s\u2019adresse en priorit\u00e9 aux jeunes chercheurs (doctorants, postdoctorants et jeunes docteurs), afin de leur permettre de pr\u00e9senter leurs travaux, d\u2019\u00e9changer avec des sp\u00e9cialistes de diff\u00e9rentes disciplines et de d\u00e9velopper des collaborations scientifiques \u00e0 l\u2019\u00e9chelle r\u00e9gionale et internationale.<\/p>\n<p class=\"wp-block-paragraph\">L\u2019appel comporte <strong>six th\u00e9matiques<\/strong> interdisciplinaires invitant les participants \u00e0 r\u00e9fl\u00e9chir collectivement \u00e0 des enjeux soci\u00e9taux majeurs\u00a0:<\/p>\n<ol class=\"wp-block-list\">\n<li>Sant\u00e9 publique, biom\u00e9decine et innovations th\u00e9rapeutiques<\/li>\n<li>Mat\u00e9riaux, \u00e9nergie et transition technologiques<\/li>\n<li>Num\u00e9rique, cybers\u00e9curit\u00e9 &amp; IA\u00a0: enjeux \u00e9thiques et p\u00e9dagogiques<\/li>\n<li>Langues, communication et circulation des savoirs<\/li>\n<li>Soci\u00e9t\u00e9s, politiques publiques et dynamiques globales<\/li>\n<li>Environnement, durabilit\u00e9 et risques globaux.<\/li>\n<\/ol>\n<p class=\"wp-block-paragraph\">Date limite de d\u00e9p\u00f4t\u00a0: <strong>31 ao\u00fbt 2026<\/strong>.<\/p>\n<p class=\"wp-block-paragraph\">Consultez toutes les informations sur le site du Symposium: <a href=\"https:\/\/srsf-eco.auf.org\/\" target=\"_blank\" rel=\"noreferrer noopener nofollow\">srsf-eco.auf.org<\/a><\/p>\n","protected":false},"excerpt":{"rendered":"L\u2019Ambassade de France en Roumanie et l\u2019Agence Universitaire de la Francophonie, en collaboration avec l\u2019Acad\u00e9mie d\u2019\u00e9tudes \u00e9conomiques (ASE),&hellip;\n","protected":false},"author":2,"featured_media":1008127,"comment_status":"","ping_status":"","sticky":false,"template":"","format":"standard","meta":{"footnotes":"","_share_on_mastodon":"0"},"categories":[1586],"tags":[11,1777,674,1011,27,12,25],"class_list":["post-1008126","post","type-post","status-publish","format-standard","has-post-thumbnail","category-europe","tag-actualites","tag-eu","tag-europe","tag-fr","tag-france","tag-news","tag-republique-francaise"],"share_on_mastodon":{"url":"https:\/\/pubeurope.com\/@fr\/116770937600046723","error":""},"_links":{"self":[{"href":"https:\/\/www.europesays.com\/fr\/wp-json\/wp\/v2\/posts\/1008126","targetHints":{"allow":["GET"]}}],"collection":[{"href":"https:\/\/www.europesays.com\/fr\/wp-json\/wp\/v2\/posts"}],"about":[{"href":"https:\/\/www.europesays.com\/fr\/wp-json\/wp\/v2\/types\/post"}],"author":[{"embeddable":true,"href":"https:\/\/www.europesays.com\/fr\/wp-json\/wp\/v2\/users\/2"}],"replies":[{"embeddable":true,"href":"https:\/\/www.europesays.com\/fr\/wp-json\/wp\/v2\/comments?post=1008126"}],"version-history":[{"count":0,"href":"https:\/\/www.europesays.com\/fr\/wp-json\/wp\/v2\/posts\/1008126\/revisions"}],"wp:featuredmedia":[{"embeddable":true,"href":"https:\/\/www.europesays.com\/fr\/wp-json\/wp\/v2\/media\/1008127"}],"wp:attachment":[{"href":"https:\/\/www.europesays.com\/fr\/wp-json\/wp\/v2\/media?parent=1008126"}],"wp:term":[{"taxonomy":"category","embeddable":true,"href":"https:\/\/www.europesays.com\/fr\/wp-json\/wp\/v2\/categories?post=1008126"},{"taxonomy":"post_tag","embeddable":true,"href":"https:\/\/www.europesays.com\/fr\/wp-json\/wp\/v2\/tags?post=1008126"}],"curies":[{"name":"wp","href":"https:\/\/api.w.org\/{rel}","templated":true}]}}