{"id":100817,"date":"2025-05-15T02:07:09","date_gmt":"2025-05-15T02:07:09","guid":{"rendered":"https:\/\/www.europesays.com\/fr\/100817\/"},"modified":"2025-05-15T02:07:09","modified_gmt":"2025-05-15T02:07:09","slug":"en-plein-festival-de-cannes-cette-star-devoile-ses-tetons-sous-une-robe-transparente-cest-inattendu","status":"publish","type":"post","link":"https:\/\/www.europesays.com\/fr\/100817\/","title":{"rendered":"En plein Festival de Cannes, cette star d\u00e9voile ses t\u00e9tons sous une robe transparente : \u00ab\u00a0C&rsquo;est inattendu\u00a0\u00bb"},"content":{"rendered":"<p>Du 13 au 24 mai 2025 se tient la 78e \u00e9dition du festival de<br \/>\nCannes. Un rendez-vous incontournable pour les acteurs et<br \/>\nr\u00e9alisateurs qui esp\u00e8rent alors se d\u00e9marquer de la concurrence et<br \/>\nremporter la tr\u00e8s convoit\u00e9e Palme d\u2019Or. Au total, 22 films sont en<br \/>\ncomp\u00e9tition. Outre les projections tr\u00e8s attendues, les looks<br \/>\narbor\u00e9s sur le tapis du palais des festivals sont eux aussi<br \/>\nminutieusement scrut\u00e9s. De Juliette Binoche \u00e0 Eva Longoria en<br \/>\npassant par Julie Gayet, Arielle Dombasle ou encore Halle Berry,<br \/>\ntoutes font l\u00a0\u00bbeffort de se montrer sous leur meilleur jour.<\/p>\n<p>Les tenues au festival de Cannes constamment scrut\u00e9es<\/p>\n<p>Malheureusement, <strong>certains choix de tenues jouent parfois<br \/>\ndes tours aux actrices<\/strong>. Cela fut par exemple le cas de<br \/>\nSophie Marceau qui, en 2005, a \u00e9t\u00e9 trahie par la bretelle de sa<br \/>\nrobe mal ajust\u00e9e. R\u00e9sultat, la com\u00e9dienne s\u2019est retrouv\u00e9e avec<br \/>\n<a href=\"https:\/\/www.melty.fr\/people\/sophie-marceau-cree-la-surprise-et-devoile-un-sein-sur-le-tapis-rouge-de-cannes-ca-arrive-tous-les-jours-2234701.html\" rel=\"nofollow noopener\" target=\"_blank\"><br \/>\nun sein nu devant les photographes<\/a>. Un moment bien \u00e9videmment<br \/>\n<strong>immortalis\u00e9<\/strong> \u00e0 l\u2019\u00e9poque.<\/p>\n<p>D\u00e9sormais, chaque personnalit\u00e9 qui foule le tapis rouge du<br \/>\nfestival de Cannes doit <strong>se pr\u00e9senter dans une tenue<br \/>\ncorrecte<\/strong>. \u00ab\u00a0Pour des raisons de d\u00e9cence, <strong>la<br \/>\nnudit\u00e9 est interdite sur le tapis rouge<\/strong>, ainsi que dans<br \/>\ntout autre lieu du Festival. Les tenues dont le volume entrave la<br \/>\nbonne circulation des invit\u00e9s et complique l\u2019assise dans la<br \/>\nsalle\u00a0\u00bb, indiquent d\u2019ailleurs les organisateurs.<\/p>\n<p>Bella Hadid d\u00e9voile un look os\u00e9<\/p>\n<p>Depuis plusieurs ann\u00e9es maintenant, il n\u2019est pas rare de voir<br \/>\ndes personnalit\u00e9s de divers milieux se pr\u00e9senter sur les marches du<br \/>\npalais des festivals. C\u2019est notamment le cas d\u2019influenceurs,<br \/>\nYoutubeurs et <strong>mannequins<\/strong>. <strong>Bella<br \/>\nHadid<\/strong> fait en effet partie des <strong>petites chanceuses<br \/>\n\u00e0 avoir \u00e9t\u00e9 invit\u00e9es \u00e0 Cannes<\/strong>. Et force est de constater<br \/>\nque <strong>son apparition \u00e0 l\u2019\u00e9v\u00e9nement l\u2019ann\u00e9e derni\u00e8re a marqu\u00e9<br \/>\nles esprits<\/strong>.<\/p>\n<blockquote class=\"twitter-tweet\"><p><a class=\"twitter-link\" rel=\"noindex, nofollow noopener\" href=\"https:\/\/twitter.com\/elysianamourr\/status\/1842268311880712354\" target=\"_blank\"><\/p><\/blockquote>\n<p>Comme vous pouvez le voir sur les clich\u00e9s ci-dessus, la s\u0153ur de<br \/>\nGigi Hadid avait choisi de porter une robe couleur beige fonc\u00e9<br \/>\ns\u2019arr\u00eatant juste en-dessous des genoux. La moiti\u00e9 de ce v\u00eatement<br \/>\n\u00e9tait toutefois <strong>transparent<\/strong> et laissait ainsi<br \/>\n<strong>appara\u00eetre les t\u00e9tons de la jeune femme<\/strong>.<br \/>\n\u00ab\u00a0C\u2019est inattendu mais je ne d\u00e9teste pas\u00a0\u00bb, a comment\u00e9 un<br \/>\ninternaute sur les r\u00e9seaux sociaux \u00e0 l\u2019\u00e9poque.<\/p>\n<p>Le mannequin plus sage cette ann\u00e9e \u00e0<br \/>\nCannes<\/p>\n<p>Cette ann\u00e9e en revanche, Bella Hadid a fait <strong>plus<br \/>\nsoft<\/strong> en optant pour <strong>un choix de tenue bien plus<br \/>\nclasse<\/strong> comme en t\u00e9moigne ce nouveau clich\u00e9. C\u2019est ainsi<br \/>\nque la jeune femme est apparue v\u00eatue d\u2019une longue robe noire fendue<br \/>\nsur le c\u00f4t\u00e9 avec d\u2019imposantes boucles d\u2019oreilles orn\u00e9es<br \/>\nd\u2019\u00e9meraudes.<\/p>\n<blockquote class=\"twitter-tweet\"><p><a class=\"twitter-link\" rel=\"noindex, nofollow noopener\" href=\"https:\/\/twitter.com\/hadidfiles\/status\/1922338280499974282\" target=\"_blank\"><\/p><\/blockquote>\n<p><strong>Sa couleur de cheveux blonde<\/strong> a elle aussi fait<br \/>\nsensation sur le tapis rouge du festival de Cannes. Bref, un look<br \/>\nvisiblement valid\u00e9 sur la Toile : <strong>\u00ab\u00a0Elle est vraiment<br \/>\nsublime\u00a0\u00bb<\/strong>, \u00ab\u00a0Tout simplement parfaite\u00a0\u00bb,<br \/>\n\u00ab\u00a0Une vraie ic\u00f4ne\u00a0\u00bb, \u00ab\u00a0La reine qu\u2019elle pense \u00eatre\u00a0\u00bb,<br \/>\n\u00ab\u00a0Elle est <strong>si belle en blonde\u00a0\u00bb<\/strong>. Un<br \/>\nsans-faute pour Bella Hadid !<\/p>\n<p><script async src=\"https:\/\/platform.twitter.com\/widgets.js\" charset=\"utf-8\"><\/script><\/p>\n","protected":false},"excerpt":{"rendered":"Du 13 au 24 mai 2025 se tient la 78e \u00e9dition du festival de Cannes. Un rendez-vous incontournable&hellip;\n","protected":false},"author":2,"featured_media":100818,"comment_status":"","ping_status":"","sticky":false,"template":"","format":"standard","meta":{"footnotes":""},"categories":[1359],"tags":[905,21268,58,59,1011,27,973],"class_list":{"0":"post-100817","1":"post","2":"type-post","3":"status-publish","4":"format-standard","5":"has-post-thumbnail","7":"category-people","8":"tag-a-la-une-melty","9":"tag-bella-hadid","10":"tag-divertissement","11":"tag-entertainment","12":"tag-fr","13":"tag-france","14":"tag-people"},"share_on_mastodon":{"url":"https:\/\/pubeurope.com\/@fr\/114509410670522597","error":""},"_links":{"self":[{"href":"https:\/\/www.europesays.com\/fr\/wp-json\/wp\/v2\/posts\/100817","targetHints":{"allow":["GET"]}}],"collection":[{"href":"https:\/\/www.europesays.com\/fr\/wp-json\/wp\/v2\/posts"}],"about":[{"href":"https:\/\/www.europesays.com\/fr\/wp-json\/wp\/v2\/types\/post"}],"author":[{"embeddable":true,"href":"https:\/\/www.europesays.com\/fr\/wp-json\/wp\/v2\/users\/2"}],"replies":[{"embeddable":true,"href":"https:\/\/www.europesays.com\/fr\/wp-json\/wp\/v2\/comments?post=100817"}],"version-history":[{"count":0,"href":"https:\/\/www.europesays.com\/fr\/wp-json\/wp\/v2\/posts\/100817\/revisions"}],"wp:featuredmedia":[{"embeddable":true,"href":"https:\/\/www.europesays.com\/fr\/wp-json\/wp\/v2\/media\/100818"}],"wp:attachment":[{"href":"https:\/\/www.europesays.com\/fr\/wp-json\/wp\/v2\/media?parent=100817"}],"wp:term":[{"taxonomy":"category","embeddable":true,"href":"https:\/\/www.europesays.com\/fr\/wp-json\/wp\/v2\/categories?post=100817"},{"taxonomy":"post_tag","embeddable":true,"href":"https:\/\/www.europesays.com\/fr\/wp-json\/wp\/v2\/tags?post=100817"}],"curies":[{"name":"wp","href":"https:\/\/api.w.org\/{rel}","templated":true}]}}