{"id":1008220,"date":"2026-06-18T12:43:28","date_gmt":"2026-06-18T12:43:28","guid":{"rendered":"https:\/\/www.europesays.com\/fr\/1008220\/"},"modified":"2026-06-18T12:43:28","modified_gmt":"2026-06-18T12:43:28","slug":"festival-du-bien-manger-deux-jours-de-gastronomie-regionale-gratuits-a-lyon-les-19-et-20-juin","status":"publish","type":"post","link":"https:\/\/www.europesays.com\/fr\/1008220\/","title":{"rendered":"Festival du Bien-Manger : deux jours de gastronomie r\u00e9gionale gratuits \u00e0 Lyon les 19 et 20 juin"},"content":{"rendered":"<p class=\"wp-block-paragraph\"><strong>La R\u00e9gion Auvergne-Rh\u00f4ne-Alpes organise la premi\u00e8re \u00e9dition du Festival du Bien-Manger sur le parvis de l\u2019H\u00f4tel de R\u00e9gion \u00e0 Confluence. Producteurs, chefs et grand public sont invit\u00e9s \u00e0 c\u00e9l\u00e9brer ensemble les saveurs et les fili\u00e8res locales.<\/strong><\/p>\n<p class=\"wp-block-paragraph\">C\u2019est un rendez-vous gourmand et accessible \u00e0 tous. Les 19 et 20 juin, le parvis de l\u2019H\u00f4tel de R\u00e9gion, \u00e0 Confluence, se transforme en temple de la gastronomie r\u00e9gionale pour la toute premi\u00e8re \u00e9dition du Festival du Bien-Manger. Entr\u00e9e libre, animations vari\u00e9es et producteurs d\u2019Auvergne-Rh\u00f4ne-Alpes en direct : l\u2019\u00e9v\u00e9nement, parrain\u00e9 par la critique gastronomique Emmanuelle Jary, affiche des ambitions claires, montrer que bien manger est un enjeu de soci\u00e9t\u00e9 autant qu\u2019un plaisir.<\/p>\n<p class=\"wp-block-paragraph\">Vendredi 19 juin, la journ\u00e9e s\u2019adresse en priorit\u00e9 aux professionnels, avec conf\u00e9rences et tables rondes sur la souverainet\u00e9 alimentaire, la sant\u00e9 et la d\u00e9mocratisation de l\u2019alimentation saine. Le grand public peut \u00e9galement y participer sur inscription. La matin\u00e9e s\u2019ach\u00e8ve sur la pr\u00e9sentation d\u2019un livre de recettes r\u00e9gional, avant qu\u2019en fin d\u2019apr\u00e8s-midi soit lanc\u00e9e la BOX R\u00e9gion en partenariat avec la marque \u00ab Ma r\u00e9gion, ses terroirs \u00bb.<\/p>\n<p class=\"wp-block-paragraph\">Samedi 20 juin, place au grand public de 9h30 \u00e0 18h. \u00c0 l\u2019int\u00e9rieur, des masterclasses r\u00e9unissent des chefs autour de six th\u00e8mes, l\u00e9gumes de saison, poissons de montagne, \u00e9levages d\u2019exception, p\u00e2tisseries aux fruits r\u00e9gionaux, fromages AOP, avec d\u00e9gustations \u00e0 la cl\u00e9. Des battles de lyc\u00e9es h\u00f4teliers animent \u00e9galement la journ\u00e9e.<\/p>\n<p class=\"wp-block-paragraph\">En ext\u00e9rieur, 25 producteurs locaux proposent \u00e0 la vente confitures, fromages, saucissons, miels, vins et bi\u00e8res. Des ateliers gratuits permettent de composer une planche ap\u00e9ro, de r\u00e9aliser un smoothie \u00e0 v\u00e9lo ou de visiter une ferme laiti\u00e8re en r\u00e9alit\u00e9 virtuelle.<\/p>\n<p><img data-recalc-dims=\"1\" fetchpriority=\"high\" decoding=\"async\" width=\"766\" height=\"339\" src=\"https:\/\/www.europesays.com\/fr\/wp-content\/uploads\/2026\/06\/festival-bien-manger.png\" alt=\"\" class=\"wp-image-120848\" style=\"width:705px;height:auto\"  \/><\/p>\n","protected":false},"excerpt":{"rendered":"La R\u00e9gion Auvergne-Rh\u00f4ne-Alpes organise la premi\u00e8re \u00e9dition du Festival du Bien-Manger sur le parvis de l\u2019H\u00f4tel de R\u00e9gion&hellip;\n","protected":false},"author":2,"featured_media":1008221,"comment_status":"","ping_status":"","sticky":false,"template":"","format":"standard","meta":{"footnotes":"","_share_on_mastodon":"0"},"categories":[1889],"tags":[1111,11,2430,3013,1777,674,849,1011,27,3687,2428,12,25],"class_list":["post-1008220","post","type-post","status-publish","format-standard","has-post-thumbnail","category-lyon","tag-actu","tag-actualites","tag-auvergne-rhone-alpes","tag-bien-manger","tag-eu","tag-europe","tag-festival","tag-fr","tag-france","tag-juin","tag-lyon","tag-news","tag-republique-francaise"],"share_on_mastodon":{"url":"https:\/\/pubeurope.com\/@fr\/116771174755380527","error":""},"_links":{"self":[{"href":"https:\/\/www.europesays.com\/fr\/wp-json\/wp\/v2\/posts\/1008220","targetHints":{"allow":["GET"]}}],"collection":[{"href":"https:\/\/www.europesays.com\/fr\/wp-json\/wp\/v2\/posts"}],"about":[{"href":"https:\/\/www.europesays.com\/fr\/wp-json\/wp\/v2\/types\/post"}],"author":[{"embeddable":true,"href":"https:\/\/www.europesays.com\/fr\/wp-json\/wp\/v2\/users\/2"}],"replies":[{"embeddable":true,"href":"https:\/\/www.europesays.com\/fr\/wp-json\/wp\/v2\/comments?post=1008220"}],"version-history":[{"count":0,"href":"https:\/\/www.europesays.com\/fr\/wp-json\/wp\/v2\/posts\/1008220\/revisions"}],"wp:featuredmedia":[{"embeddable":true,"href":"https:\/\/www.europesays.com\/fr\/wp-json\/wp\/v2\/media\/1008221"}],"wp:attachment":[{"href":"https:\/\/www.europesays.com\/fr\/wp-json\/wp\/v2\/media?parent=1008220"}],"wp:term":[{"taxonomy":"category","embeddable":true,"href":"https:\/\/www.europesays.com\/fr\/wp-json\/wp\/v2\/categories?post=1008220"},{"taxonomy":"post_tag","embeddable":true,"href":"https:\/\/www.europesays.com\/fr\/wp-json\/wp\/v2\/tags?post=1008220"}],"curies":[{"name":"wp","href":"https:\/\/api.w.org\/{rel}","templated":true}]}}