{"id":1008225,"date":"2026-06-18T12:48:16","date_gmt":"2026-06-18T12:48:16","guid":{"rendered":"https:\/\/www.europesays.com\/fr\/1008225\/"},"modified":"2026-06-18T12:48:16","modified_gmt":"2026-06-18T12:48:16","slug":"en-pleine-crise-existentielle-les-metiers-de-la-presse-manifestent-a-paris-2","status":"publish","type":"post","link":"https:\/\/www.europesays.com\/fr\/1008225\/","title":{"rendered":"En pleine crise existentielle, les m\u00e9tiers de la presse manifestent \u00e0 Paris"},"content":{"rendered":"<p>    <img fetchpriority=\"high\" decoding=\"async\" src=\"https:\/\/www.europesays.com\/fr\/wp-content\/uploads\/2026\/06\/f68bc92e142ab93eb519536a492f3783.jpeg\" alt=\"Manifestation pour la d\u00e9fense des m\u00e9tiers de la presse, \u00e0 Paris, le 18 juin 2026 (JULIEN DE ROSA)\" loading=\"eager\" height=\"512\" width=\"768\" class=\"yf-lglytj  loaded\"\/> Manifestation pour la d\u00e9fense des m\u00e9tiers de la presse, \u00e0 Paris, le 18 juin 2026 (JULIEN DE ROSA)  \u00b7 JULIEN DE ROSA\/AFP\/AFP    <\/p>\n<p class=\"yf-1fy9kyt\">\u00ab\u00a0D\u00e9fendons l&rsquo;information\u00a0\u00bb: plusieurs centaines de journalistes et professionnels de la presse ont manifest\u00e9 jeudi \u00e0 Paris pour alerter l&rsquo;opinion sur la crise du secteur, entre plans sociaux qui se multiplient, mod\u00e8le \u00e9conomique vacillant et bouleversements li\u00e9s \u00e0 l&rsquo;IA.<\/p>\n<p class=\"yf-1fy9kyt\">Sous une chaleur \u00e9crasante, le cort\u00e8ge s&rsquo;est \u00e9lanc\u00e9 de la place de la Bourse, au pied du si\u00e8ge de l&rsquo;AFP, pour rallier le minist\u00e8re de la Culture, derri\u00e8re une grande banderole \u00ab\u00a0D\u00e9fendons l&rsquo;information, notre bien commun au service de la d\u00e9mocratie\u00a0\u00bb.<\/p>\n<p class=\"yf-1fy9kyt\">\u00ab\u00a0D&rsquo;habitude, une gr\u00e8ve, c&rsquo;est pour obtenir quelque chose de tr\u00e8s concret, comme le retrait d&rsquo;une loi. L\u00e0, c&rsquo;est pour l&rsquo;honneur, pour nos valeurs. Il faut dire \u00e0 nos lecteurs, auditeurs et t\u00e9l\u00e9spectateurs que l&rsquo;information est en danger\u00a0\u00bb, a d\u00e9clar\u00e9 \u00e0 l&rsquo;AFP Julien Fleury, reporter \u00e0 Radio France et secr\u00e9taire g\u00e9n\u00e9ral du SNJ, le premier syndicat de journalistes.<\/p>\n<p class=\"yf-1fy9kyt\">Pr\u00e9sent dans le cort\u00e8ge, Edwy Plenel, le cofondateur de Mediapart, a estim\u00e9 que \u00ab\u00a0quand l&rsquo;information est attaqu\u00e9e, la d\u00e9mocratie est menac\u00e9e\u00a0\u00bb. \u00ab\u00a0Ca fait 50 ans que je fais ce m\u00e9tier, il n&rsquo;a jamais \u00e9t\u00e9 aussi fragilis\u00e9\u00a0\u00bb, a-t-il assur\u00e9.<\/p>\n<p class=\"yf-1fy9kyt\">Pour le secteur, les d\u00e9fis existentiels sont nombreux.<\/p>\n<p class=\"yf-1fy9kyt\">Son mod\u00e8le \u00e9conomique est en crise, \u00e0 cause d&rsquo;une baisse d&rsquo;app\u00e9tit pour l&rsquo;information payante et de la perte de revenus publicitaires capt\u00e9s par les grandes plateformes num\u00e9riques.<\/p>\n<p class=\"yf-1fy9kyt\">R\u00e9sultat: plans d&rsquo;\u00e9conomies et suppressions d&#8217;emplois se sont multipli\u00e9s ces derniers mois, de la presse r\u00e9gionale aux magazines.<\/p>\n<p class=\"yf-1fy9kyt\">Parmi les cas les plus embl\u00e9matiques figure l&rsquo;annonce d&rsquo;un vaste plan social qui pr\u00e9voit la suppression de 40% des effectifs (279 postes) au sein du groupe Prisma (Capital, Geo, Femme Actuelle, Voici&#8230;), dans le giron du milliardaire conservateur Vincent Bollor\u00e9.<\/p>\n<p class=\"yf-1fy9kyt\">En t\u00eate de cort\u00e8ge, des manifestants portaient d&rsquo;ailleurs un cercueil rouge frapp\u00e9 de l&rsquo;inscription \u00ab\u00a0Prisma, Bollor\u00e9 m&rsquo;a tuer\u00a0\u00bb.<\/p>\n<p class=\"yf-1fy9kyt\">&#8211; Haro sur l&rsquo;IA &#8211;<\/p>\n<p class=\"yf-1fy9kyt\">\u00ab\u00a0\u00c7a fait 10 ans que je pige pour Geo mais les piges (r\u00e9mun\u00e9ration \u00e0 l&rsquo;article, sans que le journaliste ne soit salari\u00e9 du m\u00e9dia, NDLR) ont \u00e9t\u00e9 r\u00e9duites d&rsquo;ann\u00e9e en ann\u00e9e. En quasiment un an, j&rsquo;ai une seule pige pour Geo\u00a0\u00bb, a dit \u00e0 l&rsquo;AFP Patricia Oudit.<\/p>\n<p class=\"yf-1fy9kyt\">Le groupe Centre France, qui compte 1.600 salari\u00e9s dans huit quotidiens\u00a0(La Montagne, Le Populaire du Centre, L&rsquo;Yonne r\u00e9publicaine&#8230;), a annonc\u00e9 en avril son sixi\u00e8me plan social en 12 ans, pr\u00e9voyant la suppression de 152 postes.<\/p>\n<p class=\"yf-1fy9kyt\">\u00ab\u00a0C&rsquo;est des choix d\u00e9sastreux. On leur explique que ne plus avoir de journalistes, c&rsquo;est se priver de mati\u00e8re, puisque les journalistes vont sur le terrain, r\u00e9cup\u00e9rer les infos\u00a0\u00bb, a fait valoir Emmanuel Gougeon, d\u00e9l\u00e9gu\u00e9 SNJ \u00e0 l&rsquo;Yonne r\u00e9publicaine.<\/p>\n<p class=\"yf-1fy9kyt\">Les syndicats redoutent d\u00e9sormais de nombreuses suppressions de postes au sein d&rsquo;EBRA, propri\u00e9t\u00e9 du Cr\u00e9dit Mutuel, qui \u00e9dite neuf titres r\u00e9gionaux, de L&rsquo;Est R\u00e9publicain au Progr\u00e8s. Un comit\u00e9 social et \u00e9conomique aura lieu le 22 juin au sein du groupe.<\/p>\n<p class=\"yf-1fy9kyt\">Autre motif d&rsquo;inqui\u00e9tude: l&rsquo;intelligence artificielle. Le groupe Infopro Digital (Le Moniteur, L&rsquo;Usine Nouvelle) projette de supprimer 19 postes de journalistes secr\u00e9taires de r\u00e9daction, dont le travail consiste \u00e0 corriger et \u00e9diter les articles, pour les remplacer par cinq \u00ab\u00a0chefs d&rsquo;\u00e9dition\u00a0\u00bb assist\u00e9s par l&rsquo;IA.<\/p>\n<p class=\"yf-1fy9kyt\">En plus de ce volet social, la presse a des rapports tendus avec les grandes entreprises d&rsquo;IA, qui rechignent \u00e0 payer pour utiliser ses contenus.<\/p>\n<p class=\"yf-1fy9kyt\">Dans la manifestation, nombre de slogans traduisaient ces inqui\u00e9tudes comme \u00ab\u00a0Dans la presse, l&rsquo;IA c&rsquo;est caca\u00a0\u00bb ou \u00ab\u00a0ChatGPT a-t-il sa carte de presse?\u00a0\u00bb<\/p>\n<p class=\"yf-1fy9kyt\">La situation g\u00e9n\u00e9rale de la presse est \u00ab\u00a0un vrai probl\u00e8me d\u00e9mocratique, dont tous les politiques devraient \u00eatre pr\u00e9occup\u00e9s quel que soit leur bord\u00a0\u00bb, a jug\u00e9 la patronne des \u00c9cologistes, Marine Tondelier, venue exprimer son \u00ab\u00a0soutien\u00a0\u00bb.<\/p>\n<p class=\"yf-1fy9kyt\">pr-arb\/mch\/tes<\/p>\n","protected":false},"excerpt":{"rendered":"Manifestation pour la d\u00e9fense des m\u00e9tiers de la presse, \u00e0 Paris, le 18 juin 2026 (JULIEN DE ROSA)&hellip;\n","protected":false},"author":2,"featured_media":1008226,"comment_status":"","ping_status":"","sticky":false,"template":"","format":"standard","meta":{"footnotes":"","_share_on_mastodon":"0"},"categories":[1888],"tags":[1111,1928,11,1927,1777,674,1011,27,105537,9231,46615,12,1926,626,1925,16670,25,53261],"class_list":["post-1008225","post","type-post","status-publish","format-standard","has-post-thumbnail","category-paris","tag-actu","tag-actu-paris","tag-actualites","tag-actualites-paris","tag-eu","tag-europe","tag-fr","tag-france","tag-le-populaire-du-centre","tag-ministere-de-la-culture","tag-modele-economique","tag-news","tag-news-paris","tag-paris","tag-paris-news","tag-place-de-la-bourse","tag-republique-francaise","tag-tete-de-cortege"],"share_on_mastodon":{"url":"https:\/\/pubeurope.com\/@fr\/116771194824658810","error":""},"_links":{"self":[{"href":"https:\/\/www.europesays.com\/fr\/wp-json\/wp\/v2\/posts\/1008225","targetHints":{"allow":["GET"]}}],"collection":[{"href":"https:\/\/www.europesays.com\/fr\/wp-json\/wp\/v2\/posts"}],"about":[{"href":"https:\/\/www.europesays.com\/fr\/wp-json\/wp\/v2\/types\/post"}],"author":[{"embeddable":true,"href":"https:\/\/www.europesays.com\/fr\/wp-json\/wp\/v2\/users\/2"}],"replies":[{"embeddable":true,"href":"https:\/\/www.europesays.com\/fr\/wp-json\/wp\/v2\/comments?post=1008225"}],"version-history":[{"count":0,"href":"https:\/\/www.europesays.com\/fr\/wp-json\/wp\/v2\/posts\/1008225\/revisions"}],"wp:featuredmedia":[{"embeddable":true,"href":"https:\/\/www.europesays.com\/fr\/wp-json\/wp\/v2\/media\/1008226"}],"wp:attachment":[{"href":"https:\/\/www.europesays.com\/fr\/wp-json\/wp\/v2\/media?parent=1008225"}],"wp:term":[{"taxonomy":"category","embeddable":true,"href":"https:\/\/www.europesays.com\/fr\/wp-json\/wp\/v2\/categories?post=1008225"},{"taxonomy":"post_tag","embeddable":true,"href":"https:\/\/www.europesays.com\/fr\/wp-json\/wp\/v2\/tags?post=1008225"}],"curies":[{"name":"wp","href":"https:\/\/api.w.org\/{rel}","templated":true}]}}