{"id":1008227,"date":"2026-06-18T12:49:21","date_gmt":"2026-06-18T12:49:21","guid":{"rendered":"https:\/\/www.europesays.com\/fr\/1008227\/"},"modified":"2026-06-18T12:49:21","modified_gmt":"2026-06-18T12:49:21","slug":"a-voir-a-paris-4-expos-gratuites-pour-bien-commencer-lete","status":"publish","type":"post","link":"https:\/\/www.europesays.com\/fr\/1008227\/","title":{"rendered":"\u00c0 voir \u00e0 Paris : 4 expos gratuites pour bien commencer l\u2019\u00e9t\u00e9\u00a0"},"content":{"rendered":"<p>Sans d\u00e9bourser un sou, on f\u00eate un anniversaire avec Laia Abril, un d\u00e9m\u00e9nagement avec Max Ernst, l\u2019\u0153uvre en mouvement d\u2019un octog\u00e9naire dynamique et on s\u2019enthousiasme pour l\u2019une des grandes r\u00e9ussites de la Biennale de Venise 2024.<\/p>\n<p>IROHA, 1,2,3 ! de Kazuo Kitai, \u00e0 la galerie \u00c9cho\u00a0119\u00a0<\/p>\n<p>En marge de la r\u00e9trospective que la Maison du Japon lui consacre, la galerie \u00c9cho\u00a0119 pr\u00e9sente des travaux r\u00e9cents de l\u2019artiste octog\u00e9naire et toujours en activit\u00e9. Dans cette s\u00e9rie, le photographe japonais, documentariste infatigable des luttes sociales de son pays, revisite et r\u00e9invente ses archives. En r\u00e9sultent des tirages d\u2019\u00e9poque que Kitai n\u2019h\u00e9site pas \u00e0 d\u00e9chirer et \u00e0 barrer de traits de peinture, motifs g\u00e9om\u00e9triques, lettres ou chiffres. Par cet acte de r\u00e9bellion joyeuse, il fait surgir de la couleur sur des tirages monochromes, interroge le pass\u00e9 tout en offrant \u00e0 un corpus que l\u2019on pensait conna\u00eetre une nouvelle jeunesse.<\/p>\n<p><strong>IROHA, 1,2,3 ! de Kazuo Kitai \u00e0 la <a href=\"https:\/\/www.galerieecho119.com\/blogs\/the-exhibitions\/kazuo-kitai-iroha-1-2-3\" data-type=\"link\" data-id=\"https:\/\/www.galerieecho119.com\/blogs\/the-exhibitions\/kazuo-kitai-iroha-1-2-3\" rel=\"nofollow noopener\" target=\"_blank\">galerie \u00c9cho\u00a0119<\/a>, Paris, jusqu\u2019au 11 juillet.<\/strong><\/p>\n<p>Premi\u00e8re Exposition, \u00e0 la galerie Catherine Putman\u00a0<\/p>\n<p>Sous cette appellation espi\u00e8gle se cache la pendaison de cr\u00e9maill\u00e8re, \u00e0 quelques encablures des locaux o\u00f9 elle avait pris ses quartiers il y a vingt ans, d\u2019une galerie fond\u00e9e en 1974. Outre la d\u00e9couverte d\u2019un nouvel espace lumineux, cet accrochage offre l\u2019occasion rare d\u2019embrasser la richesse d\u2019un fond qui rassemble des \u0153uvres de poids lourds aux c\u00f4t\u00e9s de jeunes plasticien\u00b7nes : s\u2019y c\u00f4toient ainsi sur deux niveaux Max Ernst, le Belge Pierre Alechinsky et Baselitz, mais aussi les prometteur\u00b7ses <a href=\"https:\/\/www.lesinrocks.com\/arts-et-scenes\/les-paysages-reves-de-dana-cojbuc-photographe-hors-cadre-540404-02-03-2023\/\" data-type=\"link\" data-id=\"https:\/\/www.lesinrocks.com\/arts-et-scenes\/les-paysages-reves-de-dana-cojbuc-photographe-hors-cadre-540404-02-03-2023\/\" rel=\"nofollow noopener\" target=\"_blank\">Dana Cojbuc,<\/a> d\u00e9j\u00e0 remarqu\u00e9e par Les Inrocks, ou Keita Mori, Japonais install\u00e9 \u00e0 Paris, qui r\u00e9alise d\u2019incroyables toiles tiss\u00e9es au fil.<\/p>\n<p><a href=\"https:\/\/www.europesays.com\/fr\/wp-content\/uploads\/2026\/06\/premiere_exposition_galerie_catherine_putman_-vue-dexposition-Photo-Rebecca-Fanuele-t-2735x1818.jpg\" data-barba-prevent=\"\" data-pswp-width=\"2735\" data-pswp-height=\"1818\"><\/p>\n<p><img loading=\"lazy\" decoding=\"async\" width=\"2735\" height=\"1818\" src=\"data:image\/svg+xml,%3Csvg%20xmlns=\" http:=\"\" class=\"attachment-thumbnail size-thumbnail\" alt=\"&#10;Vue d\u2019exposition de \u201cPremi\u00e8re Exposition\u201d \u00e0 la galerie Catherine Putman, Paris. \u00a9 Rebecca Fanuele&#10;\" data-lazy-src=\"https:\/\/www.europesays.com\/fr\/wp-content\/uploads\/2026\/06\/premiere_exposition_galerie_catherine_putman_-vue-dexposition-Photo-Rebecca-Fanuele-t-2735x1818.jpg\"\/><\/p>\n<p>Vue d\u2019exposition de \u201cPremi\u00e8re Exposition\u201d \u00e0 la galerie Catherine Putman, Paris. \u00a9 Rebecca Fanuele<\/p>\n<p><\/a><\/p>\n<p><strong>Premi\u00e8re Exposition \u00e0 la galerie Catherine Putman, Paris, jusqu\u2019au 18 juillet.<\/strong><\/p>\n<p>30 ans et plus, \u00e0 la galerie Les Filles du Calvaire\u00a0<\/p>\n<p>Une expo collective comme un point d\u2019\u00e9tape, ou l\u2019art de souffler ses bougies sans nostalgie. Comme souvent chez Les Filles du Calvaire, le commissariat fait la part belle \u00e0 la figuration : se jouant des chronologies, la regrett\u00e9e Helena Almeida dialogue librement avec des artistes ayant \u00e9merg\u00e9 au cours des ann\u00e9es 2010, telles la Canadienne Kourtney Roy ou encore <a href=\"https:\/\/www.lesinrocks.com\/art\/avec-on-mass-hysteria-laia-abril-fait-le-pari-de-montrer-linvisibilisation-des-femmes-651417-08-03-2025\/\" data-type=\"link\" data-id=\"https:\/\/www.lesinrocks.com\/art\/avec-on-mass-hysteria-laia-abril-fait-le-pari-de-montrer-linvisibilisation-des-femmes-651417-08-03-2025\/\" rel=\"nofollow noopener\" target=\"_blank\">Laia Abril<\/a> et <a href=\"https:\/\/www.lesinrocks.com\/arts\/fury-de-marie-queau-des-images-plus-vraies-que-nature-690360-13-03-2026\/\" data-type=\"link\" data-id=\"https:\/\/www.lesinrocks.com\/arts\/fury-de-marie-queau-des-images-plus-vraies-que-nature-690360-13-03-2026\/\" rel=\"nofollow noopener\" target=\"_blank\">Marie Qu\u00e9au,<\/a> toutes deux r\u00e9cemment mises valeur au BAL, \u00e0 Paris. Au registre des d\u00e9couvertes, on salue le travail d\u00e9licat sur plume de Kate MccGwire, et on vous conseille de ne pas passer \u00e0 c\u00f4t\u00e9 de La Clinique v\u00e9t\u00e9rinaire d\u2019Oka, fabuleuse maquette du duo Art Orient\u00e9 Objet. Joyeux anniversaire \u00e0 la galerie trentenaire\u00a0!<\/p>\n<p><a href=\"https:\/\/www.europesays.com\/fr\/wp-content\/uploads\/2026\/06\/MASS-HYSTERIA_LAIA-ABRIL_05-scaled-1-t-1920x1372.jpg\" data-barba-prevent=\"\" data-pswp-width=\"1920\" data-pswp-height=\"1372\"><\/p>\n<p><img loading=\"lazy\" decoding=\"async\" width=\"1920\" height=\"1372\" src=\"data:image\/svg+xml,%3Csvg%20xmlns=\" http:=\"\" class=\"attachment-thumbnail size-thumbnail\" alt=\"&#10;\u201cWrong Cake\u201d de Laia Abril, de la s\u00e9rie \u201cOn Mass Hysteria\u201d, 2023.&#10;\" data-lazy-src=\"https:\/\/www.europesays.com\/fr\/wp-content\/uploads\/2026\/06\/MASS-HYSTERIA_LAIA-ABRIL_05-scaled-1-t-1920x1372.jpg\"\/><\/p>\n<p>\u201cWrong Cake\u201d de Laia Abril, de la s\u00e9rie \u201cOn Mass Hysteria\u201d, 2023.<\/p>\n<p><\/a><\/p>\n<p><strong>30 ans et plus \u00e0 la <a href=\"https:\/\/www.fillesducalvaire.com\/exhibitions\/189\/overview\/\" data-type=\"link\" data-id=\"https:\/\/www.fillesducalvaire.com\/exhibitions\/189\/overview\/\" target=\"_blank\" rel=\"noreferrer noopener nofollow\">galerie Les Filles du Calvaire<\/a> (rue Chapon), Paris, jusqu\u2019au 25 juillet.<\/strong><\/p>\n<p>Drama 1882 de Wael Shawky, au Grand Palais<\/p>\n<p>Au Grand Palais, c\u2019est rien de moins qu\u2019une des plus belles propositions de la Biennale de Venise 2024 qui vient \u00e0 vous. Dans son film-op\u00e9ra Drama 1882, l\u2019\u00c9gyptien Wael Shawky propose une relecture d\u00e9coloniale de la r\u00e9volte \u02bbUrabi, soul\u00e8vement nationaliste qui conduira \u00e0 la mainmise des Britanniques sur le pays, sur fond de convoitise du tr\u00e8s strat\u00e9gique canal de Suez. Avec un d\u00e9corum de carton-p\u00e2te et une forme qui reprend les codes de la com\u00e9die musicale, le charme agit instantan\u00e9ment. Projet\u00e9 \u00e0 heures fixes dans d\u2019obscurit\u00e9 du Grand auditorium, ce film remarquable promet une exp\u00e9rience immersive hypnotique.<\/p>\n<p><a href=\"https:\/\/www.europesays.com\/fr\/wp-content\/uploads\/2026\/06\/Drama-1882-t-2000x985.jpg\" data-barba-prevent=\"\" data-pswp-width=\"2000\" data-pswp-height=\"985\"><\/p>\n<p><img loading=\"lazy\" decoding=\"async\" width=\"2000\" height=\"985\" src=\"data:image\/svg+xml,%3Csvg%20xmlns=\" http:=\"\" class=\"attachment-thumbnail size-thumbnail\" alt=\"&#10;Drama 1882 de Wael Shawky, 2024.&#10;\" data-lazy-src=\"https:\/\/www.europesays.com\/fr\/wp-content\/uploads\/2026\/06\/Drama-1882-t-2000x985.jpg\"\/><\/p>\n<p>Drama 1882 de Wael Shawky, 2024.<\/p>\n<p><\/a><\/p>\n<p><strong>Drama 1882 de Wael Shawky <a href=\"https:\/\/www.grandpalais.fr\/fr\/programme\/wael-shawky-drama-1882\" data-type=\"link\" data-id=\"https:\/\/www.grandpalais.fr\/fr\/programme\/wael-shawky-drama-1882\" target=\"_blank\" rel=\"noreferrer noopener nofollow\">au Grand Palais<\/a>, Paris, jusqu\u2019au 26 juillet.<\/strong><\/p>\n","protected":false},"excerpt":{"rendered":"Sans d\u00e9bourser un sou, on f\u00eate un anniversaire avec Laia Abril, un d\u00e9m\u00e9nagement avec Max Ernst, l\u2019\u0153uvre en&hellip;\n","protected":false},"author":2,"featured_media":1008228,"comment_status":"","ping_status":"","sticky":false,"template":"","format":"standard","meta":{"footnotes":"","_share_on_mastodon":"0"},"categories":[1888],"tags":[1111,1928,11,1927,8716,1777,674,1011,27,12,1926,626,1925,25],"class_list":["post-1008227","post","type-post","status-publish","format-standard","has-post-thumbnail","category-paris","tag-actu","tag-actu-paris","tag-actualites","tag-actualites-paris","tag-cafeyn","tag-eu","tag-europe","tag-fr","tag-france","tag-news","tag-news-paris","tag-paris","tag-paris-news","tag-republique-francaise"],"share_on_mastodon":{"url":"https:\/\/pubeurope.com\/@fr\/116771197265594980","error":""},"_links":{"self":[{"href":"https:\/\/www.europesays.com\/fr\/wp-json\/wp\/v2\/posts\/1008227","targetHints":{"allow":["GET"]}}],"collection":[{"href":"https:\/\/www.europesays.com\/fr\/wp-json\/wp\/v2\/posts"}],"about":[{"href":"https:\/\/www.europesays.com\/fr\/wp-json\/wp\/v2\/types\/post"}],"author":[{"embeddable":true,"href":"https:\/\/www.europesays.com\/fr\/wp-json\/wp\/v2\/users\/2"}],"replies":[{"embeddable":true,"href":"https:\/\/www.europesays.com\/fr\/wp-json\/wp\/v2\/comments?post=1008227"}],"version-history":[{"count":0,"href":"https:\/\/www.europesays.com\/fr\/wp-json\/wp\/v2\/posts\/1008227\/revisions"}],"wp:featuredmedia":[{"embeddable":true,"href":"https:\/\/www.europesays.com\/fr\/wp-json\/wp\/v2\/media\/1008228"}],"wp:attachment":[{"href":"https:\/\/www.europesays.com\/fr\/wp-json\/wp\/v2\/media?parent=1008227"}],"wp:term":[{"taxonomy":"category","embeddable":true,"href":"https:\/\/www.europesays.com\/fr\/wp-json\/wp\/v2\/categories?post=1008227"},{"taxonomy":"post_tag","embeddable":true,"href":"https:\/\/www.europesays.com\/fr\/wp-json\/wp\/v2\/tags?post=1008227"}],"curies":[{"name":"wp","href":"https:\/\/api.w.org\/{rel}","templated":true}]}}