{"id":100833,"date":"2025-05-15T02:18:17","date_gmt":"2025-05-15T02:18:17","guid":{"rendered":"https:\/\/www.europesays.com\/fr\/100833\/"},"modified":"2025-05-15T02:18:17","modified_gmt":"2025-05-15T02:18:17","slug":"ubisoft-net-bookings-en-baisse-de-205-sur-lexercice-2024-2025-14-05-2025-a-1901","status":"publish","type":"post","link":"https:\/\/www.europesays.com\/fr\/100833\/","title":{"rendered":"Ubisoft: Net bookings en baisse de 20,5% sur l&rsquo;exercice 2024-2025 &#8211; 14\/05\/2025 \u00e0 19:01"},"content":{"rendered":"<p>        <img fetchpriority=\"high\" decoding=\"async\" src=\"https:\/\/www.europesays.com\/fr\/wp-content\/uploads\/2025\/05\/20cd36a5f7d6b9ca5770ca799d77dffb-760x507.jpg\" alt=\"Le logo de Ubisoft\" loading=\"eager\" width=\"760\" height=\"507\" style=\"max-width: 100%!important; height: auto;\"\/><\/p>\n<p class=\"c-image-news__legend\">Le logo de Ubisoft<\/p>\n<p>\n L&rsquo;\u00e9diteur fran\u00e7ais de jeux vid\u00e9os Ubisoft a annonc\u00e9 mercredi une baisse de 20,5% de son net bookings pour l&rsquo;ensemble de son exercice d\u00e9cal\u00e9, apr\u00e8s des partenariats inf\u00e9rieurs aux attentes pour des raisons de calendrier.\n<\/p>\n<p>\n Le fabriquant des jeux vid\u00e9os Assassin&rsquo;s Creed ou Lapins Cr\u00e9tins a fait \u00e9tat de r\u00e9servations nettes (\u00ab\u00a0net bookings\u00a0\u00bb) de 1,85 milliard d&rsquo;euros pour l&rsquo;ensemble de l&rsquo;exercice \u00e0 fin mars, l\u00e9g\u00e8rement en dessous de ses pr\u00e9visions \u00e0 environ 1,9 milliard d&rsquo;euros.\n<\/p>\n<p>\n Ubisoft \u00ab\u00a0pr\u00e9voit d\u2019annoncer une nouvelle organisation d\u2019ici la fin de l\u2019ann\u00e9e, avec pour objectif de mieux r\u00e9pondre aux attentes des joueurs, de garantir une qualit\u00e9 de jeu sup\u00e9rieure et d\u2019assurer une allocation disciplin\u00e9e du capital\u00a0\u00bb, a dit la soci\u00e9t\u00e9 dans un communiqu\u00e9.\n<\/p>\n<p>\n Pour l&rsquo;exercice 2025-2026, le groupe s&rsquo;attend \u00e0 un net bookings stable sur un an, un r\u00e9sultat op\u00e9rationnel non-IFRS proche de l\u2019\u00e9quilibre et un free cash-flow n\u00e9gatif \u00ab\u00a0refl\u00e9tant la transformation du Groupe\u00a0\u00bb, selon un communiqu\u00e9.\n<\/p>\n<p>\n Le groupe pr\u00e9voit de b\u00e9n\u00e9ficier d&rsquo;un solide back-catalogue s&rsquo;appuyant notamment sur \u00ab\u00a0Assassin&rsquo;s Creed Shadows\u00a0\u00bb et la sortie de \u00ab\u00a0Siege X\u00a0\u00bb, qui devrait g\u00e9n\u00e9rer une forte croissance des r\u00e9servations nettes de la franchise en 2025-2026.\n<\/p>\n<p>\n Il cite \u00e9galement les b\u00e9n\u00e9fices \u00e0 venir des partenariats r\u00e9currents ainsi que du line-up avec \u00ab\u00a0Anno 117 : Pax Romana\u00a0\u00bb, le remake de Prince of Persia\u00a0\u00bb, \u00ab\u00a0Rainbow Six Mobile\u00a0\u00bb et \u00ab\u00a0The Division Resurgence\u00a0\u00bb.\n<\/p>\n<p>\n \u00ab\u00a0Ubisoft a fait face \u00e0 des d\u00e9fis cette ann\u00e9e, avec des dynamiques contrast\u00e9es au sein de notre portefeuille dans un environnement fortement concurrentiel au sein de l\u2019industrie\u00a0\u00bb, a d\u00e9clar\u00e9 Yves Guillemot, co-fondateur et directeur g\u00e9n\u00e9ral du groupe.\n<\/p>\n<p>\n \u00ab\u00a0Malgr\u00e9 ces difficult\u00e9s, Ubisoft est parvenu \u00e0 g\u00e9n\u00e9rer un free cash-flow positif sur l\u2019exercice, reflet de la discipline appliqu\u00e9e \u00e0 travers le Groupe\u00a0\u00bb, a-t-il ajout\u00e9.\n<\/p>\n<p>\n Fin mars, la soci\u00e9t\u00e9 a cr\u00e9\u00e9 une filiale pour ses franchises \u00ab\u00a0Assassin&rsquo;s Creed\u00a0\u00bb, \u00ab\u00a0Far Cry\u00a0\u00bb et \u00ab\u00a0Tom Clancy&rsquo;s Rainbow Six\u00a0\u00bb. Le groupe chinois Tencent investira 1,16 milliard d&rsquo;euros pour acqu\u00e9rir 25% des parts de la nouvelle filiale, estim\u00e9e \u00e0 environ 4 milliards d&rsquo;euros.\n<\/p>\n<p>\n \u00c0 la suite de la cl\u00f4ture de la transaction Tencent, le groupe pr\u00e9voit de maintenir une dette nette consolid\u00e9e proche de z\u00e9ro.\n<\/p>\n<p>\n (R\u00e9dig\u00e9 par Mara V\u00eelcu, avec Adrianna Ebert, \u00e9dit\u00e9 par Kate Entringer)<\/p>\n","protected":false},"excerpt":{"rendered":"Le logo de Ubisoft L&rsquo;\u00e9diteur fran\u00e7ais de jeux vid\u00e9os Ubisoft a annonc\u00e9 mercredi une baisse de 20,5% de&hellip;\n","protected":false},"author":2,"featured_media":100834,"comment_status":"","ping_status":"","sticky":false,"template":"","format":"standard","meta":{"footnotes":""},"categories":[6],"tags":[400,398,408,35,405,33,34,1011,27,403,402,399,404,401,406,407],"class_list":{"0":"post-100833","1":"post","2":"type-post","3":"status-publish","4":"format-standard","5":"has-post-thumbnail","7":"category-economie","8":"tag-action-cac-40","9":"tag-bourse-de-paris","10":"tag-boursorama","11":"tag-business","12":"tag-cotations","13":"tag-economie","14":"tag-economy","15":"tag-fr","16":"tag-france","17":"tag-indices-devises","18":"tag-investir","19":"tag-investissement","20":"tag-marche-boursier","21":"tag-sicav","22":"tag-trackers","23":"tag-warrants"},"share_on_mastodon":{"url":"https:\/\/pubeurope.com\/@fr\/114509454007852872","error":""},"_links":{"self":[{"href":"https:\/\/www.europesays.com\/fr\/wp-json\/wp\/v2\/posts\/100833","targetHints":{"allow":["GET"]}}],"collection":[{"href":"https:\/\/www.europesays.com\/fr\/wp-json\/wp\/v2\/posts"}],"about":[{"href":"https:\/\/www.europesays.com\/fr\/wp-json\/wp\/v2\/types\/post"}],"author":[{"embeddable":true,"href":"https:\/\/www.europesays.com\/fr\/wp-json\/wp\/v2\/users\/2"}],"replies":[{"embeddable":true,"href":"https:\/\/www.europesays.com\/fr\/wp-json\/wp\/v2\/comments?post=100833"}],"version-history":[{"count":0,"href":"https:\/\/www.europesays.com\/fr\/wp-json\/wp\/v2\/posts\/100833\/revisions"}],"wp:featuredmedia":[{"embeddable":true,"href":"https:\/\/www.europesays.com\/fr\/wp-json\/wp\/v2\/media\/100834"}],"wp:attachment":[{"href":"https:\/\/www.europesays.com\/fr\/wp-json\/wp\/v2\/media?parent=100833"}],"wp:term":[{"taxonomy":"category","embeddable":true,"href":"https:\/\/www.europesays.com\/fr\/wp-json\/wp\/v2\/categories?post=100833"},{"taxonomy":"post_tag","embeddable":true,"href":"https:\/\/www.europesays.com\/fr\/wp-json\/wp\/v2\/tags?post=100833"}],"curies":[{"name":"wp","href":"https:\/\/api.w.org\/{rel}","templated":true}]}}