{"id":100835,"date":"2025-05-15T02:19:10","date_gmt":"2025-05-15T02:19:10","guid":{"rendered":"https:\/\/www.europesays.com\/fr\/100835\/"},"modified":"2025-05-15T02:19:10","modified_gmt":"2025-05-15T02:19:10","slug":"vladimir-poutine-absent-de-la-liste-du-kremlin-pour-rencontrer-volodymyr-zelensky-en-turquie","status":"publish","type":"post","link":"https:\/\/www.europesays.com\/fr\/100835\/","title":{"rendered":"Vladimir Poutine absent de la liste du Kremlin pour rencontrer Volodymyr Zelensky en Turquie"},"content":{"rendered":"<p>        <img decoding=\"async\" loading=\"lazy\" src=\"https:\/\/www.europesays.com\/fr\/wp-content\/uploads\/2025\/05\/3225497_sirius-fs-upload-1-xr6d34xbphts-1747055628743-000-468q6cq.jpg\"  width=\"728\" height=\"409\" alt=\"Invit\u00e9 par Volodymyr Zelensky \u00e0 une rencontre en personne ce jeudi 15\u00a0mai en Turquie, Vladimir Poutine ne s\u2019y rendra pas.\"\/>  <\/p>\n<p>PAVEL BEDNYAKOV \/ AFP<\/p>\n<p>Invit\u00e9 par Volodymyr Zelensky \u00e0 une rencontre en personne ce jeudi 15\u00a0mai en Turquie, Vladimir Poutine ne s\u2019y rendra pas.<\/p>\n<p class=\"asset asset-text\">INTERNATIONAL &#8211; Le monde entier \u00e9tait suspendu \u00e0 la r\u00e9ponse de Moscou. Apr\u00e8s plusieurs jours de silence, le Kremlin a annonc\u00e9 que <a href=\"https:\/\/www.huffingtonpost.fr\/international\/article\/guerre-en-ukraine-les-intentions-de-poutine-derriere-sa-proposition-de-negociation-decryptees-par-un-expert_249862.html\" rel=\"nofollow noopener\" target=\"_blank\">Vladimir Poutine <\/a>ne se rendrait pas en <a href=\"https:\/\/www.huffingtonpost.fr\/international\/article\/trump-menace-la-turquie-de-la-devaster-economiquement-si-elle-attaque-les-kurdes_138533.html\" rel=\"nofollow noopener\" target=\"_blank\">Turquie<\/a>, ce jeudi 15\u00a0mai, pour rencontrer son homologue ukrainien.<\/p>\n<p class=\"asset asset-text\">Le Kremlin a en effet d\u00e9voil\u00e9 ce mercredi soir les membres de la d\u00e9l\u00e9gation qui se rendront \u00e0 Istanbul, sans mention du nom de Vladimir Poutine qui avait \u00e9t\u00e9 invit\u00e9 \u00e0 s\u2019y rendre par <a href=\"https:\/\/www.huffingtonpost.fr\/international\/article\/guerre-en-ukraine-zelensky-a-inverse-le-rapport-de-force-avant-les-negociations-en-turquie-interview_249998.html\" rel=\"nofollow noopener\" target=\"_blank\">Volodymyr Zelensky.<\/a><\/p>\n<p class=\"asset asset-text\">La d\u00e9l\u00e9gation russe sera men\u00e9e par le conseiller pr\u00e9sidentiel Vladimir Medinski, le vice-ministre des Affaires \u00e9trang\u00e8res Mikha\u00efl Galouzine et le vice-ministre de la D\u00e9fense Alexandre Fomine, selon cette liste publi\u00e9e par le Kremlin.<\/p>\n<p class=\"asset asset-text\">Le conseiller diplomatique de Vladimir\u00a0Poutine, Iouri Ouchakov, a pr\u00e9cis\u00e9 \u00e0 la t\u00e9l\u00e9vision russe s\u2019attendre \u00e0 ce que la r\u00e9union ait lieu \u00ab\u00a0dans la matin\u00e9e\u00a0\u00bb et que des questions \u00ab\u00a0politiques\u00a0\u00bb et \u00ab\u00a0techniques\u00a0\u00bb seraient au menu.<\/p>\n<p>                     Donald Trump ind\u00e9cis    <\/p>\n<p class=\"asset asset-text\">C\u00f4t\u00e9 ukrainien, Volodymyr Zelensky doit rencontrer \u00e0 Ankara mercredi ou jeudi le chef de l\u2019Etat turc Recep Tayyip Erdogan.<\/p>\n<p class=\"asset asset-text\">De son c\u00f4t\u00e9, le pr\u00e9sident am\u00e9ricain Donald Trump a \u00e9voqu\u00e9 mercredi soir \u00ab\u00a0la possibilit\u00e9\u00a0\u00bb d\u2019aller en\u00a0Turquie si son homologue russe Vladimir Poutine en faisait de m\u00eame.<\/p>\n<p class=\"asset asset-text\">\u00ab\u00a0Je ne sais pas s\u2019il y va. Je sais qu\u2019il voudrait que j\u2019y sois. C\u2019est une possibilit\u00e9\u00a0\u00bb, a \u00e9galement d\u00e9clar\u00e9 le pr\u00e9sident am\u00e9ricain, tout en pr\u00e9cisant plus tard que son \u00ab\u00a0programme demain (jeudi) est complet\u00a0\u00bb.<\/p>\n<p class=\"asset asset-text\">Le secr\u00e9taire d\u2019\u00c9tat am\u00e9ricain Marco Rubio est, lui, attendu vendredi \u00e0 Istanbul, ajoutant \u00e0 l\u2019incertitude quant \u00e0 la date m\u00eame \u00e0 laquelle les n\u00e9gociations russo-ukrainiennes se d\u00e9rouleront.<\/p>\n<p class=\"asset asset-text\">Ces derniers jours, Volodymyr Zelensky a appel\u00e9 \u00e0 plusieurs reprises Vladimir Poutine \u00e0 se rendre \u00ab\u00a0en personne\u00a0\u00bb \u00e0 ces discussions, annonc\u00e9es initialement par le ma\u00eetre du Kremlin et cens\u00e9es ouvrir un processus diplomatique pour trouver une issue \u00e0 plus de trois ans d\u2019offensive russe meurtri\u00e8re en Ukraine.<\/p>\n<p class=\"asset asset-text\">Sur la sc\u00e8ne internationale, de nombreux dirigeants avaient aussi appel\u00e9 le chef du Kremlin \u00e0 faire le voyage en Turquie. Le pr\u00e9sident br\u00e9silien Lula\u00a0avait notamment appel\u00e9 Vladimir Poutine \u00ab\u00a0\u00e0 se rendre \u00e0 la r\u00e9union de n\u00e9gociation\u00a0\u00bb. La Chine et le Br\u00e9sil avaient, de leur c\u00f4t\u00e9, publi\u00e9 mardi une d\u00e9claration commune dans laquelle ils saluaient \u00ab\u00a0la proposition du pr\u00e9sident russe Vladimir\u00a0Poutine\u00a0d\u2019entamer des n\u00e9gociations de paix\u00a0\u00bb avec l\u2019Ukraine. L\u2019absence de Poutine \u00e0 cette rencontre qui s\u2019annon\u00e7ait historique envoie plut\u00f4t un message inverse.<\/p>\n<p class=\"asset asset-text\"><strong>\u00c0 voir \u00e9galement sur Le HuffPost\u00a0: <\/strong><\/p>\n<p> La lecture de ce contenu est susceptible d\u2019entra\u00eener un d\u00e9p\u00f4t de cookies de la part de l\u2019op\u00e9rateur tiers qui l\u2019h\u00e9berge. Compte-tenu des choix que vous avez exprim\u00e9s en mati\u00e8re de d\u00e9p\u00f4t de cookies, nous avons bloqu\u00e9 l\u2019affichage de ce contenu. Si vous souhaitez y acc\u00e9der, vous devez accepter la cat\u00e9gorie de cookies \u201cContenus tiers\u201d en cliquant sur le bouton ci-dessous. <\/p>\n<p> Lire la Vid\u00e9o                    <\/p>\n","protected":false},"excerpt":{"rendered":"PAVEL BEDNYAKOV \/ AFP Invit\u00e9 par Volodymyr Zelensky \u00e0 une rencontre en personne ce jeudi 15\u00a0mai en Turquie,&hellip;\n","protected":false},"author":2,"featured_media":100836,"comment_status":"","ping_status":"","sticky":false,"template":"","format":"standard","meta":{"footnotes":""},"categories":[5],"tags":[11,1011,27,131,14,12,3496,135,134,28],"class_list":{"0":"post-100835","1":"post","2":"type-post","3":"status-publish","4":"format-standard","5":"has-post-thumbnail","7":"category-international","8":"tag-actualites","9":"tag-fr","10":"tag-france","11":"tag-guerre-en-ukraine","12":"tag-international","13":"tag-news","14":"tag-turquie","15":"tag-vladimir-poutine","16":"tag-volodymyr-zelensky","17":"tag-world"},"share_on_mastodon":{"url":"https:\/\/pubeurope.com\/@fr\/114509457924263930","error":""},"_links":{"self":[{"href":"https:\/\/www.europesays.com\/fr\/wp-json\/wp\/v2\/posts\/100835","targetHints":{"allow":["GET"]}}],"collection":[{"href":"https:\/\/www.europesays.com\/fr\/wp-json\/wp\/v2\/posts"}],"about":[{"href":"https:\/\/www.europesays.com\/fr\/wp-json\/wp\/v2\/types\/post"}],"author":[{"embeddable":true,"href":"https:\/\/www.europesays.com\/fr\/wp-json\/wp\/v2\/users\/2"}],"replies":[{"embeddable":true,"href":"https:\/\/www.europesays.com\/fr\/wp-json\/wp\/v2\/comments?post=100835"}],"version-history":[{"count":0,"href":"https:\/\/www.europesays.com\/fr\/wp-json\/wp\/v2\/posts\/100835\/revisions"}],"wp:featuredmedia":[{"embeddable":true,"href":"https:\/\/www.europesays.com\/fr\/wp-json\/wp\/v2\/media\/100836"}],"wp:attachment":[{"href":"https:\/\/www.europesays.com\/fr\/wp-json\/wp\/v2\/media?parent=100835"}],"wp:term":[{"taxonomy":"category","embeddable":true,"href":"https:\/\/www.europesays.com\/fr\/wp-json\/wp\/v2\/categories?post=100835"},{"taxonomy":"post_tag","embeddable":true,"href":"https:\/\/www.europesays.com\/fr\/wp-json\/wp\/v2\/tags?post=100835"}],"curies":[{"name":"wp","href":"https:\/\/api.w.org\/{rel}","templated":true}]}}