{"id":100837,"date":"2025-05-15T02:20:09","date_gmt":"2025-05-15T02:20:09","guid":{"rendered":"https:\/\/www.europesays.com\/fr\/100837\/"},"modified":"2025-05-15T02:20:09","modified_gmt":"2025-05-15T02:20:09","slug":"proces-le-scouarnec-les-remords-de-lunique-medecin-a-avoir-lance-lalerte-mediapart","status":"publish","type":"post","link":"https:\/\/www.europesays.com\/fr\/100837\/","title":{"rendered":"Proc\u00e8s Le Scouarnec : les remords de l\u2019unique m\u00e9decin \u00e0 avoir lanc\u00e9 l\u2019alerte &#8211; Mediapart"},"content":{"rendered":"<ol>\n<li><a href=\"https:\/\/news.google.com\/rss\/articles\/CBMiuwFBVV95cUxQUGdubGZEanFQTU03NDJaTktiZGZPZF9QS25wMGQ4NlVzanBJZVBDVzh0a2JQMzNyWENhRkg2aFJhdzgyRFFXZmtESlY4Tjc3alZLYWlTRm9RaFNHa2M5WmRQOVhZZXlucVFyWEVhY2ZTVExVOTVqWkpkT25mOEgwcThfQVIyUVQ3UHR1QXpTTDhnRjVJX25BMXRLbjBpbG9YTklVYmxERUQxdnlvcFo3U3pUQ19ZVi00T3Rr?oc=5\" target=\"_blank\" rel=\"noopener\">Proc\u00e8s Le Scouarnec : les remords de l\u2019unique m\u00e9decin \u00e0 avoir lanc\u00e9 l\u2019alerte<\/a>&nbsp;&nbsp;Mediapart<\/li>\n<li><a href=\"https:\/\/news.google.com\/rss\/articles\/CBMi_wFBVV95cUxONDlES09yX3Zfa2V2bzZIbWpNNGU0RHJZOTFMUmJOTFh4SWlaZWMxT0NQTzBJMUdjY1RnampOSmc5aGZ4NUN2Z2VhZUNPQUZHXzdLcTFGMXVyUTRkUTllNk1RaVM1MlVxM1lOLS10TUV6YUNVU3lOcjNIclQ3YUFhNF9JZU9MU0dkM050ZkRPcVVrNHJfNEJNbHM1OTB3TEdnOFhmQi1yTGN6c094YVhjUEJxdUJSUnRkMUVLOUpqNTFpUWYwOFRTUGdOMXdFb1Y1TEpiVE1fSEdJazVURUI4UVEzZldjMXpBZW9QZXNsaGdUSmNWVGxmS1BvSGdsRm8?oc=5\" target=\"_blank\" rel=\"noopener\">\u00ab\u00a0On m&rsquo;a conseill\u00e9 de ne pas trop en dire\u00a0\u00bb : au proc\u00e8s Le Scouarnec, la d\u00e9tresse du psychiatre qui avait alert\u00e9 sa hi\u00e9rarchie<\/a>&nbsp;&nbsp;Marianne<\/li>\n<li><a href=\"https:\/\/news.google.com\/rss\/articles\/CBMingFBVV95cUxQeTcwUlZGcGI1Q3FaYjlnTlhBWjRESmxEcnNxeExHM1JPLVRwRndRS2ttdFdSWGttQk90b2owMmlQemhkbmxkWkd4anFHdUkyc2V3ZWRwTmxjRWlpa3dOZkN2Y2NpMXctdko4MEpqMjhaY3JvUVVfX19qRVNjdllhX3BmX1E1ZldYRVQ4cVRYbXM0ckpxNTRsS2JWaDVoZw?oc=5\" target=\"_blank\" rel=\"noopener\">Affaire Le Scouarnec : l\u2019unique lanceur d\u2019alerte hant\u00e9 par un \u00ab fiasco \u00bb<\/a>&nbsp;&nbsp;Les Jours<\/li>\n<li><a href=\"https:\/\/news.google.com\/rss\/articles\/CBMiogJBVV95cUxOLUhMTUtUX3FiN2JESHZXclIyT2V0czZORmp1Sm91Y055Q1Z5aDJHTHpfbWx3ZUtlS0U0dXJMYXozM2lpeUlnZGlRNkFoRGNOZGhwaGlCVHAtQVhQLUREWWh5eWhNV2o0azNUZ1A5RXlpRElnYm1NT0paNW9hY1RXZ2E0SktzTEg5QjdURlhZOV9rRHpkM3hxZy1sQkEzM3BqYUVZVjNKcEZmNWItWXZtV0xicVVoZ3RES3pNeFpVdXUyZUVmRmt5SjRnZC1HU3BwR01YcDRZY1RkbmdMLVo2WW9LOFNCcDZqWE1LYnVVMnByV0IyYUk3Ni1mY2JLakpNc3l5Z2RMTGRWVUFkc1VvVWdod3cxc1U1WmpFR0dEai1zZw?oc=5\" target=\"_blank\" rel=\"noopener\">\u00ab Aucune le\u00e7on tir\u00e9e du proc\u00e8s Le Scouarnec \u00bb : Des rassemblements pour alerter les pouvoirs publics<\/a>&nbsp;&nbsp;Ouest-France<\/li>\n<li><a href=\"https:\/\/news.google.com\/rss\/articles\/CBMiwAFBVV95cUxPSHNQTlZ4TXp0Y1RJTjNhc0dqTUM5ZGYtRkNXX3gzRHdzYnhxWjViOXphLXJjb0F2cmlrRFkxU0hEbTFoWWh5bjE1MktmSGxIZVZRWkN1Y3ZzekVvZzNrRW11MmU1eEl4dGRaaThjX1FIbWFydlJHNU42TjctT0lrZ2pwenRXRklGZDhxVjlpN2xFU2xCd3llZTdGQWlLTVphUmNRbS1WeUMyNkRjUWJwY2hMNjAxS3UtRk82Qk9zbU8?oc=5\" target=\"_blank\" rel=\"noopener\">Ce soignant savait pour Le Scouarnec mais personne n\u2019a voulu l\u2019\u00e9couter<\/a>&nbsp;&nbsp;20 Minutes<\/li>\n<\/ol>\n","protected":false},"excerpt":{"rendered":"Proc\u00e8s Le Scouarnec : les remords de l\u2019unique m\u00e9decin \u00e0 avoir lanc\u00e9 l\u2019alerte&nbsp;&nbsp;Mediapart \u00ab\u00a0On m&rsquo;a conseill\u00e9 de ne&hellip;\n","protected":false},"author":2,"featured_media":100838,"comment_status":"","ping_status":"","sticky":false,"template":"","format":"standard","meta":{"footnotes":""},"categories":[4],"tags":[11,1011,27,21607,12,1974,25,304],"class_list":{"0":"post-100837","1":"post","2":"type-post","3":"status-publish","4":"format-standard","5":"has-post-thumbnail","7":"category-france","8":"tag-actualites","9":"tag-fr","10":"tag-france","11":"tag-joel-le-scouarnec","12":"tag-news","13":"tag-pedocriminalite","14":"tag-republique-francaise","15":"tag-violences-sexistes-et-sexuelles"},"share_on_mastodon":{"url":"https:\/\/pubeurope.com\/@fr\/114509461849750207","error":""},"_links":{"self":[{"href":"https:\/\/www.europesays.com\/fr\/wp-json\/wp\/v2\/posts\/100837","targetHints":{"allow":["GET"]}}],"collection":[{"href":"https:\/\/www.europesays.com\/fr\/wp-json\/wp\/v2\/posts"}],"about":[{"href":"https:\/\/www.europesays.com\/fr\/wp-json\/wp\/v2\/types\/post"}],"author":[{"embeddable":true,"href":"https:\/\/www.europesays.com\/fr\/wp-json\/wp\/v2\/users\/2"}],"replies":[{"embeddable":true,"href":"https:\/\/www.europesays.com\/fr\/wp-json\/wp\/v2\/comments?post=100837"}],"version-history":[{"count":0,"href":"https:\/\/www.europesays.com\/fr\/wp-json\/wp\/v2\/posts\/100837\/revisions"}],"wp:featuredmedia":[{"embeddable":true,"href":"https:\/\/www.europesays.com\/fr\/wp-json\/wp\/v2\/media\/100838"}],"wp:attachment":[{"href":"https:\/\/www.europesays.com\/fr\/wp-json\/wp\/v2\/media?parent=100837"}],"wp:term":[{"taxonomy":"category","embeddable":true,"href":"https:\/\/www.europesays.com\/fr\/wp-json\/wp\/v2\/categories?post=100837"},{"taxonomy":"post_tag","embeddable":true,"href":"https:\/\/www.europesays.com\/fr\/wp-json\/wp\/v2\/tags?post=100837"}],"curies":[{"name":"wp","href":"https:\/\/api.w.org\/{rel}","templated":true}]}}