{"id":100843,"date":"2025-05-15T02:23:09","date_gmt":"2025-05-15T02:23:09","guid":{"rendered":"https:\/\/www.europesays.com\/fr\/100843\/"},"modified":"2025-05-15T02:23:09","modified_gmt":"2025-05-15T02:23:09","slug":"marc-antoine-brihat-revient-sur-la-saison-des-vertes","status":"publish","type":"post","link":"https:\/\/www.europesays.com\/fr\/100843\/","title":{"rendered":"Marc Antoine Brihat revient sur la saison des vertes."},"content":{"rendered":"<p><strong>Dans un interview pour le site Envertetcontretous.com, Marc Antoine Brihat revient sur la saison de la section f\u00e9minine de l&rsquo;AS Saint \u00c9tienne.<\/strong><\/p>\n<p>Le club a d\u00e9croch\u00e9 le maintien en premi\u00e8re ligue Arkema \u00e0 l&rsquo;avant derni\u00e8re journ\u00e9e gr\u00e2ce \u00e0 un but marqu\u00e9 dans les derniers instants du jeu.<\/p>\n<p>Pour Marc Antoine Brihat\u00a0 beaucoup d&rsquo;enseignements peuvent \u00eatre tir\u00e9s de cette saison :\u00a0<\/p>\n<p>\u00a0\u00a0\u00a0 \u00a0 \u00ab Il y a beaucoup de choses qui se sont pass\u00e9es au niveau de l&rsquo;extra-sportif. J&rsquo;ai essay\u00e9 de mettre toute mon \u00e9nergie sur le terrain. On a travaill\u00e9 avec un staff un peu amoindri aussi. Ce qu&rsquo;il y a de s\u00fbr, c&rsquo;est que je voulais tirer le maximum de ce groupe-l\u00e0. Forc\u00e9ment que j&rsquo;ai des d\u00e9ceptions aussi parce que je me dis qu&rsquo;on aurait peut-\u00eatre pu faire mieux. On aurait sans doute aim\u00e9 faire mieux aussi. Encore une fois, l&rsquo;objectif c&rsquo;\u00e9tait de se maintenir. Au d\u00e9but de saison, c&rsquo;\u00e9tait l&rsquo;objectif qui \u00e9tait d\u00e9fini par les dirigeants. On s&rsquo;est maintenus.\u00bb<\/p>\n<p>Les vertes vont donc pr\u00e9parer au calme la saison prochaine avec la valse des transferts dans le sens d\u00e9part comme dans le sens des arriv\u00e9es.<\/p>\n<p>\u00a0<\/p>\n<p>\u00a0 \u00a0 \u00a0 \u00a0 \u00a0 \u00a0 \u00a0 \u00a0Kossigan AGAMAKOU\u00a0<\/p>\n<p>                                                                            (function(d, s, id) {<br \/>\n            var js, fjs = d.getElementsByTagName(s)[0];<br \/>\n            if (d.getElementById(id)) return;<br \/>\n            js = d.createElement(s); js.id = id;<br \/>\n            js.src = \u00ab\u00a0\/\/connect.facebook.net\/fr_FR\/sdk.js#xfbml=1&#038;version=v2.8\u00a0\u00bb;<br \/>\n            fjs.parentNode.insertBefore(js, fjs);<br \/>\n        }(document, &lsquo;script&rsquo;, &lsquo;facebook-jssdk&rsquo;));<\/p>\n","protected":false},"excerpt":{"rendered":"Dans un interview pour le site Envertetcontretous.com, Marc Antoine Brihat revient sur la saison de la section f\u00e9minine&hellip;\n","protected":false},"author":2,"featured_media":100844,"comment_status":"","ping_status":"","sticky":false,"template":"","format":"standard","meta":{"footnotes":""},"categories":[9653],"tags":[1111,11,444,2430,1777,674,1011,27,13998,12,25,4001],"class_list":{"0":"post-100843","1":"post","2":"type-post","3":"status-publish","4":"format-standard","5":"has-post-thumbnail","7":"category-saint-etienne","8":"tag-actu","9":"tag-actualites","10":"tag-as-saint-etienne","11":"tag-auvergne-rhone-alpes","12":"tag-eu","13":"tag-europe","14":"tag-fr","15":"tag-france","16":"tag-marc-antoine-brihat","17":"tag-news","18":"tag-republique-francaise","19":"tag-saint-etienne"},"share_on_mastodon":{"url":"https:\/\/pubeurope.com\/@fr\/114509473703672219","error":""},"_links":{"self":[{"href":"https:\/\/www.europesays.com\/fr\/wp-json\/wp\/v2\/posts\/100843","targetHints":{"allow":["GET"]}}],"collection":[{"href":"https:\/\/www.europesays.com\/fr\/wp-json\/wp\/v2\/posts"}],"about":[{"href":"https:\/\/www.europesays.com\/fr\/wp-json\/wp\/v2\/types\/post"}],"author":[{"embeddable":true,"href":"https:\/\/www.europesays.com\/fr\/wp-json\/wp\/v2\/users\/2"}],"replies":[{"embeddable":true,"href":"https:\/\/www.europesays.com\/fr\/wp-json\/wp\/v2\/comments?post=100843"}],"version-history":[{"count":0,"href":"https:\/\/www.europesays.com\/fr\/wp-json\/wp\/v2\/posts\/100843\/revisions"}],"wp:featuredmedia":[{"embeddable":true,"href":"https:\/\/www.europesays.com\/fr\/wp-json\/wp\/v2\/media\/100844"}],"wp:attachment":[{"href":"https:\/\/www.europesays.com\/fr\/wp-json\/wp\/v2\/media?parent=100843"}],"wp:term":[{"taxonomy":"category","embeddable":true,"href":"https:\/\/www.europesays.com\/fr\/wp-json\/wp\/v2\/categories?post=100843"},{"taxonomy":"post_tag","embeddable":true,"href":"https:\/\/www.europesays.com\/fr\/wp-json\/wp\/v2\/tags?post=100843"}],"curies":[{"name":"wp","href":"https:\/\/api.w.org\/{rel}","templated":true}]}}