{"id":100854,"date":"2025-05-15T02:34:19","date_gmt":"2025-05-15T02:34:19","guid":{"rendered":"https:\/\/www.europesays.com\/fr\/100854\/"},"modified":"2025-05-15T02:34:19","modified_gmt":"2025-05-15T02:34:19","slug":"grenoble-des-messages-sur-le-racisme-anti-blanc-effaces-en-urgence-a-luniversite","status":"publish","type":"post","link":"https:\/\/www.europesays.com\/fr\/100854\/","title":{"rendered":"Grenoble. Des messages sur le \u00ab\u00a0racisme anti-blanc\u00a0\u00bb effac\u00e9s en urgence \u00e0 l&rsquo;Universit\u00e9"},"content":{"rendered":"<p>            Par<br \/>\n        <strong><br \/>\n            <a href=\"https:\/\/actu.fr\/auteur\/redaction-grenoble\" title=\"Consulter tous les articles de R\u00e9daction Grenoble\" target=\"_blank\" rel=\"noopener\">R\u00e9daction Grenoble<\/a><br \/>\n        <\/strong><\/p>\n<p>        Publi\u00e9 le<\/p>\n<p>            14 mai 2025 \u00e0 11h19        <\/p>\n<p>Du \u00ab\u00a0<strong>racisme anti-blanc<\/strong> \u00e0 l\u2019universit\u00e9 de Grenoble\u00a0\u00bb ? C\u2019est en tout cas ce que d\u00e9nonce le syndicat \u00e9tudiant de droite UNI dans un post sur ses r\u00e9seaux sociaux, lundi 12 mai.\u00a0<\/p>\n<p class=\" wall-content\">En cause : des messages inscrits sur les vitres d\u2019une galerie de l\u2019<a href=\"https:\/\/actu.fr\/tag\/universite-grenoble-alpes\" target=\"_blank\" rel=\"noopener\">Universit\u00e9 Grenoble-Alpes<\/a> proclamant, par exemple, \u00ab\u00a0Le monde a mal. Normal, il est dirig\u00e9 par des blancs et des m\u00e2les\u00a0\u00bb ou \u00ab\u00a0La Terre est monochrome comme un arc-en-ciel. Le racisme est juste blanc\u00a0\u00bb.<\/p>\n<p class=\" wall-content\">\n<p>\u00ab\u00a0Incompatibles\u00a0\u00bb avec les valeurs de l\u2019universit\u00e9<\/p>\n<p class=\" wall-content\">Ces phrases ont \u00e9t\u00e9 \u00e9labor\u00e9es \u00ab\u00a0lors <strong>d\u2019ateliers artistiques<\/strong> par des personnels et des \u00e9tudiants\u00a0\u00bb dans le cadre du mois de l\u2019\u00c9galit\u00e9, indique le syndicat dans un communiqu\u00e9. \u00ab\u00a0Malheureusement, certains messages ont \u00e9chapp\u00e9 \u00e0 la vigilance de l\u2019Universit\u00e9 Grenoble-Alpes et sont incompatibles avec [ses] valeurs.\u00a0\u00bb\u00a0<\/p>\n<p>    <a href=\"https:\/\/www.google.com\/maps\/embed?pb=!1m18!1m12!1m3!1d22494.205019076053!2d5.727327229520826!3d45.19163799849878!2m3!1f0!2f0!3f0!3m2!1i1024!2i768!4f13.1!3m3!1m2!1s0x478af5a7b5865fd7%3A0x8855a8df0e0f8cdb!2sUniversit%C3%A9%20Grenoble%20Alpes!5e0!3m2!1sfr!2sfr!4v1747213777760!5m2!1sfr!2sfr\" title=\"Ouvrie le lien\" target=\"_blank\" rel=\"noopener\">Cliquez ici pour visualiser le contenu<\/a><\/p>\n<p class=\" wall-content\">L\u2019UNI \u00ab\u00a0somme\u00a0\u00bb la pr\u00e9sidence de l\u2019universit\u00e9 d\u2019effacer au plus vite ses messages et de \u00ab\u00a0<strong>lancer une enqu\u00eate interne<\/strong> pour identifier les responsables de tels choix\u00a0\u00bb. Il a \u00e9galement lanc\u00e9 une <a href=\"https:\/\/www.uni.asso.fr\/petition-luniversite-de-grenoble-doit-retirer-sa-propagande-anti-blancs\/\" target=\"_blank\" rel=\"noopener\">p\u00e9tition en ligne<\/a> pour demander leur retrait.\u00a0<\/p>\n<p>Vid\u00e9os : en ce moment sur ActuLa direction r\u00e9pond<\/p>\n<p class=\" wall-content\">Une demande entendue par la direction qui a indiqu\u00e9, mardi 13 mai, que ces messages \u00ab\u00a0ne refl\u00e8tent pas la position de l\u2019universit\u00e9\u00a0\u00bb et seront effac\u00e9s \u00ab\u00a0<strong>dans les plus brefs d\u00e9lais<\/strong>\u00ab\u00a0, confirmant une information du <a href=\"https:\/\/www.lefigaro.fr\/actualite-france\/l-universite-de-grenoble-retire-en-urgence-des-oeuvres-d-art-conspuant-les-males-blancs-20250513?msockid=06e7e65e06306e923d83f39407f66f3f\" target=\"_blank\" rel=\"noopener\">Figaro<\/a>.<\/p>\n<p class=\" wall-content\">L\u2019Universit\u00e9 Grenoble-Alpes regrette qu\u2019ils \u00ab\u00a0aient pu susciter des incompr\u00e9hensions ou heurter la sensibilit\u00e9 de certaines personnes\u00a0\u00bb.<\/p>\n<p class=\" wall-content\"><strong>Avec AFP<\/strong><\/p>\n<p class=\" wall-content\">Suivez toute l\u2019actualit\u00e9 de vos villes et m\u00e9dias favoris en vous inscrivant \u00e0 <a href=\"https:\/\/moncompte.actu.fr\" title=\"D\u00e9couvez Mon Actu\" rel=\"nofollow noopener\" data-trk=\"{&quot;cta&quot;:{&quot;action&quot;:&quot;https:\\\/\\\/moncompte.actu.fr&quot;,&quot;category&quot;:&quot;mon compte&quot;,&quot;from&quot;:&quot;article footer&quot;,&quot;name&quot;:&quot;Mon actu&quot;,&quot;type&quot;:&quot;cta&quot;}}\" target=\"_blank\">Mon Actu<\/a>.<\/p>\n<ul class=\"ac-article-tag wall-content\">\n<li><a href=\"https:\/\/actu.fr\/tag\/syndicats\" data-trk=\"{&quot;cta&quot;:{&quot;action&quot;:&quot;Syndicats&quot;,&quot;category&quot;:&quot;tag&quot;,&quot;from&quot;:&quot;article footer&quot;,&quot;name&quot;:&quot;Syndicats&quot;,&quot;type&quot;:&quot;cta&quot;}}\" target=\"_blank\" rel=\"noopener\">#Syndicats<\/a><\/li>\n<li><a href=\"https:\/\/actu.fr\/tag\/universite-grenoble-alpes\" data-trk=\"{&quot;cta&quot;:{&quot;action&quot;:&quot;Universit\\u00e9 Grenoble Alpes&quot;,&quot;category&quot;:&quot;tag&quot;,&quot;from&quot;:&quot;article footer&quot;,&quot;name&quot;:&quot;Universit\\u00e9 Grenoble Alpes&quot;,&quot;type&quot;:&quot;cta&quot;}}\" target=\"_blank\" rel=\"noopener\">#Universit\u00e9 Grenoble Alpes<\/a><\/li>\n<\/ul>\n","protected":false},"excerpt":{"rendered":"Par R\u00e9daction Grenoble Publi\u00e9 le 14 mai 2025 \u00e0 11h19 Du \u00ab\u00a0racisme anti-blanc \u00e0 l\u2019universit\u00e9 de Grenoble\u00a0\u00bb ?&hellip;\n","protected":false},"author":2,"featured_media":100855,"comment_status":"","ping_status":"","sticky":false,"template":"","format":"standard","meta":{"footnotes":""},"categories":[9566],"tags":[1111,11,2430,1777,674,1011,27,2731,12,25,104,3427,21608],"class_list":{"0":"post-100854","1":"post","2":"type-post","3":"status-publish","4":"format-standard","5":"has-post-thumbnail","7":"category-grenoble","8":"tag-actu","9":"tag-actualites","10":"tag-auvergne-rhone-alpes","11":"tag-eu","12":"tag-europe","13":"tag-fr","14":"tag-france","15":"tag-grenoble","16":"tag-news","17":"tag-republique-francaise","18":"tag-societe","19":"tag-syndicats","20":"tag-universite-grenoble-alpes"},"share_on_mastodon":{"url":"https:\/\/pubeurope.com\/@fr\/114509516815509928","error":""},"_links":{"self":[{"href":"https:\/\/www.europesays.com\/fr\/wp-json\/wp\/v2\/posts\/100854","targetHints":{"allow":["GET"]}}],"collection":[{"href":"https:\/\/www.europesays.com\/fr\/wp-json\/wp\/v2\/posts"}],"about":[{"href":"https:\/\/www.europesays.com\/fr\/wp-json\/wp\/v2\/types\/post"}],"author":[{"embeddable":true,"href":"https:\/\/www.europesays.com\/fr\/wp-json\/wp\/v2\/users\/2"}],"replies":[{"embeddable":true,"href":"https:\/\/www.europesays.com\/fr\/wp-json\/wp\/v2\/comments?post=100854"}],"version-history":[{"count":0,"href":"https:\/\/www.europesays.com\/fr\/wp-json\/wp\/v2\/posts\/100854\/revisions"}],"wp:featuredmedia":[{"embeddable":true,"href":"https:\/\/www.europesays.com\/fr\/wp-json\/wp\/v2\/media\/100855"}],"wp:attachment":[{"href":"https:\/\/www.europesays.com\/fr\/wp-json\/wp\/v2\/media?parent=100854"}],"wp:term":[{"taxonomy":"category","embeddable":true,"href":"https:\/\/www.europesays.com\/fr\/wp-json\/wp\/v2\/categories?post=100854"},{"taxonomy":"post_tag","embeddable":true,"href":"https:\/\/www.europesays.com\/fr\/wp-json\/wp\/v2\/tags?post=100854"}],"curies":[{"name":"wp","href":"https:\/\/api.w.org\/{rel}","templated":true}]}}