{"id":100858,"date":"2025-05-15T02:36:28","date_gmt":"2025-05-15T02:36:28","guid":{"rendered":"https:\/\/www.europesays.com\/fr\/100858\/"},"modified":"2025-05-15T02:36:28","modified_gmt":"2025-05-15T02:36:28","slug":"ce-que-lon-sait-de-la-fumee-orange-degagee-sur-le-site","status":"publish","type":"post","link":"https:\/\/www.europesays.com\/fr\/100858\/","title":{"rendered":"ce que l&rsquo;on sait de la fum\u00e9e orange d\u00e9gag\u00e9e sur le site"},"content":{"rendered":"<p>            Par<br \/>\n        <strong><br \/>\n            <a href=\"https:\/\/actu.fr\/auteur\/redaction-rennes\" title=\"Consulter tous les articles de R\u00e9daction Rennes\" rel=\"nofollow noopener\" target=\"_blank\">R\u00e9daction Rennes<\/a><br \/>\n        <\/strong><\/p>\n<p>        Publi\u00e9 le<\/p>\n<p>            14 mai 2025 \u00e0 16h04        <\/p>\n<p>Depuis <strong>9h15<\/strong>, ce mercredi 14\u00a0mai 2025,<a href=\"https:\/\/actu.fr\/bretagne\/montauban-de-bretagne_35184\/pres-de-rennes-les-pompiers-interviennent-a-l-usine-entremont-pour-un-risque-chimique-les-salaries-confines_62634568.html\" rel=\"nofollow noopener\" target=\"_blank\"> les sapeurs-pompiers d\u2019Ille-et-Vilaine sont en intervention sur le site du groupe Sodiaal<\/a>, fabricant de produits laitiers pour la marque Entremont \u2013 entre autres. <strong>Une fum\u00e9e orange<\/strong> s\u2019est en effet \u00e9chapp\u00e9e d\u2019une <strong>cuve d\u2019acide,<\/strong> n\u00e9cessitant alors le maintien\u00a0des salari\u00e9s\u00a0\u00e0 l\u2019int\u00e9rieur des b\u00e2timents de l\u2019entreprise.<\/p>\n<p>Un risque chimique<\/p>\n<p class=\" wall-content\">Comme nous l\u2019indique sur place le capitaine et commandant des op\u00e9rations de secours, Samuel Renaudin, <strong>un camion citerne<\/strong> est venu effectuer un d\u00e9potage au sein de l\u2019usine. Techniquement, l\u2019engin a transport\u00e9 de <strong>l\u2019acide<\/strong> (servant \u00e0 nettoyer les machines industrielles) qu\u2019il a ensuite <strong>vers\u00e9 dans une cuve<\/strong> fixe sur site.<\/p>\n<p class=\" wall-content\">Mais le transfert a <strong>fragilis\u00e9 un tuyau<\/strong> et une fum\u00e9e orange s\u2019est alors lib\u00e9r\u00e9e par les \u00e9vents de ventilation de la cuve. <strong>Une \u00ab\u00a0\u00e9l\u00e9vation l\u00e9g\u00e8re de la temp\u00e9rature\u00a0\u00bb<\/strong> a aussi \u00e9t\u00e9 d\u00e9tect\u00e9e. Les employ\u00e9s ont imm\u00e9diatement mis <strong>\u00e0 l\u2019arr\u00eat le transfert<\/strong> de l\u2019acide.<\/p>\n<p>Des salari\u00e9s maintenus \u00e0 l\u2019int\u00e9rieur de l\u2019usine<\/p>\n<p class=\" wall-content\">Sur les 300 salari\u00e9s que compte le groupe, <strong>moins d\u2019une centaine <\/strong>\u00e9tait sur site ce mercredi. Ils ont \u00e9t\u00e9 maintenus \u00e0 l\u2019int\u00e9rieur des b\u00e2timents de l\u2019usine par pr\u00e9caution, <strong>entre 9h30 et 11h30<\/strong>, le temps que des v\u00e9rifications de la qualit\u00e9 de l\u2019air soient effectu\u00e9e par les pompiers.<\/p>\n<p class=\" wall-content\"><strong>La production<\/strong> a pu se poursuivre.<\/p>\n<p>      <img   decoding=\"async\" loading=\"lazy\" src=\"https:\/\/www.europesays.com\/fr\/wp-content\/uploads\/2025\/05\/pompiers-rennes-ille-et-vilaine-entremont-usine-groupe-sodiaal-risque-chimique-960x640.jpg\" alt=\"xxx\" width=\"960\" height=\"640\"\/><br \/>\n    Ses sapeurs-pompiers de Montauban-de-Bretagne, Saint-M\u00e9en-le-Grand et Rennes ont \u00e9t\u00e9 mobilis\u00e9s. (\u00a9 Brian Le Goff \u2013 actu Rennes)Un gros dispositif<\/p>\n<p class=\" wall-content\">S\u2019il s\u2019av\u00e8re, au moment o\u00f9 sont \u00e9crites ces lignes, <strong>mineur,<\/strong> le risque chimique encouru a n\u00e9cessit\u00e9 la mise en place d\u2019un dispositif important avec <strong>un large p\u00e9rim\u00e8tre de s\u00e9curit\u00e9<\/strong>. L\u2019avenue de la Gare a par ailleurs \u00e9t\u00e9 ferm\u00e9e \u00e0 la circulation.<\/p>\n<p>    <a href=\"https:\/\/www.google.com\/maps\/embed?pb=!1m18!1m12!1m3!1d1433.8967306796658!2d-2.0520159177226702!3d48.19236742520865!2m3!1f0!2f0!3f0!3m2!1i1024!2i768!4f13.1!3m3!1m2!1s0x480ef8754233b785%3A0x553b0efd3a10c39d!2sEntremont%20Alliance%20montauban%20de%20bretagne!5e1!3m2!1sfr!2sfr!4v1747229075263!5m2!1sfr!2sfr\" title=\"Ouvrie le lien\" rel=\"nofollow noopener\" target=\"_blank\">Cliquez ici pour visualiser le contenu<\/a><\/p>\n<p class=\" wall-content\">L\u2019intervention a mobilis\u00e9 <strong>une dizaine de v\u00e9hicules<\/strong>\u2009; le d\u00e9ploiement d\u2019une <strong>\u00e9quipe sp\u00e9cialis\u00e9e en risque<\/strong>\u00a0<strong>chimique, une \u00e9quipe incendie<\/strong>, <strong>une \u00e9quipe sanitaire<\/strong> et <strong>un poste de commandement mobile<\/strong>.<\/p>\n<p class=\" wall-content\">Un prestataire est attendu sur le site pour vider la cuve d\u2019acide. Pour le moment, <strong>plusieurs hypoth\u00e8ses<\/strong> ont \u00e9t\u00e9 formul\u00e9es pour comprendre ce qu\u2019il s\u2019est jou\u00e9 au niveau du transfert d\u2019acide, mais aucune n\u2019a \u00e9t\u00e9 retenue ni communiqu\u00e9e pour le moment.<\/p>\n<p>De l\u2019emmental et de la poudre de lait<\/p>\n<p class=\" wall-content\">Le groupe Sodiaal r\u00e9alise des <strong>produits laitiers<\/strong> pour la marque <strong>Entremont<\/strong> et d\u2019autres <strong>marques distributeurs.<\/strong> \u00c0 Montauban-de-Bretagne, l\u2019usine confectionne uniquement de <strong>l\u2019emmental fran\u00e7ais<\/strong> et de <strong>la poudre de lait.<\/strong><\/p>\n<p class=\" wall-content\">Sur place, le <strong>directeur de l\u2019usine,<\/strong> Emmanuel Durand, \u00e9tait pr\u00e9sent.<\/p>\n<p class=\" wall-content\"><strong>Brian Le Goff &amp; Laur\u00e8ne Fertin<\/strong><\/p>\n<p class=\" wall-content\">Suivez toute l\u2019actualit\u00e9 de vos villes et m\u00e9dias favoris en vous inscrivant \u00e0 <a href=\"https:\/\/moncompte.actu.fr\" title=\"D\u00e9couvez Mon Actu\" rel=\"nofollow noopener\" data-trk=\"{&quot;cta&quot;:{&quot;action&quot;:&quot;https:\\\/\\\/moncompte.actu.fr&quot;,&quot;category&quot;:&quot;mon compte&quot;,&quot;from&quot;:&quot;article footer&quot;,&quot;name&quot;:&quot;Mon actu&quot;,&quot;type&quot;:&quot;cta&quot;}}\" target=\"_blank\">Mon Actu<\/a>.<\/p>\n","protected":false},"excerpt":{"rendered":"Par R\u00e9daction Rennes Publi\u00e9 le 14 mai 2025 \u00e0 16h04 Depuis 9h15, ce mercredi 14\u00a0mai 2025, les sapeurs-pompiers&hellip;\n","protected":false},"author":2,"featured_media":100859,"comment_status":"","ping_status":"","sticky":false,"template":"","format":"standard","meta":{"footnotes":""},"categories":[2821],"tags":[1111,11,829,1777,674,3727,1011,27,1652,12,1311,584,25],"class_list":{"0":"post-100858","1":"post","2":"type-post","3":"status-publish","4":"format-standard","5":"has-post-thumbnail","7":"category-rennes","8":"tag-actu","9":"tag-actualites","10":"tag-bretagne","11":"tag-eu","12":"tag-europe","13":"tag-evasion","14":"tag-fr","15":"tag-france","16":"tag-loisirs-culture","17":"tag-news","18":"tag-pompiers","19":"tag-rennes","20":"tag-republique-francaise"},"share_on_mastodon":{"url":"https:\/\/pubeurope.com\/@fr\/114509524755901854","error":""},"_links":{"self":[{"href":"https:\/\/www.europesays.com\/fr\/wp-json\/wp\/v2\/posts\/100858","targetHints":{"allow":["GET"]}}],"collection":[{"href":"https:\/\/www.europesays.com\/fr\/wp-json\/wp\/v2\/posts"}],"about":[{"href":"https:\/\/www.europesays.com\/fr\/wp-json\/wp\/v2\/types\/post"}],"author":[{"embeddable":true,"href":"https:\/\/www.europesays.com\/fr\/wp-json\/wp\/v2\/users\/2"}],"replies":[{"embeddable":true,"href":"https:\/\/www.europesays.com\/fr\/wp-json\/wp\/v2\/comments?post=100858"}],"version-history":[{"count":0,"href":"https:\/\/www.europesays.com\/fr\/wp-json\/wp\/v2\/posts\/100858\/revisions"}],"wp:featuredmedia":[{"embeddable":true,"href":"https:\/\/www.europesays.com\/fr\/wp-json\/wp\/v2\/media\/100859"}],"wp:attachment":[{"href":"https:\/\/www.europesays.com\/fr\/wp-json\/wp\/v2\/media?parent=100858"}],"wp:term":[{"taxonomy":"category","embeddable":true,"href":"https:\/\/www.europesays.com\/fr\/wp-json\/wp\/v2\/categories?post=100858"},{"taxonomy":"post_tag","embeddable":true,"href":"https:\/\/www.europesays.com\/fr\/wp-json\/wp\/v2\/tags?post=100858"}],"curies":[{"name":"wp","href":"https:\/\/api.w.org\/{rel}","templated":true}]}}