{"id":100860,"date":"2025-05-15T02:37:20","date_gmt":"2025-05-15T02:37:20","guid":{"rendered":"https:\/\/www.europesays.com\/fr\/100860\/"},"modified":"2025-05-15T02:37:20","modified_gmt":"2025-05-15T02:37:20","slug":"une-loi-de-1910-pour-reglementer-laspect-exterieur-des-constructions","status":"publish","type":"post","link":"https:\/\/www.europesays.com\/fr\/100860\/","title":{"rendered":"une loi de 1910 pour r\u00e9glementer l\u2019aspect ext\u00e9rieur des constructions ?"},"content":{"rendered":"<p>Finis les toits plats, les fa\u00e7ades bleu azur ou les nouveaux logements vendus avec une seule place de stationnement &#8211; comme l\u2019autorise le <a href=\"https:\/\/www.dna.fr\/environnement\/2024\/07\/15\/environnement-la-modification-n-4-du-plu-entre-en-vigueur\" target=\"_blank\" rel=\"noopener\">plan local d\u2019urbanisme<\/a> (PLU) \u00e0 proximit\u00e9 des stations de tram\u00a0?<\/p>\n<p>Une d\u00e9lib\u00e9ration du conseil municipal, adopt\u00e9e le 3\u00a0avril dernier (sans les voix de l\u2019opposition), a pos\u00e9 la premi\u00e8re pierre du futur r\u00e8glement municipal des constructions (RMC) d\u2019Illkirch-Graffenstaden. Elle autorise le maire, \u00ab\u00a0en sa qualit\u00e9 d\u2019autorit\u00e9 de police locale, \u00e0 \u00e9dicter, par arr\u00eat\u00e9, un r\u00e8glement municipal des constructions dans l\u2019int\u00e9r\u00eat de la s\u00e9curit\u00e9, de l\u2019hygi\u00e8ne et de l\u2019esth\u00e9tique locale \u00e0 Illkirch-Graffenstaden\u00a0\u00bb.<\/p>\n<p>\u00ab\u00a0Compl\u00e9ter et parfois durcir le&#8230;                <\/p>\n","protected":false},"excerpt":{"rendered":"Finis les toits plats, les fa\u00e7ades bleu azur ou les nouveaux logements vendus avec une seule place de&hellip;\n","protected":false},"author":2,"featured_media":100861,"comment_status":"","ping_status":"","sticky":false,"template":"","format":"standard","meta":{"footnotes":""},"categories":[2820],"tags":[1111,11,2389,2649,1984,2880,1777,674,107,1011,27,775,3088,1757,12,316,25,640,3089],"class_list":{"0":"post-100860","1":"post","2":"type-post","3":"status-publish","4":"format-standard","5":"has-post-thumbnail","7":"category-strasbourg","8":"tag-actu","9":"tag-actualites","10":"tag-alsace","11":"tag-bas-rhin","12":"tag-conseil-municipal","13":"tag-edition-strasbourg","14":"tag-eu","15":"tag-europe","16":"tag-fil-info","17":"tag-fr","18":"tag-france","19":"tag-grand-est","20":"tag-illkirch-graffenstaden","21":"tag-insolite","22":"tag-news","23":"tag-politique","24":"tag-republique-francaise","25":"tag-strasbourg","26":"tag-strasbourg-sud"},"share_on_mastodon":{"url":"https:\/\/pubeurope.com\/@fr\/114509528854231742","error":""},"_links":{"self":[{"href":"https:\/\/www.europesays.com\/fr\/wp-json\/wp\/v2\/posts\/100860","targetHints":{"allow":["GET"]}}],"collection":[{"href":"https:\/\/www.europesays.com\/fr\/wp-json\/wp\/v2\/posts"}],"about":[{"href":"https:\/\/www.europesays.com\/fr\/wp-json\/wp\/v2\/types\/post"}],"author":[{"embeddable":true,"href":"https:\/\/www.europesays.com\/fr\/wp-json\/wp\/v2\/users\/2"}],"replies":[{"embeddable":true,"href":"https:\/\/www.europesays.com\/fr\/wp-json\/wp\/v2\/comments?post=100860"}],"version-history":[{"count":0,"href":"https:\/\/www.europesays.com\/fr\/wp-json\/wp\/v2\/posts\/100860\/revisions"}],"wp:featuredmedia":[{"embeddable":true,"href":"https:\/\/www.europesays.com\/fr\/wp-json\/wp\/v2\/media\/100861"}],"wp:attachment":[{"href":"https:\/\/www.europesays.com\/fr\/wp-json\/wp\/v2\/media?parent=100860"}],"wp:term":[{"taxonomy":"category","embeddable":true,"href":"https:\/\/www.europesays.com\/fr\/wp-json\/wp\/v2\/categories?post=100860"},{"taxonomy":"post_tag","embeddable":true,"href":"https:\/\/www.europesays.com\/fr\/wp-json\/wp\/v2\/tags?post=100860"}],"curies":[{"name":"wp","href":"https:\/\/api.w.org\/{rel}","templated":true}]}}