{"id":100870,"date":"2025-05-15T02:42:14","date_gmt":"2025-05-15T02:42:14","guid":{"rendered":"https:\/\/www.europesays.com\/fr\/100870\/"},"modified":"2025-05-15T02:42:14","modified_gmt":"2025-05-15T02:42:14","slug":"derniere-ligne-droite-du-chantier-avant-la-reouverture","status":"publish","type":"post","link":"https:\/\/www.europesays.com\/fr\/100870\/","title":{"rendered":"derni\u00e8re ligne droite du chantier avant la r\u00e9ouverture"},"content":{"rendered":"<p>            Par<br \/>\n        <strong><br \/>\n            <a href=\"https:\/\/actu.fr\/auteur\/thomas-bernard\" title=\"Consulter tous les articles de Thomas Bernard\" rel=\"nofollow noopener\" target=\"_blank\">Thomas Bernard<\/a><br \/>\n        <\/strong><\/p>\n<p>        Publi\u00e9 le<\/p>\n<p>            14 mai 2025 \u00e0 18h04        <\/p>\n<p>Le soleil printanier \u00e9claire la fa\u00e7ade de la <a href=\"https:\/\/actu.fr\/pays-de-la-loire\/nantes_44109\/images-nantes-immersion-au-coeur-du-chantier-de-depollution-de-la-cathedrale_52063680.html\" rel=\"nofollow noopener\" target=\"_blank\">cath\u00e9drale de Nantes<\/a>. Les promeneurs de la place Saint-Pierre s\u2019arr\u00eatent pour prendre en photo l\u2019\u00e9difice, ferm\u00e9 au public depuis <a href=\"https:\/\/actu.fr\/pays-de-la-loire\/nantes_44109\/nantes-incendie-a-la-cathedrale-premier-ministre-jean-castex-attendu_35024075.html\" rel=\"nofollow noopener\" target=\"_blank\">l\u2019incendie de juillet\u00a02020<\/a>.<\/p>\n<p class=\" wall-content\">Derri\u00e8re les palissades, le chantier de restauration se poursuit. Du 9 au 14\u00a0mai, <a href=\"https:\/\/lefevre.fr\/fr\/presentation\" rel=\"nofollow noopener\" target=\"_blank\">l\u2019entreprise Lef\u00e8vre<\/a> a proc\u00e9d\u00e9 \u00e0 <strong>la d\u00e9pose de quatre cl\u00e9s de vo\u00fbtes en bois se situant au niveau de la nef<\/strong>. Ce mercredi 14\u00a0mai,<a href=\"https:\/\/actu.fr\/nantes\/\" rel=\"nofollow noopener\" target=\"_blank\"> actu Nantes<\/a> a assist\u00e9 \u00e0 la d\u00e9pose de l\u2019une d\u2019entre elles.<\/p>\n<p>Des cl\u00e9s de vo\u00fbte calcin\u00e9es<\/p>\n<p class=\" wall-content\">\u00c0 l\u2019int\u00e9rieur de la cath\u00e9drale, des planches couvrent le sol devenu poussi\u00e9reux avec les travaux. Peu apr\u00e8s notre entr\u00e9e dans l\u2019\u00e9difice, nous remarquons la pr\u00e9sence de trois cl\u00e9s de vo\u00fbte en bois pos\u00e9es sur des palettes.<\/p>\n<p class=\" wall-content\">Ces objets ont \u00e9t\u00e9 d\u00e9croch\u00e9s de la vo\u00fbte, <strong>la derni\u00e8re est d\u00e9pos\u00e9e au cours de notre reportage<\/strong>. L\u2019entreprise Lef\u00e8vre, sp\u00e9cialis\u00e9e dans la restauration du patrimoine est en charge de la man\u0153uvre.<\/p>\n<p class=\" wall-content\">En haut, un technicien proc\u00e8de au d\u00e9crochement de la cl\u00e9 de vo\u00fbte guid\u00e9 par l\u2019un de ses coll\u00e8gues positionn\u00e9 au sol. Les deux hommes se guident via le t\u00e9l\u00e9phone. Lentement mais s\u00fbrement, <strong>la cl\u00e9 de vo\u00fbte tourne sur elle-m\u00eame pour descendre<\/strong>.<\/p>\n<p>Vid\u00e9os : en ce moment sur Actu<\/p>\n<p class=\" wall-content\">L\u2019op\u00e9ration est port\u00e9e par la Direction r\u00e9gionale des Affaires culturelles (Drac), ma\u00eetre d\u2019ouvrage. Le ma\u00eetre d\u2019\u0153uvre est Pascal Prunet, architecte en chef des monuments historiques.<\/p>\n<p class=\" wall-content\">\u00ab\u2009Nous profitons de la fermeture de la cath\u00e9drale au public pour proc\u00e9der \u00e0 la d\u00e9pose. Les cl\u00e9s de vo\u00fbte<strong> ont \u00e9t\u00e9 en partie calcin\u00e9es durant l\u2019incendie<\/strong>, d\u2019autant plus qu\u2019elles se trouvaient au-dessus du foyer du feu\u2009\u00bb, explique Pauline Ducom, conservatrice des monuments\u00a0historiques \u00e0 la Drac.<\/p>\n<p class=\" wall-content\">\u00ab\u2009C\u2019est plus raisonnable de descendre ces cl\u00e9s de vo\u00fbte pour les analyser. On devra probablement refaire la partie inf\u00e9rieure\u2009\u00bb, d\u00e9crit Pascal Prunet.<\/p>\n<p class=\" wall-content\">Les cl\u00e9s de vo\u00fbte seront repos\u00e9es lors d\u2019une phase ult\u00e9rieure.<\/p>\n<p>Restauration du massif occidental<\/p>\n<p class=\" wall-content\">En parall\u00e8le, les travaux sur le r\u00e9seau \u00e9lectrique, endommag\u00e9 par l\u2019incendie, se poursuivent\u2009: l\u2019\u00e9clairage va \u00eatre r\u00e9nov\u00e9 et la s\u00e9curit\u00e9 incendie modernis\u00e9e. Ce chantier parvient \u00e0 une \u00e9tape importante avec la fin des travaux g\u00e9n\u00e9rant de la poussi\u00e8re. Les tranch\u00e9es creus\u00e9es pour ces r\u00e9seaux sont en cours de rebouchage.<\/p>\n<p class=\" wall-content\">Le chantier du transept sud et du ch\u0153ur \u00e9tant termin\u00e9,<strong> l\u2019op\u00e9ration de remontage de l\u2019orgue de ch\u0153ur pourra d\u00e9buter<\/strong> apr\u00e8s une phase de nettoyage et de d\u00e9poussi\u00e9rage.<\/p>\n<p class=\" wall-content\">\u00ab\u2009Les tuyaux de l\u2019orgue de ch\u0153ur, c\u2019est-\u00e0-dire l\u2019instrument, vont \u00eatre ramen\u00e9s. Nous ferons cela de nuit car il y a deux \u00e9l\u00e9ments importants pour l\u2019installation de l\u2019orgue et son harmonisation\u2009: le fait qu\u2019il n\u2019y ait plus de poussi\u00e8res et il faut \u00eatre dans un moment de silence\u2009\u00bb, d\u00e9taille Anne G\u00e9rard, directrice r\u00e9gionale des affaires culturelles des Pays de la Loire.<\/p>\n<p class=\" wall-content\">Le buffet de l\u2019orgue de ch\u0153ur est actuellement sous b\u00e2che et sera restaur\u00e9 d\u2019ici la r\u00e9ouverture de septembre.<\/p>\n<p class=\" wall-content\">Depuis l\u2019incendie, <strong>une enveloppe de 20\u00a0millions d\u2019euros a \u00e9t\u00e9 engag\u00e9e<\/strong> par la Drac des Pays de la Loire pour la restauration du monument religieux.<\/p>\n<p class=\" wall-content\">Le chantier de restauration entrera dans une nouvelle \u00e9tape pour le second trimestre 2025. \u00ab\u2009\u00c0 partir du mois de septembre, nous allons entamer <strong>le chantier du massif occidental<\/strong>. C\u2019est un chantier d\u2019importance qui va nous prendre trois ans\u2009\u00bb, rappelle Anne G\u00e9rard.<\/p>\n<p class=\" wall-content\">Le massif occidental, la fa\u00e7ade visible par les Nantais depuis la place Saint-Pierre, a subi les d\u00e9g\u00e2ts les plus importants, dont l\u2019explosion de la grande verri\u00e8re d\u2019axe ou la destruction quasi totale du grand orgue de tribune. Le projet de restauration de ce dernier est encore en cours de r\u00e9flexion.<\/p>\n<p class=\" wall-content\">La restauration du massif occidental, incluant les ma\u00e7onneries et la verri\u00e8re,<strong> s\u2019\u00e9tendra jusqu\u2019en 2028<\/strong>. Un \u00e9chafaudage sera pr\u00e9sent dans le monument religieux lors de la r\u00e9ouverture.<\/p>\n<p class=\" wall-content\">La Drac annonce une r\u00e9ouverture au public de la cath\u00e9drale Saint-Pierre et Saint-Paul de Nantes <strong>pour le samedi 27\u00a0septembre 2025<\/strong>.<\/p>\n<p class=\" wall-content\">Suivez toute l\u2019actualit\u00e9 de vos villes et m\u00e9dias favoris en vous inscrivant \u00e0 <a href=\"https:\/\/moncompte.actu.fr\" title=\"D\u00e9couvez Mon Actu\" rel=\"nofollow noopener\" data-trk=\"{&quot;cta&quot;:{&quot;action&quot;:&quot;https:\\\/\\\/moncompte.actu.fr&quot;,&quot;category&quot;:&quot;mon compte&quot;,&quot;from&quot;:&quot;article footer&quot;,&quot;name&quot;:&quot;Mon actu&quot;,&quot;type&quot;:&quot;cta&quot;}}\" target=\"_blank\">Mon Actu<\/a>.<\/p>\n","protected":false},"excerpt":{"rendered":"Par Thomas Bernard Publi\u00e9 le 14 mai 2025 \u00e0 18h04 Le soleil printanier \u00e9claire la fa\u00e7ade de la&hellip;\n","protected":false},"author":2,"featured_media":100871,"comment_status":"","ping_status":"","sticky":false,"template":"","format":"standard","meta":{"footnotes":""},"categories":[2818],"tags":[1111,11,1777,674,1011,27,1310,766,12,2551,2636,25,104],"class_list":{"0":"post-100870","1":"post","2":"type-post","3":"status-publish","4":"format-standard","5":"has-post-thumbnail","7":"category-nantes","8":"tag-actu","9":"tag-actualites","10":"tag-eu","11":"tag-europe","12":"tag-fr","13":"tag-france","14":"tag-incendie","15":"tag-nantes","16":"tag-news","17":"tag-patrimoine","18":"tag-pays-de-la-loire","19":"tag-republique-francaise","20":"tag-societe"},"share_on_mastodon":{"url":"https:\/\/pubeurope.com\/@fr\/114509548301023556","error":""},"_links":{"self":[{"href":"https:\/\/www.europesays.com\/fr\/wp-json\/wp\/v2\/posts\/100870","targetHints":{"allow":["GET"]}}],"collection":[{"href":"https:\/\/www.europesays.com\/fr\/wp-json\/wp\/v2\/posts"}],"about":[{"href":"https:\/\/www.europesays.com\/fr\/wp-json\/wp\/v2\/types\/post"}],"author":[{"embeddable":true,"href":"https:\/\/www.europesays.com\/fr\/wp-json\/wp\/v2\/users\/2"}],"replies":[{"embeddable":true,"href":"https:\/\/www.europesays.com\/fr\/wp-json\/wp\/v2\/comments?post=100870"}],"version-history":[{"count":0,"href":"https:\/\/www.europesays.com\/fr\/wp-json\/wp\/v2\/posts\/100870\/revisions"}],"wp:featuredmedia":[{"embeddable":true,"href":"https:\/\/www.europesays.com\/fr\/wp-json\/wp\/v2\/media\/100871"}],"wp:attachment":[{"href":"https:\/\/www.europesays.com\/fr\/wp-json\/wp\/v2\/media?parent=100870"}],"wp:term":[{"taxonomy":"category","embeddable":true,"href":"https:\/\/www.europesays.com\/fr\/wp-json\/wp\/v2\/categories?post=100870"},{"taxonomy":"post_tag","embeddable":true,"href":"https:\/\/www.europesays.com\/fr\/wp-json\/wp\/v2\/tags?post=100870"}],"curies":[{"name":"wp","href":"https:\/\/api.w.org\/{rel}","templated":true}]}}