{"id":100879,"date":"2025-05-15T02:47:21","date_gmt":"2025-05-15T02:47:21","guid":{"rendered":"https:\/\/www.europesays.com\/fr\/100879\/"},"modified":"2025-05-15T02:47:21","modified_gmt":"2025-05-15T02:47:21","slug":"samedi-17-mai-2025-cest-la-fete-du-velo-a-lille","status":"publish","type":"post","link":"https:\/\/www.europesays.com\/fr\/100879\/","title":{"rendered":"Samedi 17 mai 2025, c&rsquo;est la F\u00eate du V\u00e9lo \u00e0 Lille"},"content":{"rendered":"<p><strong>Samedi 17 mai 2025 de 10h \u00e0 18h,<\/strong> c\u2019est la <strong>F\u00eate du V\u00e9lo<\/strong> sur la <strong>place de la R\u00e9publique de Lille.<\/strong><\/p>\n<p><img loading=\"lazy\" decoding=\"async\" width=\"724\" height=\"1024\" src=\"https:\/\/www.europesays.com\/fr\/wp-content\/uploads\/2025\/05\/fete_velo_2025-724x1024.jpg\" alt=\"\" class=\"wp-image-84766\" style=\"aspect-ratio:0.70703125;width:400px\"  \/><\/p>\n<p>Au Programme<\/p>\n<p style=\"text-align: justify;\"><strong>Des animations<\/strong> <br \/><strong>Le man\u00e8ge \u00ab\u00a0Le Tour \u00e0 Biclou\u00a0\u00bb,<\/strong><br \/><strong>Un parcours draisienne avec l\u2019association Roule Nordiste pour nos petits cyclistes<\/strong> (\u00e0 partir de 12h),<br \/><strong>Un parcours v\u00e9los et BMX pour enfants et ados<\/strong> (\u00e0 partir de 10h30),<br \/><strong>\u00ab\u00a0Lhomme V.\u00a0\u00bb, un spectacle de BMX par l\u2019acrobate Vincent Warin \u00e0 16h30<br \/>Une balade \u00e0 v\u00e9lo \u00ab\u00a0\u00e0 la d\u00e9couverte des jardins familiaux de Lille\u00a0\u00bb, d\u00e9part \u00e0 13h30 depuis le point info.<\/strong><\/p>\n<p style=\"text-align: justify;\"><strong>Une vente de v\u00e9lo d\u2019occasion<\/strong> <br \/><strong>Trouvez le v\u00e9lo d\u2019occasion<\/strong> qui vous convient :<strong> classique, \u00e9lectrique, v\u00e9lo cargo, pour adultes et pour enfants\u2026 Plus d\u2019une dizaine de vendeurs <\/strong>seront pr\u00e9sents avec <strong>plus de 250 v\u00e9los d\u2019occasions <\/strong>propos\u00e9s \u00e0 la vente !<\/p>\n<p style=\"text-align: justify;\"><strong>R\u00e9paration, entretien et marquage de v\u00e9lo<\/strong> <br \/><strong>Venez apprendre \u00e0 entretenir<\/strong> et <strong>r\u00e9parer votre v\u00e9lo<\/strong> avec les <strong>diff\u00e9rentes associations pr\u00e9sentes sur place.<\/strong><\/p>\n<p style=\"text-align: justify;\"><strong>Des stands d\u2019info et de pr\u00e9vention<\/strong> <br \/><strong>Bus et visibilit\u00e9 :<\/strong> <strong>prenez la place d\u2019un chauffeur de bus Ilevia<\/strong> pour <strong>d\u00e9couvrir sa vision<\/strong> et \u00eatre <strong>sensibilis\u00e9 aux angles morts<\/strong> <br \/><strong>Marquage v\u00e9lo<\/strong> <strong>contre le vol<\/strong> avec <strong>l\u2019ADAV<\/strong><br \/><strong>Nombreux stands de pr\u00e9vention<\/strong> et <strong>d\u2019information<\/strong> par les <strong>acteurs du v\u00e9lo lillois<\/strong> (Ville de Lille, Maison des mobilit\u00e9s durables, Ilevia, M\u00e9tropople europ\u00e9enne de Lille, etc.)<\/p>\n<p style=\"text-align: justify;\"><strong>Les entrepreneurs \u00e0 v\u00e9los pr\u00e9sents\u00a0<\/strong> <br \/>Retrouvez de nombreux entrepreneurs \u00e0 v\u00e9lo : <strong>fabricants, am\u00e9nageurs<\/strong> et <strong>r\u00e9parateurs de v\u00e9los cargo<\/strong> et <strong>cycles utilitaires, \u00e9lectrification de v\u00e9lo, vente de livres, d\u2019objets, bijoux,\u2026<\/strong><\/p>\n<p><strong>Petite restauration sur place<\/strong> <br \/>Assur\u00e9e par des<strong> Food bikes<\/strong><\/p>\n<p class=\"has-text-align-right\">Source &amp; image : DR \/ \u00a9 Ville de Lille<\/p>\n","protected":false},"excerpt":{"rendered":"Samedi 17 mai 2025 de 10h \u00e0 18h, c\u2019est la F\u00eate du V\u00e9lo sur la place de la&hellip;\n","protected":false},"author":2,"featured_media":100880,"comment_status":"","ping_status":"","sticky":false,"template":"","format":"standard","meta":{"footnotes":""},"categories":[2815],"tags":[1111,11,1777,674,21609,1011,27,811,1307,12,3092,25,208],"class_list":{"0":"post-100879","1":"post","2":"type-post","3":"status-publish","4":"format-standard","5":"has-post-thumbnail","7":"category-lille","8":"tag-actu","9":"tag-actualites","10":"tag-eu","11":"tag-europe","12":"tag-fete-du-velo","13":"tag-fr","14":"tag-france","15":"tag-hauts-de-france","16":"tag-lille","17":"tag-news","18":"tag-place-de-la-republique","19":"tag-republique-francaise","20":"tag-velo"},"share_on_mastodon":{"url":"https:\/\/pubeurope.com\/@fr\/114509568139886653","error":""},"_links":{"self":[{"href":"https:\/\/www.europesays.com\/fr\/wp-json\/wp\/v2\/posts\/100879","targetHints":{"allow":["GET"]}}],"collection":[{"href":"https:\/\/www.europesays.com\/fr\/wp-json\/wp\/v2\/posts"}],"about":[{"href":"https:\/\/www.europesays.com\/fr\/wp-json\/wp\/v2\/types\/post"}],"author":[{"embeddable":true,"href":"https:\/\/www.europesays.com\/fr\/wp-json\/wp\/v2\/users\/2"}],"replies":[{"embeddable":true,"href":"https:\/\/www.europesays.com\/fr\/wp-json\/wp\/v2\/comments?post=100879"}],"version-history":[{"count":0,"href":"https:\/\/www.europesays.com\/fr\/wp-json\/wp\/v2\/posts\/100879\/revisions"}],"wp:featuredmedia":[{"embeddable":true,"href":"https:\/\/www.europesays.com\/fr\/wp-json\/wp\/v2\/media\/100880"}],"wp:attachment":[{"href":"https:\/\/www.europesays.com\/fr\/wp-json\/wp\/v2\/media?parent=100879"}],"wp:term":[{"taxonomy":"category","embeddable":true,"href":"https:\/\/www.europesays.com\/fr\/wp-json\/wp\/v2\/categories?post=100879"},{"taxonomy":"post_tag","embeddable":true,"href":"https:\/\/www.europesays.com\/fr\/wp-json\/wp\/v2\/tags?post=100879"}],"curies":[{"name":"wp","href":"https:\/\/api.w.org\/{rel}","templated":true}]}}