{"id":100881,"date":"2025-05-15T02:48:16","date_gmt":"2025-05-15T02:48:16","guid":{"rendered":"https:\/\/www.europesays.com\/fr\/100881\/"},"modified":"2025-05-15T02:48:16","modified_gmt":"2025-05-15T02:48:16","slug":"mercato-lille-jonathan-david-confirme-son-depart-du-losc-sport","status":"publish","type":"post","link":"https:\/\/www.europesays.com\/fr\/100881\/","title":{"rendered":"Mercato Lille. Jonathan David confirme son d\u00e9part du Losc . Sport"},"content":{"rendered":"<p>Une page se tourne au LOSC. Jonathan David, en fin de contrat, annonce ce mercredi 14\u00a0mai, qu\u2019il ne prolongera pas et qu\u2019il va donc quitter le club nordiste. L\u2019avant-centre, <a href=\"https:\/\/rennes.maville.com\/sport\/detail_-mercato.-l-inter-milan-s-interesse-au-lillois-jonathan-david-_54135-6761018_actu.Htm\" target=\"_blank\" rel=\"nofollow noopener\">sur les tablettes de plusieurs clubs italiens<\/a>, ne d\u00e9voile pas sa nouvelle destination.<\/p>\n<p>Lire aussi\u00a0: <a href=\"https:\/\/lille.maville.com\/sport\/detail_-mercato-losc.-jonathan-david-angel-gomes...-a-lille-l-epineux-probleme-des-fins-de-contrat-_53066-6618229_actu.Htm\" target=\"_blank\" rel=\"nofollow noopener\">Mercato LOSC. Jonathan David, Angel Gomes\u2026 \u00c0 Lille, l\u2019\u00e9pineux probl\u00e8me des fins de contrat<\/a><\/p>\n<p>Dans une vid\u00e9o publi\u00e9e sur les r\u00e9seaux sociaux, le Canadien remercie le club mais aussi ses supporters. <strong>\u00ab\u00a0Vous avez toujours \u00e9t\u00e9 derri\u00e8re moi, vous m\u2019avez toujours soutenu malgr\u00e9 les moments difficiles\u00a0\u00bb <\/strong>explique-t-il face \u00e0 des cam\u00e9ras, une s\u00e9quence entrecoup\u00e9e d\u2019extraits de ses buts et de ses c\u00e9l\u00e9brations.<\/p>\n<blockquote class=\"instagram-media\" data-instgrm-captioned=\"\" data-instgrm-permalink=\"https:\/\/www.instagram.com\/reel\/DJov32PtYQU\/?utm_source=ig_embed&amp;utm_campaign=loading\" data-instgrm-version=\"14\" style=\" background:#FFF; border:0; border-radius:3px; box-shadow:0 0 1px 0 rgba(0,0,0,0.5),0 1px 10px 0 rgba(0,0,0,0.15); margin: 1px; max-width:540px; min-width:326px; padding:0; width:99.375%; width:-webkit-calc(100% - 2px); width:calc(100% - 2px);\" wp_automatic_readability=\"-0.21875\"\/>\n<p>2e\u00a0meilleur buteur de l\u2019histoire<\/p>\n<p>Arriv\u00e9 en provenance de la Gantoise \u00e0 l\u2019\u00e9t\u00e9 2020, David aura inscrit 109\u00a0buts en 231\u00a0matchs avec les Dogues, toutes comp\u00e9titions confondues. L\u2019attaquant canadien restera comme le <a href=\"https:\/\/rennes.maville.com\/sport\/detail_-video.-losc-real-madrid-revivez-le-but-de-jonathan-david-en-ligue-des-champions-_54135-6489900_actu.Htm\" target=\"_blank\" rel=\"nofollow noopener\">2e\u00a0meilleur buteur de l\u2019histoire<\/a> du club derri\u00e8re Andr\u00e9 Strappe (112\u00a0buts). Un record qu\u2019il pourrait battre samedi pour son tout dernier match sous les couleurs lilloises. Pour \u00e7a, il devra inscrire plus de 3\u00a0buts contre Reims au Stade Pierre Mauroy (21\u00a0h).<\/p>\n<p>\u00a0<\/p>\n<p>\t\t<script async src=\"\/\/www.instagram.com\/embed.js\"><\/script><\/p>\n","protected":false},"excerpt":{"rendered":"Une page se tourne au LOSC. Jonathan David, en fin de contrat, annonce ce mercredi 14\u00a0mai, qu\u2019il ne&hellip;\n","protected":false},"author":2,"featured_media":100882,"comment_status":"","ping_status":"","sticky":false,"template":"","format":"standard","meta":{"footnotes":""},"categories":[2815],"tags":[1111,11,3809,1465,1777,674,63,1011,27,1792,811,1922,1307,12,25,479,4937,517,1470],"class_list":{"0":"post-100881","1":"post","2":"type-post","3":"status-publish","4":"format-standard","5":"has-post-thumbnail","7":"category-lille","8":"tag-actu","9":"tag-actualites","10":"tag-ball","11":"tag-basket","12":"tag-eu","13":"tag-europe","14":"tag-football","15":"tag-fr","16":"tag-france","17":"tag-handball","18":"tag-hauts-de-france","19":"tag-info","20":"tag-lille","21":"tag-news","22":"tag-republique-francaise","23":"tag-rugby","24":"tag-saint-brieuc","25":"tag-sport","26":"tag-volley"},"share_on_mastodon":{"url":"https:\/\/pubeurope.com\/@fr\/114509571989020099","error":""},"_links":{"self":[{"href":"https:\/\/www.europesays.com\/fr\/wp-json\/wp\/v2\/posts\/100881","targetHints":{"allow":["GET"]}}],"collection":[{"href":"https:\/\/www.europesays.com\/fr\/wp-json\/wp\/v2\/posts"}],"about":[{"href":"https:\/\/www.europesays.com\/fr\/wp-json\/wp\/v2\/types\/post"}],"author":[{"embeddable":true,"href":"https:\/\/www.europesays.com\/fr\/wp-json\/wp\/v2\/users\/2"}],"replies":[{"embeddable":true,"href":"https:\/\/www.europesays.com\/fr\/wp-json\/wp\/v2\/comments?post=100881"}],"version-history":[{"count":0,"href":"https:\/\/www.europesays.com\/fr\/wp-json\/wp\/v2\/posts\/100881\/revisions"}],"wp:featuredmedia":[{"embeddable":true,"href":"https:\/\/www.europesays.com\/fr\/wp-json\/wp\/v2\/media\/100882"}],"wp:attachment":[{"href":"https:\/\/www.europesays.com\/fr\/wp-json\/wp\/v2\/media?parent=100881"}],"wp:term":[{"taxonomy":"category","embeddable":true,"href":"https:\/\/www.europesays.com\/fr\/wp-json\/wp\/v2\/categories?post=100881"},{"taxonomy":"post_tag","embeddable":true,"href":"https:\/\/www.europesays.com\/fr\/wp-json\/wp\/v2\/tags?post=100881"}],"curies":[{"name":"wp","href":"https:\/\/api.w.org\/{rel}","templated":true}]}}